{"id":79,"date":"2013-04-17T07:34:29","date_gmt":"2013-04-17T05:34:29","guid":{"rendered":"http:\/\/cpsanjuandelacadena.educacion.navarra.es\/web\/2013\/04\/17\/tranqui\/"},"modified":"2013-04-17T07:34:29","modified_gmt":"2013-04-17T05:34:29","slug":"tranqui","status":"publish","type":"post","link":"https:\/\/cpsanjuandelacadena.educacion.navarra.es\/web\/blog\/2013\/04\/17\/tranqui\/","title":{"rendered":"Kamishibai contra la obesidad infantil"},"content":{"rendered":"<p>\u00a0<\/p>\n<h2>Kamishibai en la jornada \u00abPrevenci\u00f3n de la obesidad infantil, una garant\u00eda de salud\u00bb.<\/h2>\n<p>El d\u00eda 17 de abril tendr\u00e1 lugar la jornada \u201cPrevenci\u00f3n de la obesidad infantil, una garant\u00eda de salud\u201d, en el Centro de Estudios, Investigaci\u00f3n y Medicina del Deporte (CEIMD) sito en el Estadio Larrabide, C\/ Sang\u00fcesa, de Pamplona.<\/p>\n<p>Cerca de uno de cada tres espa\u00f1oles de 2 a 17 a\u00f1os tienen sobrepeso u obesidad debido al excesivo consumo de alimentos cal\u00f3ricos y al menor gasto energ\u00e9tico. Diferentes estudios demuestran que un exceso de peso graso a los 4-7 a\u00f1os est\u00e1 estrechamente relacionado con la obesidad del adulto y con mayores cifras de diabetes, de enfermedad cardio-vascular y de gasto sanitario. El sobrepeso y la obesidad se asocian con un aumento del 36 y 77%, respectivamente, del gasto m\u00e9dico.<\/p>\n<p>En 2006 el INDJ en colaboraci\u00f3n con los Departamentos de Salud y Educaci\u00f3n, pone en marcha la Campa\u00f1a \u201cJuega, Come y Divi\u00e9rtete con Tranqui\u201d, con dos objetivos: realizar una intervenci\u00f3n que implicara a padres, profesorado y a los propios ni\u00f1os, potenciando la prevenci\u00f3n de la obesidad, y reducir los factores de riesgo en la ni\u00f1ez, edades en las que, por ejemplo, est\u00e1 demostrado que comienza a desarrollarse la enfermedad coronaria.<\/p>\n<p>En esta jornada se expondr\u00e1n diferentes aspectos sobre el desarrollo de esta campa\u00f1a, as\u00ed como los resultados obtenidos en los grupos participantes tras los 6 a\u00f1os de educaci\u00f3n primaria que dur\u00f3 la intervenci\u00f3n. Posteriormente, se dar\u00e1 a conocer uno de los recursos did\u00e1cticos m\u00e1s\u00a0<span style=\"line-height: 1.3em;\">efectivos para la asimilaci\u00f3n de contenidos utilizados en esta campa\u00f1a: El Kamishibai.<\/span><\/p>\n<p>PROGRAMA<\/p>\n<p>18:00 h. Ponencia: \u201cLa campa\u00f1a de la obesidad infantil en Navarra (Juega, come y divi\u00e9rtete con Tranqui)\u201d.<\/p>\n<p>Ponente: D. Javier Ib\u00e1\u00f1ez Santos. Dr. en Medicina y Cirug\u00eda. Especialista en Nutrici\u00f3n deportiva. Responsable de Investigaci\u00f3n en el Centro de Estudios, Investigaci\u00f3n y Medicina del Deporte.<\/p>\n<p>19:00 h. Ponencia: \u201cKamishibai: Un recurso did\u00e1ctico para la lucha contra la obesidad infantil\u201d. Representaci\u00f3n a cargo del grupo colaborador del Colegio P\u00fablico San Juan de la Cadena (Pamplona).<\/p>\n<p>Ponentes: D\u00f1a. Carmen Aldama Jim\u00e9nez y D\u00f1a. Carmen Varea Pi\u00f1eiros.<\/p>\n<p>Responsables del taller de Kamishibai del Colegio P\u00fablico San Juan de la Cadena.<\/p>\n<p>\u00a0<\/p>\n","protected":false},"excerpt":{"rendered":"<p>\u00a0 Kamishibai en la jornada \u00abPrevenci\u00f3n de la obesidad infantil, una garant\u00eda de salud\u00bb. El d\u00eda 17 de abril tendr\u00e1 lugar la jornada \u201cPrevenci\u00f3n de la obesidad infantil, una garant\u00eda de salud\u201d, en el Centro de Estudios, Investigaci\u00f3n y Medicina del Deporte (CEIMD) sito en el Estadio Larrabide, C\/ Sang\u00fcesa, de Pamplona. Cerca de uno [&hellip;]<\/p>\n","protected":false},"author":1,"featured_media":0,"comment_status":"open","ping_status":"open","sticky":false,"template":"","format":"standard","meta":{"_genesis_hide_title":false,"_genesis_hide_breadcrumbs":false,"_genesis_hide_singular_image":false,"_genesis_hide_footer_widgets":false,"_genesis_custom_body_class":"","_genesis_custom_post_class":"","_genesis_layout":""},"categories":[1],"tags":[],"yoast_head":"<!-- This site is optimized with the Yoast SEO plugin v19.13 - https:\/\/yoast.com\/wordpress\/plugins\/seo\/ -->\n<title>Kamishibai contra la obesidad infantil - CP San Juan de la Cadena - Pamplona<\/title>\n<meta name=\"robots\" content=\"index, follow, max-snippet:-1, max-image-preview:large, max-video-preview:-1\" \/>\n<link rel=\"canonical\" href=\"https:\/\/cpsanjuandelacadena.educacion.navarra.es\/web\/blog\/2013\/04\/17\/tranqui\/\" \/>\n<meta property=\"og:locale\" content=\"es_ES\" \/>\n<meta property=\"og:type\" content=\"article\" \/>\n<meta property=\"og:title\" content=\"Kamishibai contra la obesidad infantil - CP San Juan de la Cadena - Pamplona\" \/>\n<meta property=\"og:description\" content=\"\u00a0 Kamishibai en la jornada \u00abPrevenci\u00f3n de la obesidad infantil, una garant\u00eda de salud\u00bb. El d\u00eda 17 de abril tendr\u00e1 lugar la jornada \u201cPrevenci\u00f3n de la obesidad infantil, una garant\u00eda de salud\u201d, en el Centro de Estudios, Investigaci\u00f3n y Medicina del Deporte (CEIMD) sito en el Estadio Larrabide, C\/ Sang\u00fcesa, de Pamplona. Cerca de uno [&hellip;]\" \/>\n<meta property=\"og:url\" content=\"https:\/\/cpsanjuandelacadena.educacion.navarra.es\/web\/blog\/2013\/04\/17\/tranqui\/\" \/>\n<meta property=\"og:site_name\" content=\"CP San Juan de la Cadena - Pamplona\" \/>\n<meta property=\"article:published_time\" content=\"2013-04-17T05:34:29+00:00\" \/>\n<meta name=\"author\" content=\"Administrador\" \/>\n<meta name=\"twitter:card\" content=\"summary_large_image\" \/>\n<meta name=\"twitter:label1\" content=\"Escrito por\" \/>\n\t<meta name=\"twitter:data1\" content=\"Administrador\" \/>\n\t<meta name=\"twitter:label2\" content=\"Tiempo de lectura\" \/>\n\t<meta name=\"twitter:data2\" content=\"2 minutos\" \/>\n<script type=\"application\/ld+json\" class=\"yoast-schema-graph\">{\"@context\":\"https:\/\/schema.org\",\"@graph\":[{\"@type\":\"WebPage\",\"@id\":\"https:\/\/cpsanjuandelacadena.educacion.navarra.es\/web\/blog\/2013\/04\/17\/tranqui\/\",\"url\":\"https:\/\/cpsanjuandelacadena.educacion.navarra.es\/web\/blog\/2013\/04\/17\/tranqui\/\",\"name\":\"Kamishibai contra la obesidad infantil - CP San Juan de la Cadena - Pamplona\",\"isPartOf\":{\"@id\":\"https:\/\/cpsanjuandelacadena.educacion.navarra.es\/web\/#website\"},\"datePublished\":\"2013-04-17T05:34:29+00:00\",\"dateModified\":\"2013-04-17T05:34:29+00:00\",\"author\":{\"@id\":\"https:\/\/cpsanjuandelacadena.educacion.navarra.es\/web\/#\/schema\/person\/f9f8661ac8798b8eaf1883f26d172893\"},\"breadcrumb\":{\"@id\":\"https:\/\/cpsanjuandelacadena.educacion.navarra.es\/web\/blog\/2013\/04\/17\/tranqui\/#breadcrumb\"},\"inLanguage\":\"es\",\"potentialAction\":[{\"@type\":\"ReadAction\",\"target\":[\"https:\/\/cpsanjuandelacadena.educacion.navarra.es\/web\/blog\/2013\/04\/17\/tranqui\/\"]}]},{\"@type\":\"BreadcrumbList\",\"@id\":\"https:\/\/cpsanjuandelacadena.educacion.navarra.es\/web\/blog\/2013\/04\/17\/tranqui\/#breadcrumb\",\"itemListElement\":[{\"@type\":\"ListItem\",\"position\":1,\"name\":\"Home\",\"item\":\"https:\/\/cpsanjuandelacadena.educacion.navarra.es\/web\/\"},{\"@type\":\"ListItem\",\"position\":2,\"name\":\"Kamishibai contra la obesidad infantil\"}]},{\"@type\":\"WebSite\",\"@id\":\"https:\/\/cpsanjuandelacadena.educacion.navarra.es\/web\/#website\",\"url\":\"https:\/\/cpsanjuandelacadena.educacion.navarra.es\/web\/\",\"name\":\"CP San Juan de la Cadena - Pamplona\",\"description\":\"Sitio web del CP San Juan de la Cadena\",\"potentialAction\":[{\"@type\":\"SearchAction\",\"target\":{\"@type\":\"EntryPoint\",\"urlTemplate\":\"https:\/\/cpsanjuandelacadena.educacion.navarra.es\/web\/?s={search_term_string}\"},\"query-input\":\"required name=search_term_string\"}],\"inLanguage\":\"es\"},{\"@type\":\"Person\",\"@id\":\"https:\/\/cpsanjuandelacadena.educacion.navarra.es\/web\/#\/schema\/person\/f9f8661ac8798b8eaf1883f26d172893\",\"name\":\"Administrador\",\"url\":\"https:\/\/cpsanjuandelacadena.educacion.navarra.es\/web\/blog\/author\/adminsanjuanwp\/\"}]}<\/script>\n<!-- \/ Yoast SEO plugin. -->","yoast_head_json":{"title":"Kamishibai contra la obesidad infantil - CP San Juan de la Cadena - Pamplona","robots":{"index":"index","follow":"follow","max-snippet":"max-snippet:-1","max-image-preview":"max-image-preview:large","max-video-preview":"max-video-preview:-1"},"canonical":"https:\/\/cpsanjuandelacadena.educacion.navarra.es\/web\/blog\/2013\/04\/17\/tranqui\/","og_locale":"es_ES","og_type":"article","og_title":"Kamishibai contra la obesidad infantil - CP San Juan de la Cadena - Pamplona","og_description":"\u00a0 Kamishibai en la jornada \u00abPrevenci\u00f3n de la obesidad infantil, una garant\u00eda de salud\u00bb. El d\u00eda 17 de abril tendr\u00e1 lugar la jornada \u201cPrevenci\u00f3n de la obesidad infantil, una garant\u00eda de salud\u201d, en el Centro de Estudios, Investigaci\u00f3n y Medicina del Deporte (CEIMD) sito en el Estadio Larrabide, C\/ Sang\u00fcesa, de Pamplona. Cerca de uno [&hellip;]","og_url":"https:\/\/cpsanjuandelacadena.educacion.navarra.es\/web\/blog\/2013\/04\/17\/tranqui\/","og_site_name":"CP San Juan de la Cadena - Pamplona","article_published_time":"2013-04-17T05:34:29+00:00","author":"Administrador","twitter_card":"summary_large_image","twitter_misc":{"Escrito por":"Administrador","Tiempo de lectura":"2 minutos"},"schema":{"@context":"https:\/\/schema.org","@graph":[{"@type":"WebPage","@id":"https:\/\/cpsanjuandelacadena.educacion.navarra.es\/web\/blog\/2013\/04\/17\/tranqui\/","url":"https:\/\/cpsanjuandelacadena.educacion.navarra.es\/web\/blog\/2013\/04\/17\/tranqui\/","name":"Kamishibai contra la obesidad infantil - CP San Juan de la Cadena - Pamplona","isPartOf":{"@id":"https:\/\/cpsanjuandelacadena.educacion.navarra.es\/web\/#website"},"datePublished":"2013-04-17T05:34:29+00:00","dateModified":"2013-04-17T05:34:29+00:00","author":{"@id":"https:\/\/cpsanjuandelacadena.educacion.navarra.es\/web\/#\/schema\/person\/f9f8661ac8798b8eaf1883f26d172893"},"breadcrumb":{"@id":"https:\/\/cpsanjuandelacadena.educacion.navarra.es\/web\/blog\/2013\/04\/17\/tranqui\/#breadcrumb"},"inLanguage":"es","potentialAction":[{"@type":"ReadAction","target":["https:\/\/cpsanjuandelacadena.educacion.navarra.es\/web\/blog\/2013\/04\/17\/tranqui\/"]}]},{"@type":"BreadcrumbList","@id":"https:\/\/cpsanjuandelacadena.educacion.navarra.es\/web\/blog\/2013\/04\/17\/tranqui\/#breadcrumb","itemListElement":[{"@type":"ListItem","position":1,"name":"Home","item":"https:\/\/cpsanjuandelacadena.educacion.navarra.es\/web\/"},{"@type":"ListItem","position":2,"name":"Kamishibai contra la obesidad infantil"}]},{"@type":"WebSite","@id":"https:\/\/cpsanjuandelacadena.educacion.navarra.es\/web\/#website","url":"https:\/\/cpsanjuandelacadena.educacion.navarra.es\/web\/","name":"CP San Juan de la Cadena - Pamplona","description":"Sitio web del CP San Juan de la Cadena","potentialAction":[{"@type":"SearchAction","target":{"@type":"EntryPoint","urlTemplate":"https:\/\/cpsanjuandelacadena.educacion.navarra.es\/web\/?s={search_term_string}"},"query-input":"required name=search_term_string"}],"inLanguage":"es"},{"@type":"Person","@id":"https:\/\/cpsanjuandelacadena.educacion.navarra.es\/web\/#\/schema\/person\/f9f8661ac8798b8eaf1883f26d172893","name":"Administrador","url":"https:\/\/cpsanjuandelacadena.educacion.navarra.es\/web\/blog\/author\/adminsanjuanwp\/"}]}},"_links":{"self":[{"href":"https:\/\/cpsanjuandelacadena.educacion.navarra.es\/web\/wp-json\/wp\/v2\/posts\/79"}],"collection":[{"href":"https:\/\/cpsanjuandelacadena.educacion.navarra.es\/web\/wp-json\/wp\/v2\/posts"}],"about":[{"href":"https:\/\/cpsanjuandelacadena.educacion.navarra.es\/web\/wp-json\/wp\/v2\/types\/post"}],"author":[{"embeddable":true,"href":"https:\/\/cpsanjuandelacadena.educacion.navarra.es\/web\/wp-json\/wp\/v2\/users\/1"}],"replies":[{"embeddable":true,"href":"https:\/\/cpsanjuandelacadena.educacion.navarra.es\/web\/wp-json\/wp\/v2\/comments?post=79"}],"version-history":[{"count":0,"href":"https:\/\/cpsanjuandelacadena.educacion.navarra.es\/web\/wp-json\/wp\/v2\/posts\/79\/revisions"}],"wp:attachment":[{"href":"https:\/\/cpsanjuandelacadena.educacion.navarra.es\/web\/wp-json\/wp\/v2\/media?parent=79"}],"wp:term":[{"taxonomy":"category","embeddable":true,"href":"https:\/\/cpsanjuandelacadena.educacion.navarra.es\/web\/wp-json\/wp\/v2\/categories?post=79"},{"taxonomy":"post_tag","embeddable":true,"href":"https:\/\/cpsanjuandelacadena.educacion.navarra.es\/web\/wp-json\/wp\/v2\/tags?post=79"}],"curies":[{"name":"wp","href":"https:\/\/api.w.org\/{rel}","templated":true}]}}