{"id":772,"date":"2016-01-28T10:38:24","date_gmt":"2016-01-28T09:38:24","guid":{"rendered":"http:\/\/cpsanjuandelacadena.educacion.navarra.es\/web\/?p=772"},"modified":"2016-02-22T09:53:37","modified_gmt":"2016-02-22T08:53:37","slug":"educacion-emocional","status":"publish","type":"post","link":"https:\/\/cpsanjuandelacadena.educacion.navarra.es\/web\/blog\/2016\/01\/28\/educacion-emocional\/","title":{"rendered":"Educaci\u00f3n emocional"},"content":{"rendered":"<p>Sesi\u00f3n ser\u00e1 impartida por\u00a0Asun Fern\u00e1ndez, orientadora del CP San Juan de la Cadena<\/p>\n<p>Se desarrollar\u00e1 el MARTES 2 DE FEBRERO de 15:15 a 16:45 en el Edificio de PRIMARIA.<\/p>\n<p>La inteligencia emocional es la capacidad de una persona para manejar una serie de habilidades y actitudes.Gestionar nuestras emociones implica conocer las propias emociones, la autoestima, el autocontrol, la empat\u00eda, la resoluci\u00f3n de conflictos, habilidades sociales\u2026<br \/>\nEducar en las emociones contribuye al desarrollo integral de las personas.Se trata de ofrecer recursos para lograr una vida equilibrada. Resulta fundamental para la consecuci\u00f3n del fin \u00faltimo al cual todas las personas aspiramos: la felicidad.<br \/>\nEn esta charla os facilitamos algunas claves para iniciar a nuestros hijos en este camino.<\/p>\n<p><a href=\"http:\/\/cpsanjuandelacadena.educacion.navarra.es\/web\/wp-content\/uploads\/2016\/01\/la_inteligencia_emocional.pdf\" target=\"_blank\" rel=\"\">Material utilizado en la exposici\u00f3n<\/a><\/p>\n<p><strong>Conclusiones<\/strong>:<\/p>\n<p>La sesi\u00f3n se inici\u00f3 con una introducci\u00f3n te\u00f3rica sobre el tema por parte de la ponente, Asun Fern\u00e1ndez, orientadora del centro.<\/p>\n<p>Tras la misma, se propuso a los padres y madres una actividad por parejas. La actividad consist\u00eda en identificar, respecto a sus hijos, 2 habilidades emocionales que consideraban que sus hijos pose\u00edan y otras 2 habilidades emocionales de las que por el contrario consideraban que sus hijos carec\u00edan.<\/p>\n<p>A continuaci\u00f3n, se recoge la recopilaci\u00f3n de las aportaciones de las familias.<\/p>\n<p><strong>Habilidades emocionales que poseen:<\/strong><\/p>\n<ul>\n<li>Saben lo que sienten y saben expresarlo. Se \u201cconocen\u201d bien.<\/li>\n<li>Les gusta ayudar a los dem\u00e1s.<\/li>\n<li>Muy educado\/a.<\/li>\n<li>Tiene empat\u00eda, les gusta ayudar a otras personas (amigos, compa\u00f1eros de clase\u2026)<\/li>\n<li>Tiene serenidad.<\/li>\n<li>Tiene paciencia y es colaborador.<\/li>\n<li>Le gusta compartir y participar. Muestra empat\u00eda.<\/li>\n<li>Es capaz de automotivarse.<\/li>\n<li>Responsable, sociable y perseverante en sus objetivos.<\/li>\n<li>Se siente bien en el papel de mediaci\u00f3n.<\/li>\n<li>Valora el esfuerzo y perservera.<\/li>\n<li>Buena capacidad de adaptaci\u00f3n a las distintas circunstancias.<\/li>\n<li>Compasi\u00f3n por el que tiene menos.<\/li>\n<li>Cari\u00f1oso\/a.<\/li>\n<li>Buen compa\u00f1ero\/a.<\/li>\n<li>Solidaridad con los dem\u00e1s.<\/li>\n<li>Es capaz de controlar los tiempos y formas de actuar en la vida.<\/li>\n<li>Es capaz de preocuparse por los dem\u00e1s, amigos, animales\u2026<\/li>\n<li>Disfruta rodeado de otras personas, interaccionando con ellas y siendo parte de un grupo.<\/li>\n<li>Tolera la frustraci\u00f3n.<\/li>\n<\/ul>\n<p><strong>Habilidades emocionales que NO poseen:<\/strong><\/p>\n<ul>\n<li>Falta de confianza en s\u00ed mismo\/a, sobre todo en comparaci\u00f3n con los dem\u00e1s. Inseguridad.<\/li>\n<li>Poca tolerancia a la frustraci\u00f3n tanto frente a sus propios fallos como por no alcanzar las metas. Frustraci\u00f3n en ocasiones por falta de inmediatez, no conseguir las cosas que desea inmediatamente.<\/li>\n<li>Mala gesti\u00f3n del tiempo.<\/li>\n<li>Poca capacidad de sacrificio. Poco esfuerzo, se conforma con lo que consigue sin esfuerzo, no va m\u00e1s all\u00e1.<\/li>\n<li>Falta de entusiasmo y alegr\u00eda.<\/li>\n<li>Tolera con dificultad la incertidumbre (planes, sorpresas\u2026)<\/li>\n<li>No muestra lo que realmente siente por complacer a los dem\u00e1s.<\/li>\n<li>No sabe hablar de sus emociones, prefiere el silencio. No da sus opiniones.<\/li>\n<li>Tristeza por falta de aceptaci\u00f3n.<\/li>\n<li>Falta de autoestima.<\/li>\n<li>Falta de responsabilidad.<\/li>\n<li>Falta de generosidad con las necesidades ajenas en especial en caso de conflicto.<\/li>\n<li>No es asertivo\/a.<\/li>\n<\/ul>\n","protected":false},"excerpt":{"rendered":"<p>Sesi\u00f3n ser\u00e1 impartida por\u00a0Asun Fern\u00e1ndez, orientadora del CP San Juan de la Cadena Se desarrollar\u00e1 el MARTES 2 DE FEBRERO de 15:15 a 16:45 en el Edificio de PRIMARIA. La inteligencia emocional es la capacidad de una persona para manejar una serie de habilidades y actitudes.Gestionar nuestras emociones implica conocer las propias emociones, la autoestima, [&hellip;]<\/p>\n","protected":false},"author":1,"featured_media":0,"comment_status":"closed","ping_status":"open","sticky":false,"template":"","format":"standard","meta":{"_genesis_hide_title":false,"_genesis_hide_breadcrumbs":false,"_genesis_hide_singular_image":false,"_genesis_hide_footer_widgets":false,"_genesis_custom_body_class":"","_genesis_custom_post_class":"","_genesis_layout":""},"categories":[7],"tags":[],"yoast_head":"<!-- This site is optimized with the Yoast SEO plugin v19.13 - https:\/\/yoast.com\/wordpress\/plugins\/seo\/ -->\n<title>Educaci\u00f3n emocional - CP San Juan de la Cadena - Pamplona<\/title>\n<meta name=\"robots\" content=\"index, follow, max-snippet:-1, max-image-preview:large, max-video-preview:-1\" \/>\n<link rel=\"canonical\" href=\"https:\/\/cpsanjuandelacadena.educacion.navarra.es\/web\/blog\/2016\/01\/28\/educacion-emocional\/\" \/>\n<meta property=\"og:locale\" content=\"es_ES\" \/>\n<meta property=\"og:type\" content=\"article\" \/>\n<meta property=\"og:title\" content=\"Educaci\u00f3n emocional - CP San Juan de la Cadena - Pamplona\" \/>\n<meta property=\"og:description\" content=\"Sesi\u00f3n ser\u00e1 impartida por\u00a0Asun Fern\u00e1ndez, orientadora del CP San Juan de la Cadena Se desarrollar\u00e1 el MARTES 2 DE FEBRERO de 15:15 a 16:45 en el Edificio de PRIMARIA. La inteligencia emocional es la capacidad de una persona para manejar una serie de habilidades y actitudes.Gestionar nuestras emociones implica conocer las propias emociones, la autoestima, [&hellip;]\" \/>\n<meta property=\"og:url\" content=\"https:\/\/cpsanjuandelacadena.educacion.navarra.es\/web\/blog\/2016\/01\/28\/educacion-emocional\/\" \/>\n<meta property=\"og:site_name\" content=\"CP San Juan de la Cadena - Pamplona\" \/>\n<meta property=\"article:published_time\" content=\"2016-01-28T09:38:24+00:00\" \/>\n<meta property=\"article:modified_time\" content=\"2016-02-22T08:53:37+00:00\" \/>\n<meta name=\"author\" content=\"Administrador\" \/>\n<meta name=\"twitter:card\" content=\"summary_large_image\" \/>\n<meta name=\"twitter:label1\" content=\"Escrito por\" \/>\n\t<meta name=\"twitter:data1\" content=\"Administrador\" \/>\n\t<meta name=\"twitter:label2\" content=\"Tiempo de lectura\" \/>\n\t<meta name=\"twitter:data2\" content=\"3 minutos\" \/>\n<script type=\"application\/ld+json\" class=\"yoast-schema-graph\">{\"@context\":\"https:\/\/schema.org\",\"@graph\":[{\"@type\":\"WebPage\",\"@id\":\"https:\/\/cpsanjuandelacadena.educacion.navarra.es\/web\/blog\/2016\/01\/28\/educacion-emocional\/\",\"url\":\"https:\/\/cpsanjuandelacadena.educacion.navarra.es\/web\/blog\/2016\/01\/28\/educacion-emocional\/\",\"name\":\"Educaci\u00f3n emocional - CP San Juan de la Cadena - Pamplona\",\"isPartOf\":{\"@id\":\"https:\/\/cpsanjuandelacadena.educacion.navarra.es\/web\/#website\"},\"datePublished\":\"2016-01-28T09:38:24+00:00\",\"dateModified\":\"2016-02-22T08:53:37+00:00\",\"author\":{\"@id\":\"https:\/\/cpsanjuandelacadena.educacion.navarra.es\/web\/#\/schema\/person\/f9f8661ac8798b8eaf1883f26d172893\"},\"breadcrumb\":{\"@id\":\"https:\/\/cpsanjuandelacadena.educacion.navarra.es\/web\/blog\/2016\/01\/28\/educacion-emocional\/#breadcrumb\"},\"inLanguage\":\"es\",\"potentialAction\":[{\"@type\":\"ReadAction\",\"target\":[\"https:\/\/cpsanjuandelacadena.educacion.navarra.es\/web\/blog\/2016\/01\/28\/educacion-emocional\/\"]}]},{\"@type\":\"BreadcrumbList\",\"@id\":\"https:\/\/cpsanjuandelacadena.educacion.navarra.es\/web\/blog\/2016\/01\/28\/educacion-emocional\/#breadcrumb\",\"itemListElement\":[{\"@type\":\"ListItem\",\"position\":1,\"name\":\"Home\",\"item\":\"https:\/\/cpsanjuandelacadena.educacion.navarra.es\/web\/\"},{\"@type\":\"ListItem\",\"position\":2,\"name\":\"Educaci\u00f3n emocional\"}]},{\"@type\":\"WebSite\",\"@id\":\"https:\/\/cpsanjuandelacadena.educacion.navarra.es\/web\/#website\",\"url\":\"https:\/\/cpsanjuandelacadena.educacion.navarra.es\/web\/\",\"name\":\"CP San Juan de la Cadena - Pamplona\",\"description\":\"Sitio web del CP San Juan de la Cadena\",\"potentialAction\":[{\"@type\":\"SearchAction\",\"target\":{\"@type\":\"EntryPoint\",\"urlTemplate\":\"https:\/\/cpsanjuandelacadena.educacion.navarra.es\/web\/?s={search_term_string}\"},\"query-input\":\"required name=search_term_string\"}],\"inLanguage\":\"es\"},{\"@type\":\"Person\",\"@id\":\"https:\/\/cpsanjuandelacadena.educacion.navarra.es\/web\/#\/schema\/person\/f9f8661ac8798b8eaf1883f26d172893\",\"name\":\"Administrador\",\"url\":\"https:\/\/cpsanjuandelacadena.educacion.navarra.es\/web\/blog\/author\/adminsanjuanwp\/\"}]}<\/script>\n<!-- \/ Yoast SEO plugin. -->","yoast_head_json":{"title":"Educaci\u00f3n emocional - CP San Juan de la Cadena - Pamplona","robots":{"index":"index","follow":"follow","max-snippet":"max-snippet:-1","max-image-preview":"max-image-preview:large","max-video-preview":"max-video-preview:-1"},"canonical":"https:\/\/cpsanjuandelacadena.educacion.navarra.es\/web\/blog\/2016\/01\/28\/educacion-emocional\/","og_locale":"es_ES","og_type":"article","og_title":"Educaci\u00f3n emocional - CP San Juan de la Cadena - Pamplona","og_description":"Sesi\u00f3n ser\u00e1 impartida por\u00a0Asun Fern\u00e1ndez, orientadora del CP San Juan de la Cadena Se desarrollar\u00e1 el MARTES 2 DE FEBRERO de 15:15 a 16:45 en el Edificio de PRIMARIA. La inteligencia emocional es la capacidad de una persona para manejar una serie de habilidades y actitudes.Gestionar nuestras emociones implica conocer las propias emociones, la autoestima, [&hellip;]","og_url":"https:\/\/cpsanjuandelacadena.educacion.navarra.es\/web\/blog\/2016\/01\/28\/educacion-emocional\/","og_site_name":"CP San Juan de la Cadena - Pamplona","article_published_time":"2016-01-28T09:38:24+00:00","article_modified_time":"2016-02-22T08:53:37+00:00","author":"Administrador","twitter_card":"summary_large_image","twitter_misc":{"Escrito por":"Administrador","Tiempo de lectura":"3 minutos"},"schema":{"@context":"https:\/\/schema.org","@graph":[{"@type":"WebPage","@id":"https:\/\/cpsanjuandelacadena.educacion.navarra.es\/web\/blog\/2016\/01\/28\/educacion-emocional\/","url":"https:\/\/cpsanjuandelacadena.educacion.navarra.es\/web\/blog\/2016\/01\/28\/educacion-emocional\/","name":"Educaci\u00f3n emocional - CP San Juan de la Cadena - Pamplona","isPartOf":{"@id":"https:\/\/cpsanjuandelacadena.educacion.navarra.es\/web\/#website"},"datePublished":"2016-01-28T09:38:24+00:00","dateModified":"2016-02-22T08:53:37+00:00","author":{"@id":"https:\/\/cpsanjuandelacadena.educacion.navarra.es\/web\/#\/schema\/person\/f9f8661ac8798b8eaf1883f26d172893"},"breadcrumb":{"@id":"https:\/\/cpsanjuandelacadena.educacion.navarra.es\/web\/blog\/2016\/01\/28\/educacion-emocional\/#breadcrumb"},"inLanguage":"es","potentialAction":[{"@type":"ReadAction","target":["https:\/\/cpsanjuandelacadena.educacion.navarra.es\/web\/blog\/2016\/01\/28\/educacion-emocional\/"]}]},{"@type":"BreadcrumbList","@id":"https:\/\/cpsanjuandelacadena.educacion.navarra.es\/web\/blog\/2016\/01\/28\/educacion-emocional\/#breadcrumb","itemListElement":[{"@type":"ListItem","position":1,"name":"Home","item":"https:\/\/cpsanjuandelacadena.educacion.navarra.es\/web\/"},{"@type":"ListItem","position":2,"name":"Educaci\u00f3n emocional"}]},{"@type":"WebSite","@id":"https:\/\/cpsanjuandelacadena.educacion.navarra.es\/web\/#website","url":"https:\/\/cpsanjuandelacadena.educacion.navarra.es\/web\/","name":"CP San Juan de la Cadena - Pamplona","description":"Sitio web del CP San Juan de la Cadena","potentialAction":[{"@type":"SearchAction","target":{"@type":"EntryPoint","urlTemplate":"https:\/\/cpsanjuandelacadena.educacion.navarra.es\/web\/?s={search_term_string}"},"query-input":"required name=search_term_string"}],"inLanguage":"es"},{"@type":"Person","@id":"https:\/\/cpsanjuandelacadena.educacion.navarra.es\/web\/#\/schema\/person\/f9f8661ac8798b8eaf1883f26d172893","name":"Administrador","url":"https:\/\/cpsanjuandelacadena.educacion.navarra.es\/web\/blog\/author\/adminsanjuanwp\/"}]}},"_links":{"self":[{"href":"https:\/\/cpsanjuandelacadena.educacion.navarra.es\/web\/wp-json\/wp\/v2\/posts\/772"}],"collection":[{"href":"https:\/\/cpsanjuandelacadena.educacion.navarra.es\/web\/wp-json\/wp\/v2\/posts"}],"about":[{"href":"https:\/\/cpsanjuandelacadena.educacion.navarra.es\/web\/wp-json\/wp\/v2\/types\/post"}],"author":[{"embeddable":true,"href":"https:\/\/cpsanjuandelacadena.educacion.navarra.es\/web\/wp-json\/wp\/v2\/users\/1"}],"replies":[{"embeddable":true,"href":"https:\/\/cpsanjuandelacadena.educacion.navarra.es\/web\/wp-json\/wp\/v2\/comments?post=772"}],"version-history":[{"count":0,"href":"https:\/\/cpsanjuandelacadena.educacion.navarra.es\/web\/wp-json\/wp\/v2\/posts\/772\/revisions"}],"wp:attachment":[{"href":"https:\/\/cpsanjuandelacadena.educacion.navarra.es\/web\/wp-json\/wp\/v2\/media?parent=772"}],"wp:term":[{"taxonomy":"category","embeddable":true,"href":"https:\/\/cpsanjuandelacadena.educacion.navarra.es\/web\/wp-json\/wp\/v2\/categories?post=772"},{"taxonomy":"post_tag","embeddable":true,"href":"https:\/\/cpsanjuandelacadena.educacion.navarra.es\/web\/wp-json\/wp\/v2\/tags?post=772"}],"curies":[{"name":"wp","href":"https:\/\/api.w.org\/{rel}","templated":true}]}}