{"id":61,"date":"2013-01-23T10:59:44","date_gmt":"2013-01-23T09:59:44","guid":{"rendered":"http:\/\/cpsanjuandelacadena.educacion.navarra.es\/web\/2013\/01\/23\/sesion-de-arquitectura\/"},"modified":"2015-02-07T21:10:34","modified_gmt":"2015-02-07T20:10:34","slug":"sesion-de-arquitectura","status":"publish","type":"post","link":"https:\/\/cpsanjuandelacadena.educacion.navarra.es\/web\/blog\/2013\/01\/23\/sesion-de-arquitectura\/","title":{"rendered":"Sesi\u00f3n de arquitectura"},"content":{"rendered":"<h2>El alumnado de 2\u00ba curso de educaci\u00f3n primaria tiene una sesi\u00f3n con el arquitecto Manolo Garc\u00eda.<\/h2>\n<p><img loading=\"lazy\" class=\" alignleft size-full wp-image-60\" src=\"http:\/\/cpsanjuandelacadena.educacion.navarra.es\/web\/wp-content\/uploads\/2013\/01\/arquitectura27.jpg\" alt=\"Sesi\u00f3n arquitectura\" width=\"250\" height=\"188\" align=\"left\" border=\"2\" hspace=\"3\" vspace=\"3\" \/><\/p>\n<p>El d\u00eda 21 de enero pasado recibimos la visita de Manolo Garc\u00eda, padre de Nahia (alumna de 2\u00ba curso de primaria) y arquitecto de profesi\u00f3n.<\/p>\n<p>Nos explic\u00f3 la evoluci\u00f3n de las construcciones a trav\u00e9s de la historia y otros detalles referidos al tema \u00abel pueblo y la ciudad\u00bb.<\/p>\n<p>Luego, con todo lo aprendido, nos pusimos manos a la obra para construir juntos un pueblo.<\/p>\n<p>\u00a1Gracias Manolo por tu colaboraci\u00f3n desinteresada!<\/p>\n","protected":false},"excerpt":{"rendered":"<p>El alumnado de 2\u00ba curso de educaci\u00f3n primaria tiene una sesi\u00f3n con el arquitecto Manolo Garc\u00eda. El d\u00eda 21 de enero pasado recibimos la visita de Manolo Garc\u00eda, padre de Nahia (alumna de 2\u00ba curso de primaria) y arquitecto de profesi\u00f3n. Nos explic\u00f3 la evoluci\u00f3n de las construcciones a trav\u00e9s de la historia y otros [&hellip;]<\/p>\n","protected":false},"author":1,"featured_media":60,"comment_status":"open","ping_status":"open","sticky":false,"template":"","format":"standard","meta":{"_genesis_hide_title":false,"_genesis_hide_breadcrumbs":false,"_genesis_hide_singular_image":false,"_genesis_hide_footer_widgets":false,"_genesis_custom_body_class":"","_genesis_custom_post_class":"","_genesis_layout":""},"categories":[1],"tags":[],"yoast_head":"<!-- This site is optimized with the Yoast SEO plugin v19.13 - https:\/\/yoast.com\/wordpress\/plugins\/seo\/ -->\n<title>Sesi\u00f3n de arquitectura - CP San Juan de la Cadena - Pamplona<\/title>\n<meta name=\"robots\" content=\"index, follow, max-snippet:-1, max-image-preview:large, max-video-preview:-1\" \/>\n<link rel=\"canonical\" href=\"https:\/\/cpsanjuandelacadena.educacion.navarra.es\/web\/blog\/2013\/01\/23\/sesion-de-arquitectura\/\" \/>\n<meta property=\"og:locale\" content=\"es_ES\" \/>\n<meta property=\"og:type\" content=\"article\" \/>\n<meta property=\"og:title\" content=\"Sesi\u00f3n de arquitectura - CP San Juan de la Cadena - Pamplona\" \/>\n<meta property=\"og:description\" content=\"El alumnado de 2\u00ba curso de educaci\u00f3n primaria tiene una sesi\u00f3n con el arquitecto Manolo Garc\u00eda. El d\u00eda 21 de enero pasado recibimos la visita de Manolo Garc\u00eda, padre de Nahia (alumna de 2\u00ba curso de primaria) y arquitecto de profesi\u00f3n. Nos explic\u00f3 la evoluci\u00f3n de las construcciones a trav\u00e9s de la historia y otros [&hellip;]\" \/>\n<meta property=\"og:url\" content=\"https:\/\/cpsanjuandelacadena.educacion.navarra.es\/web\/blog\/2013\/01\/23\/sesion-de-arquitectura\/\" \/>\n<meta property=\"og:site_name\" content=\"CP San Juan de la Cadena - Pamplona\" \/>\n<meta property=\"article:published_time\" content=\"2013-01-23T09:59:44+00:00\" \/>\n<meta property=\"article:modified_time\" content=\"2015-02-07T20:10:34+00:00\" \/>\n<meta property=\"og:image\" content=\"https:\/\/cpsanjuandelacadena.educacion.navarra.es\/web\/wp-content\/uploads\/2013\/01\/arquitectura27.jpg\" \/>\n\t<meta property=\"og:image:width\" content=\"250\" \/>\n\t<meta property=\"og:image:height\" content=\"188\" \/>\n\t<meta property=\"og:image:type\" content=\"image\/jpeg\" \/>\n<meta name=\"author\" content=\"Administrador\" \/>\n<meta name=\"twitter:card\" content=\"summary_large_image\" \/>\n<meta name=\"twitter:label1\" content=\"Escrito por\" \/>\n\t<meta name=\"twitter:data1\" content=\"Administrador\" \/>\n<script type=\"application\/ld+json\" class=\"yoast-schema-graph\">{\"@context\":\"https:\/\/schema.org\",\"@graph\":[{\"@type\":\"WebPage\",\"@id\":\"https:\/\/cpsanjuandelacadena.educacion.navarra.es\/web\/blog\/2013\/01\/23\/sesion-de-arquitectura\/\",\"url\":\"https:\/\/cpsanjuandelacadena.educacion.navarra.es\/web\/blog\/2013\/01\/23\/sesion-de-arquitectura\/\",\"name\":\"Sesi\u00f3n de arquitectura - CP San Juan de la Cadena - Pamplona\",\"isPartOf\":{\"@id\":\"https:\/\/cpsanjuandelacadena.educacion.navarra.es\/web\/#website\"},\"datePublished\":\"2013-01-23T09:59:44+00:00\",\"dateModified\":\"2015-02-07T20:10:34+00:00\",\"author\":{\"@id\":\"https:\/\/cpsanjuandelacadena.educacion.navarra.es\/web\/#\/schema\/person\/f9f8661ac8798b8eaf1883f26d172893\"},\"breadcrumb\":{\"@id\":\"https:\/\/cpsanjuandelacadena.educacion.navarra.es\/web\/blog\/2013\/01\/23\/sesion-de-arquitectura\/#breadcrumb\"},\"inLanguage\":\"es\",\"potentialAction\":[{\"@type\":\"ReadAction\",\"target\":[\"https:\/\/cpsanjuandelacadena.educacion.navarra.es\/web\/blog\/2013\/01\/23\/sesion-de-arquitectura\/\"]}]},{\"@type\":\"BreadcrumbList\",\"@id\":\"https:\/\/cpsanjuandelacadena.educacion.navarra.es\/web\/blog\/2013\/01\/23\/sesion-de-arquitectura\/#breadcrumb\",\"itemListElement\":[{\"@type\":\"ListItem\",\"position\":1,\"name\":\"Home\",\"item\":\"https:\/\/cpsanjuandelacadena.educacion.navarra.es\/web\/\"},{\"@type\":\"ListItem\",\"position\":2,\"name\":\"Sesi\u00f3n de arquitectura\"}]},{\"@type\":\"WebSite\",\"@id\":\"https:\/\/cpsanjuandelacadena.educacion.navarra.es\/web\/#website\",\"url\":\"https:\/\/cpsanjuandelacadena.educacion.navarra.es\/web\/\",\"name\":\"CP San Juan de la Cadena - Pamplona\",\"description\":\"Sitio web del CP San Juan de la Cadena\",\"potentialAction\":[{\"@type\":\"SearchAction\",\"target\":{\"@type\":\"EntryPoint\",\"urlTemplate\":\"https:\/\/cpsanjuandelacadena.educacion.navarra.es\/web\/?s={search_term_string}\"},\"query-input\":\"required name=search_term_string\"}],\"inLanguage\":\"es\"},{\"@type\":\"Person\",\"@id\":\"https:\/\/cpsanjuandelacadena.educacion.navarra.es\/web\/#\/schema\/person\/f9f8661ac8798b8eaf1883f26d172893\",\"name\":\"Administrador\",\"url\":\"https:\/\/cpsanjuandelacadena.educacion.navarra.es\/web\/blog\/author\/adminsanjuanwp\/\"}]}<\/script>\n<!-- \/ Yoast SEO plugin. -->","yoast_head_json":{"title":"Sesi\u00f3n de arquitectura - CP San Juan de la Cadena - Pamplona","robots":{"index":"index","follow":"follow","max-snippet":"max-snippet:-1","max-image-preview":"max-image-preview:large","max-video-preview":"max-video-preview:-1"},"canonical":"https:\/\/cpsanjuandelacadena.educacion.navarra.es\/web\/blog\/2013\/01\/23\/sesion-de-arquitectura\/","og_locale":"es_ES","og_type":"article","og_title":"Sesi\u00f3n de arquitectura - CP San Juan de la Cadena - Pamplona","og_description":"El alumnado de 2\u00ba curso de educaci\u00f3n primaria tiene una sesi\u00f3n con el arquitecto Manolo Garc\u00eda. El d\u00eda 21 de enero pasado recibimos la visita de Manolo Garc\u00eda, padre de Nahia (alumna de 2\u00ba curso de primaria) y arquitecto de profesi\u00f3n. Nos explic\u00f3 la evoluci\u00f3n de las construcciones a trav\u00e9s de la historia y otros [&hellip;]","og_url":"https:\/\/cpsanjuandelacadena.educacion.navarra.es\/web\/blog\/2013\/01\/23\/sesion-de-arquitectura\/","og_site_name":"CP San Juan de la Cadena - Pamplona","article_published_time":"2013-01-23T09:59:44+00:00","article_modified_time":"2015-02-07T20:10:34+00:00","og_image":[{"width":250,"height":188,"url":"https:\/\/cpsanjuandelacadena.educacion.navarra.es\/web\/wp-content\/uploads\/2013\/01\/arquitectura27.jpg","type":"image\/jpeg"}],"author":"Administrador","twitter_card":"summary_large_image","twitter_misc":{"Escrito por":"Administrador"},"schema":{"@context":"https:\/\/schema.org","@graph":[{"@type":"WebPage","@id":"https:\/\/cpsanjuandelacadena.educacion.navarra.es\/web\/blog\/2013\/01\/23\/sesion-de-arquitectura\/","url":"https:\/\/cpsanjuandelacadena.educacion.navarra.es\/web\/blog\/2013\/01\/23\/sesion-de-arquitectura\/","name":"Sesi\u00f3n de arquitectura - CP San Juan de la Cadena - Pamplona","isPartOf":{"@id":"https:\/\/cpsanjuandelacadena.educacion.navarra.es\/web\/#website"},"datePublished":"2013-01-23T09:59:44+00:00","dateModified":"2015-02-07T20:10:34+00:00","author":{"@id":"https:\/\/cpsanjuandelacadena.educacion.navarra.es\/web\/#\/schema\/person\/f9f8661ac8798b8eaf1883f26d172893"},"breadcrumb":{"@id":"https:\/\/cpsanjuandelacadena.educacion.navarra.es\/web\/blog\/2013\/01\/23\/sesion-de-arquitectura\/#breadcrumb"},"inLanguage":"es","potentialAction":[{"@type":"ReadAction","target":["https:\/\/cpsanjuandelacadena.educacion.navarra.es\/web\/blog\/2013\/01\/23\/sesion-de-arquitectura\/"]}]},{"@type":"BreadcrumbList","@id":"https:\/\/cpsanjuandelacadena.educacion.navarra.es\/web\/blog\/2013\/01\/23\/sesion-de-arquitectura\/#breadcrumb","itemListElement":[{"@type":"ListItem","position":1,"name":"Home","item":"https:\/\/cpsanjuandelacadena.educacion.navarra.es\/web\/"},{"@type":"ListItem","position":2,"name":"Sesi\u00f3n de arquitectura"}]},{"@type":"WebSite","@id":"https:\/\/cpsanjuandelacadena.educacion.navarra.es\/web\/#website","url":"https:\/\/cpsanjuandelacadena.educacion.navarra.es\/web\/","name":"CP San Juan de la Cadena - Pamplona","description":"Sitio web del CP San Juan de la Cadena","potentialAction":[{"@type":"SearchAction","target":{"@type":"EntryPoint","urlTemplate":"https:\/\/cpsanjuandelacadena.educacion.navarra.es\/web\/?s={search_term_string}"},"query-input":"required name=search_term_string"}],"inLanguage":"es"},{"@type":"Person","@id":"https:\/\/cpsanjuandelacadena.educacion.navarra.es\/web\/#\/schema\/person\/f9f8661ac8798b8eaf1883f26d172893","name":"Administrador","url":"https:\/\/cpsanjuandelacadena.educacion.navarra.es\/web\/blog\/author\/adminsanjuanwp\/"}]}},"_links":{"self":[{"href":"https:\/\/cpsanjuandelacadena.educacion.navarra.es\/web\/wp-json\/wp\/v2\/posts\/61"}],"collection":[{"href":"https:\/\/cpsanjuandelacadena.educacion.navarra.es\/web\/wp-json\/wp\/v2\/posts"}],"about":[{"href":"https:\/\/cpsanjuandelacadena.educacion.navarra.es\/web\/wp-json\/wp\/v2\/types\/post"}],"author":[{"embeddable":true,"href":"https:\/\/cpsanjuandelacadena.educacion.navarra.es\/web\/wp-json\/wp\/v2\/users\/1"}],"replies":[{"embeddable":true,"href":"https:\/\/cpsanjuandelacadena.educacion.navarra.es\/web\/wp-json\/wp\/v2\/comments?post=61"}],"version-history":[{"count":0,"href":"https:\/\/cpsanjuandelacadena.educacion.navarra.es\/web\/wp-json\/wp\/v2\/posts\/61\/revisions"}],"wp:featuredmedia":[{"embeddable":true,"href":"https:\/\/cpsanjuandelacadena.educacion.navarra.es\/web\/wp-json\/wp\/v2\/media\/60"}],"wp:attachment":[{"href":"https:\/\/cpsanjuandelacadena.educacion.navarra.es\/web\/wp-json\/wp\/v2\/media?parent=61"}],"wp:term":[{"taxonomy":"category","embeddable":true,"href":"https:\/\/cpsanjuandelacadena.educacion.navarra.es\/web\/wp-json\/wp\/v2\/categories?post=61"},{"taxonomy":"post_tag","embeddable":true,"href":"https:\/\/cpsanjuandelacadena.educacion.navarra.es\/web\/wp-json\/wp\/v2\/tags?post=61"}],"curies":[{"name":"wp","href":"https:\/\/api.w.org\/{rel}","templated":true}]}}