{"id":4060,"date":"2024-06-04T12:36:36","date_gmt":"2024-06-04T10:36:36","guid":{"rendered":"https:\/\/cpsanjuandelacadena.educacion.navarra.es\/web\/?p=4060"},"modified":"2024-06-04T12:44:13","modified_gmt":"2024-06-04T10:44:13","slug":"entrega-recaudacion-2","status":"publish","type":"post","link":"https:\/\/cpsanjuandelacadena.educacion.navarra.es\/web\/blog\/2024\/06\/04\/entrega-recaudacion-2\/","title":{"rendered":"Entrega recaudaci\u00f3n"},"content":{"rendered":"\n<figure class=\"wp-block-image size-large\"><a href=\"https:\/\/cpsanjuandelacadena.educacion.navarra.es\/web\/wp-content\/uploads\/2024\/06\/Recaudacion-scaled.jpg\"><img loading=\"lazy\" width=\"1024\" height=\"473\" src=\"https:\/\/cpsanjuandelacadena.educacion.navarra.es\/web\/wp-content\/uploads\/2024\/06\/Recaudacion-1024x473.jpg\" alt=\"\" class=\"wp-image-4063\" srcset=\"https:\/\/cpsanjuandelacadena.educacion.navarra.es\/web\/wp-content\/uploads\/2024\/06\/Recaudacion-1024x473.jpg 1024w, https:\/\/cpsanjuandelacadena.educacion.navarra.es\/web\/wp-content\/uploads\/2024\/06\/Recaudacion-300x139.jpg 300w, https:\/\/cpsanjuandelacadena.educacion.navarra.es\/web\/wp-content\/uploads\/2024\/06\/Recaudacion-768x355.jpg 768w, https:\/\/cpsanjuandelacadena.educacion.navarra.es\/web\/wp-content\/uploads\/2024\/06\/Recaudacion-1536x710.jpg 1536w, https:\/\/cpsanjuandelacadena.educacion.navarra.es\/web\/wp-content\/uploads\/2024\/06\/Recaudacion-2048x946.jpg 2048w\" sizes=\"(max-width: 1024px) 100vw, 1024px\" \/><\/a><\/figure>\n\n\n\n<p>Representantes del alumnado de 5\u00baA y 5\u00baB han hecho entrega de la recaudaci\u00f3n para el proyecto de Cooperaci\u00f3n Internacional que la ONG Felipe Rinaldi est\u00e1 llevando a cabo en Sonsonate (El Salvador), uno de cuyos objetivos fundamentales es posibilitar el derecho al agua.<\/p>\n\n\n\n<p>Esta a\u00f1o el dinero recaudado en el Rastrillo Solidario, celebrado el pasado 27 de mayo, ha sido de 1.600\u20ac.<\/p>\n\n\n\n<p>La directora y la secretaria asistieron al acto de entrega de dicha recaudaci\u00f3n a la representante de la ONG Felipe Rinaldi que acudi\u00f3 al centro para explicar al alumnado el trabajo que se est\u00e1 desempe\u00f1ando en El Salvador.<\/p>\n\n\n\n<p>Desde aqu\u00ed dar las gracias a todos y a todas por vuestra participaci\u00f3n y colaboraci\u00f3n que estamos seguros que ayudar\u00e1 a mejorar las condiciones de esta comunidad.<\/p>\n","protected":false},"excerpt":{"rendered":"<p>Representantes del alumnado de 5\u00baA y 5\u00baB han hecho entrega de la recaudaci\u00f3n para el proyecto de Cooperaci\u00f3n Internacional que la ONG Felipe Rinaldi est\u00e1 llevando a cabo en Sonsonate (El Salvador), uno de cuyos objetivos fundamentales es posibilitar el derecho al agua. Esta a\u00f1o el dinero recaudado en el Rastrillo Solidario, celebrado el pasado [&hellip;]<\/p>\n","protected":false},"author":1,"featured_media":0,"comment_status":"closed","ping_status":"open","sticky":false,"template":"","format":"standard","meta":{"_genesis_hide_title":false,"_genesis_hide_breadcrumbs":false,"_genesis_hide_singular_image":false,"_genesis_hide_footer_widgets":false,"_genesis_custom_body_class":"","_genesis_custom_post_class":"","_genesis_layout":""},"categories":[1],"tags":[],"yoast_head":"<!-- This site is optimized with the Yoast SEO plugin v19.13 - https:\/\/yoast.com\/wordpress\/plugins\/seo\/ -->\n<title>Entrega recaudaci\u00f3n - CP San Juan de la Cadena - Pamplona<\/title>\n<meta name=\"robots\" content=\"index, follow, max-snippet:-1, max-image-preview:large, max-video-preview:-1\" \/>\n<link rel=\"canonical\" href=\"https:\/\/cpsanjuandelacadena.educacion.navarra.es\/web\/blog\/2024\/06\/04\/entrega-recaudacion-2\/\" \/>\n<meta property=\"og:locale\" content=\"es_ES\" \/>\n<meta property=\"og:type\" content=\"article\" \/>\n<meta property=\"og:title\" content=\"Entrega recaudaci\u00f3n - CP San Juan de la Cadena - Pamplona\" \/>\n<meta property=\"og:description\" content=\"Representantes del alumnado de 5\u00baA y 5\u00baB han hecho entrega de la recaudaci\u00f3n para el proyecto de Cooperaci\u00f3n Internacional que la ONG Felipe Rinaldi est\u00e1 llevando a cabo en Sonsonate (El Salvador), uno de cuyos objetivos fundamentales es posibilitar el derecho al agua. Esta a\u00f1o el dinero recaudado en el Rastrillo Solidario, celebrado el pasado [&hellip;]\" \/>\n<meta property=\"og:url\" content=\"https:\/\/cpsanjuandelacadena.educacion.navarra.es\/web\/blog\/2024\/06\/04\/entrega-recaudacion-2\/\" \/>\n<meta property=\"og:site_name\" content=\"CP San Juan de la Cadena - Pamplona\" \/>\n<meta property=\"article:published_time\" content=\"2024-06-04T10:36:36+00:00\" \/>\n<meta property=\"article:modified_time\" content=\"2024-06-04T10:44:13+00:00\" \/>\n<meta property=\"og:image\" content=\"https:\/\/cpsanjuandelacadena.educacion.navarra.es\/web\/wp-content\/uploads\/2024\/06\/Recaudacion-1024x473.jpg\" \/>\n<meta name=\"author\" content=\"Administrador\" \/>\n<meta name=\"twitter:card\" content=\"summary_large_image\" \/>\n<meta name=\"twitter:label1\" content=\"Escrito por\" \/>\n\t<meta name=\"twitter:data1\" content=\"Administrador\" \/>\n\t<meta name=\"twitter:label2\" content=\"Tiempo de lectura\" \/>\n\t<meta name=\"twitter:data2\" content=\"1 minuto\" \/>\n<script type=\"application\/ld+json\" class=\"yoast-schema-graph\">{\"@context\":\"https:\/\/schema.org\",\"@graph\":[{\"@type\":\"WebPage\",\"@id\":\"https:\/\/cpsanjuandelacadena.educacion.navarra.es\/web\/blog\/2024\/06\/04\/entrega-recaudacion-2\/\",\"url\":\"https:\/\/cpsanjuandelacadena.educacion.navarra.es\/web\/blog\/2024\/06\/04\/entrega-recaudacion-2\/\",\"name\":\"Entrega recaudaci\u00f3n - CP San Juan de la Cadena - Pamplona\",\"isPartOf\":{\"@id\":\"https:\/\/cpsanjuandelacadena.educacion.navarra.es\/web\/#website\"},\"datePublished\":\"2024-06-04T10:36:36+00:00\",\"dateModified\":\"2024-06-04T10:44:13+00:00\",\"author\":{\"@id\":\"https:\/\/cpsanjuandelacadena.educacion.navarra.es\/web\/#\/schema\/person\/f9f8661ac8798b8eaf1883f26d172893\"},\"breadcrumb\":{\"@id\":\"https:\/\/cpsanjuandelacadena.educacion.navarra.es\/web\/blog\/2024\/06\/04\/entrega-recaudacion-2\/#breadcrumb\"},\"inLanguage\":\"es\",\"potentialAction\":[{\"@type\":\"ReadAction\",\"target\":[\"https:\/\/cpsanjuandelacadena.educacion.navarra.es\/web\/blog\/2024\/06\/04\/entrega-recaudacion-2\/\"]}]},{\"@type\":\"BreadcrumbList\",\"@id\":\"https:\/\/cpsanjuandelacadena.educacion.navarra.es\/web\/blog\/2024\/06\/04\/entrega-recaudacion-2\/#breadcrumb\",\"itemListElement\":[{\"@type\":\"ListItem\",\"position\":1,\"name\":\"Home\",\"item\":\"https:\/\/cpsanjuandelacadena.educacion.navarra.es\/web\/\"},{\"@type\":\"ListItem\",\"position\":2,\"name\":\"Entrega recaudaci\u00f3n\"}]},{\"@type\":\"WebSite\",\"@id\":\"https:\/\/cpsanjuandelacadena.educacion.navarra.es\/web\/#website\",\"url\":\"https:\/\/cpsanjuandelacadena.educacion.navarra.es\/web\/\",\"name\":\"CP San Juan de la Cadena - Pamplona\",\"description\":\"Sitio web del CP San Juan de la Cadena\",\"potentialAction\":[{\"@type\":\"SearchAction\",\"target\":{\"@type\":\"EntryPoint\",\"urlTemplate\":\"https:\/\/cpsanjuandelacadena.educacion.navarra.es\/web\/?s={search_term_string}\"},\"query-input\":\"required name=search_term_string\"}],\"inLanguage\":\"es\"},{\"@type\":\"Person\",\"@id\":\"https:\/\/cpsanjuandelacadena.educacion.navarra.es\/web\/#\/schema\/person\/f9f8661ac8798b8eaf1883f26d172893\",\"name\":\"Administrador\",\"url\":\"https:\/\/cpsanjuandelacadena.educacion.navarra.es\/web\/blog\/author\/adminsanjuanwp\/\"}]}<\/script>\n<!-- \/ Yoast SEO plugin. -->","yoast_head_json":{"title":"Entrega recaudaci\u00f3n - CP San Juan de la Cadena - Pamplona","robots":{"index":"index","follow":"follow","max-snippet":"max-snippet:-1","max-image-preview":"max-image-preview:large","max-video-preview":"max-video-preview:-1"},"canonical":"https:\/\/cpsanjuandelacadena.educacion.navarra.es\/web\/blog\/2024\/06\/04\/entrega-recaudacion-2\/","og_locale":"es_ES","og_type":"article","og_title":"Entrega recaudaci\u00f3n - CP San Juan de la Cadena - Pamplona","og_description":"Representantes del alumnado de 5\u00baA y 5\u00baB han hecho entrega de la recaudaci\u00f3n para el proyecto de Cooperaci\u00f3n Internacional que la ONG Felipe Rinaldi est\u00e1 llevando a cabo en Sonsonate (El Salvador), uno de cuyos objetivos fundamentales es posibilitar el derecho al agua. Esta a\u00f1o el dinero recaudado en el Rastrillo Solidario, celebrado el pasado [&hellip;]","og_url":"https:\/\/cpsanjuandelacadena.educacion.navarra.es\/web\/blog\/2024\/06\/04\/entrega-recaudacion-2\/","og_site_name":"CP San Juan de la Cadena - Pamplona","article_published_time":"2024-06-04T10:36:36+00:00","article_modified_time":"2024-06-04T10:44:13+00:00","og_image":[{"url":"https:\/\/cpsanjuandelacadena.educacion.navarra.es\/web\/wp-content\/uploads\/2024\/06\/Recaudacion-1024x473.jpg"}],"author":"Administrador","twitter_card":"summary_large_image","twitter_misc":{"Escrito por":"Administrador","Tiempo de lectura":"1 minuto"},"schema":{"@context":"https:\/\/schema.org","@graph":[{"@type":"WebPage","@id":"https:\/\/cpsanjuandelacadena.educacion.navarra.es\/web\/blog\/2024\/06\/04\/entrega-recaudacion-2\/","url":"https:\/\/cpsanjuandelacadena.educacion.navarra.es\/web\/blog\/2024\/06\/04\/entrega-recaudacion-2\/","name":"Entrega recaudaci\u00f3n - CP San Juan de la Cadena - Pamplona","isPartOf":{"@id":"https:\/\/cpsanjuandelacadena.educacion.navarra.es\/web\/#website"},"datePublished":"2024-06-04T10:36:36+00:00","dateModified":"2024-06-04T10:44:13+00:00","author":{"@id":"https:\/\/cpsanjuandelacadena.educacion.navarra.es\/web\/#\/schema\/person\/f9f8661ac8798b8eaf1883f26d172893"},"breadcrumb":{"@id":"https:\/\/cpsanjuandelacadena.educacion.navarra.es\/web\/blog\/2024\/06\/04\/entrega-recaudacion-2\/#breadcrumb"},"inLanguage":"es","potentialAction":[{"@type":"ReadAction","target":["https:\/\/cpsanjuandelacadena.educacion.navarra.es\/web\/blog\/2024\/06\/04\/entrega-recaudacion-2\/"]}]},{"@type":"BreadcrumbList","@id":"https:\/\/cpsanjuandelacadena.educacion.navarra.es\/web\/blog\/2024\/06\/04\/entrega-recaudacion-2\/#breadcrumb","itemListElement":[{"@type":"ListItem","position":1,"name":"Home","item":"https:\/\/cpsanjuandelacadena.educacion.navarra.es\/web\/"},{"@type":"ListItem","position":2,"name":"Entrega recaudaci\u00f3n"}]},{"@type":"WebSite","@id":"https:\/\/cpsanjuandelacadena.educacion.navarra.es\/web\/#website","url":"https:\/\/cpsanjuandelacadena.educacion.navarra.es\/web\/","name":"CP San Juan de la Cadena - Pamplona","description":"Sitio web del CP San Juan de la Cadena","potentialAction":[{"@type":"SearchAction","target":{"@type":"EntryPoint","urlTemplate":"https:\/\/cpsanjuandelacadena.educacion.navarra.es\/web\/?s={search_term_string}"},"query-input":"required name=search_term_string"}],"inLanguage":"es"},{"@type":"Person","@id":"https:\/\/cpsanjuandelacadena.educacion.navarra.es\/web\/#\/schema\/person\/f9f8661ac8798b8eaf1883f26d172893","name":"Administrador","url":"https:\/\/cpsanjuandelacadena.educacion.navarra.es\/web\/blog\/author\/adminsanjuanwp\/"}]}},"_links":{"self":[{"href":"https:\/\/cpsanjuandelacadena.educacion.navarra.es\/web\/wp-json\/wp\/v2\/posts\/4060"}],"collection":[{"href":"https:\/\/cpsanjuandelacadena.educacion.navarra.es\/web\/wp-json\/wp\/v2\/posts"}],"about":[{"href":"https:\/\/cpsanjuandelacadena.educacion.navarra.es\/web\/wp-json\/wp\/v2\/types\/post"}],"author":[{"embeddable":true,"href":"https:\/\/cpsanjuandelacadena.educacion.navarra.es\/web\/wp-json\/wp\/v2\/users\/1"}],"replies":[{"embeddable":true,"href":"https:\/\/cpsanjuandelacadena.educacion.navarra.es\/web\/wp-json\/wp\/v2\/comments?post=4060"}],"version-history":[{"count":0,"href":"https:\/\/cpsanjuandelacadena.educacion.navarra.es\/web\/wp-json\/wp\/v2\/posts\/4060\/revisions"}],"wp:attachment":[{"href":"https:\/\/cpsanjuandelacadena.educacion.navarra.es\/web\/wp-json\/wp\/v2\/media?parent=4060"}],"wp:term":[{"taxonomy":"category","embeddable":true,"href":"https:\/\/cpsanjuandelacadena.educacion.navarra.es\/web\/wp-json\/wp\/v2\/categories?post=4060"},{"taxonomy":"post_tag","embeddable":true,"href":"https:\/\/cpsanjuandelacadena.educacion.navarra.es\/web\/wp-json\/wp\/v2\/tags?post=4060"}],"curies":[{"name":"wp","href":"https:\/\/api.w.org\/{rel}","templated":true}]}}