{"id":3351,"date":"2021-12-13T00:06:16","date_gmt":"2021-12-12T23:06:16","guid":{"rendered":"https:\/\/cpsanjuandelacadena.educacion.navarra.es\/web\/?p=3351"},"modified":"2021-12-13T00:09:43","modified_gmt":"2021-12-12T23:09:43","slug":"sorteo-solidario","status":"publish","type":"post","link":"https:\/\/cpsanjuandelacadena.educacion.navarra.es\/web\/blog\/2021\/12\/13\/sorteo-solidario\/","title":{"rendered":"Sorteo Solidario"},"content":{"rendered":"\n<div class=\"wp-block-image\"><figure class=\"aligncenter size-full\"><a href=\"https:\/\/cpsanjuandelacadena.educacion.navarra.es\/web\/wp-content\/uploads\/2021\/12\/sorteo_web.jpg\"><img loading=\"lazy\" width=\"439\" height=\"619\" src=\"https:\/\/cpsanjuandelacadena.educacion.navarra.es\/web\/wp-content\/uploads\/2021\/12\/sorteo_web.jpg\" alt=\"\" class=\"wp-image-3352\" srcset=\"https:\/\/cpsanjuandelacadena.educacion.navarra.es\/web\/wp-content\/uploads\/2021\/12\/sorteo_web.jpg 439w, https:\/\/cpsanjuandelacadena.educacion.navarra.es\/web\/wp-content\/uploads\/2021\/12\/sorteo_web-213x300.jpg 213w\" sizes=\"(max-width: 439px) 100vw, 439px\" \/><\/a><\/figure><\/div>\n\n\n\n<p class=\"has-text-align-left\">A iniciativa promovida por algunas familias del colegio, con&nbsp;el&nbsp;apoyo y colaboraci\u00f3n de la APYMA, el profesorado y el equipo directivo, se ha puesto en marcha un&nbsp;<strong>proyecto solidario para ayudar al colegio de educaci\u00f3n especial de La&nbsp;Palma<\/strong>.&nbsp;<\/p>\n\n\n\n<p class=\"has-text-align-left\">En las \u00faltimas semanas todos y todas hemos podido seguir a trav\u00e9s de la televisi\u00f3n y redes sociales la evoluci\u00f3n de la erupci\u00f3n del volc\u00e1n de \u00abCumbrevieja\u00bb en la&nbsp;Palma&nbsp;de Gran Canaria, siendo muchas las escenas de da\u00f1os materiales y personas damnificadas por las consecuencias que este volc\u00e1n tendr\u00e1 en sus vidas.<br><strong>Uno de los colectivos de damnificados ha sido la Asociaci\u00f3n de Ni\u00f1os Especiales de la&nbsp;Palma, una asociaci\u00f3n declarada de Utilidad P\u00fablica formada por familias de La&nbsp;Palma&nbsp;que ten\u00edan en com\u00fan hijas e hijos con alg\u00fan tipo de lesi\u00f3n neurol\u00f3gica o de componente gen\u00e9tico que les causaba alguna discapacidad o, incluso, cuadros de pluri-discapacidad.<\/strong>&nbsp;Como consecuencia de la erupci\u00f3n volc\u00e1nica s<strong>u centro de terapia-rehabilitaci\u00f3n se encuentra cerrado y aunque cuentan con la ayuda del Ayuntamiento de El Paso se encuentran en serias dificultades presentes y a futuro para poder mantener su actividad con los ni\u00f1os y ni\u00f1as.<\/strong><\/p>\n\n\n\n<p class=\"has-text-align-left\"><strong><br>La p\u00e1gina web de la asociaci\u00f3n NEP en la que se puede consultar su misi\u00f3n es la siguiente:<\/strong><a href=\"https:\/\/www.asociacionnep.org\/\" target=\"_blank\" rel=\"noreferrer noopener\"> https:\/\/www.asociacionnep.org\/<br><\/a><br>Desde hace varias semanas se est\u00e1 organizando un&nbsp;<strong>sorteo de una Cesta de Navidad con el objetivo de recaudar fondos y realizar una donaci\u00f3n econ\u00f3mica a este centro<\/strong>.&nbsp;Lo vemos como un&nbsp;<strong>acto solidario ante un problema que los ni\u00f1os y ni\u00f1as han vivido a trav\u00e9s de la televisi\u00f3n en las \u00faltimas semanas y que sirva en estas fechas de Navidad de ejemplo educativo, en el que puedan participar activamente&nbsp;los ni\u00f1os y ni\u00f1as de nuestro colegio&nbsp;y aprender valores sociales, de altruismo y solidaridad posible tambi\u00e9n desde la distancia y que reporte alg\u00fan beneficio a esta Asociaci\u00f3n de Ni\u00f1os Especiales de La&nbsp;Palma.&nbsp;<\/strong><br><strong>A partir de hoy lunes, el alumnado de 5\u00ba y 6\u00ba de primaria que se ha ofrecido voluntario, se encargar\u00e1 de vender boletos para el sorteo de la cesta.Cada boleto cuesta 1\u20ac.&nbsp;El n\u00famero premiado ser\u00e1 el que coincida con las tres \u00faltimas cifras del sorteo de la Loter\u00eda de Navidad del d\u00eda 22 de diciembre.<br>Os animamos a participar en esta iniciativa con la compra de boletos al alumnado que os ofrezca.<\/strong><\/p>\n\n\n\n<p><strong>Gracias a todos y a todas por la iniciativa y vuestra colaboraci\u00f3n.<\/strong><br><\/p>\n\n\n\n<div class=\"wp-block-file\"><object class=\"wp-block-file__embed\" data=\"https:\/\/cpsanjuandelacadena.educacion.navarra.es\/web\/wp-content\/uploads\/2021\/12\/DOSSIER-PRESENTACION-NEP-PDF.pdf\" type=\"application\/pdf\" style=\"width:100%;height:600px\" aria-label=\"Incrustado de DOSSIER-PRESENTACION-NEP-PDF.\"><\/object><a href=\"https:\/\/cpsanjuandelacadena.educacion.navarra.es\/web\/wp-content\/uploads\/2021\/12\/DOSSIER-PRESENTACION-NEP-PDF.pdf\">DOSSIER-PRESENTACION-NEP-PDF<\/a><a href=\"https:\/\/cpsanjuandelacadena.educacion.navarra.es\/web\/wp-content\/uploads\/2021\/12\/DOSSIER-PRESENTACION-NEP-PDF.pdf\" class=\"wp-block-file__button\" download>Descarga<\/a><\/div>\n","protected":false},"excerpt":{"rendered":"<p>La comunidad educativa de San Juan de la Cadena organiza un sorteo solidario para ayudar a a la Asociaci\u00f3n de ni\u00f1os y ni\u00f1as especiales de la Palma.<\/p>\n","protected":false},"author":1,"featured_media":3355,"comment_status":"closed","ping_status":"open","sticky":false,"template":"","format":"standard","meta":{"_genesis_hide_title":false,"_genesis_hide_breadcrumbs":false,"_genesis_hide_singular_image":false,"_genesis_hide_footer_widgets":false,"_genesis_custom_body_class":"","_genesis_custom_post_class":"","_genesis_layout":""},"categories":[64,61,1],"tags":[369,231,338,368,12],"yoast_head":"<!-- This site is optimized with the Yoast SEO plugin v19.13 - https:\/\/yoast.com\/wordpress\/plugins\/seo\/ -->\n<title>Sorteo Solidario - CP San Juan de la Cadena - Pamplona<\/title>\n<meta name=\"robots\" content=\"index, follow, max-snippet:-1, max-image-preview:large, max-video-preview:-1\" \/>\n<link rel=\"canonical\" href=\"https:\/\/cpsanjuandelacadena.educacion.navarra.es\/web\/blog\/2021\/12\/13\/sorteo-solidario\/\" \/>\n<meta property=\"og:locale\" content=\"es_ES\" \/>\n<meta property=\"og:type\" content=\"article\" \/>\n<meta property=\"og:title\" content=\"Sorteo Solidario - CP San Juan de la Cadena - Pamplona\" \/>\n<meta property=\"og:description\" content=\"La comunidad educativa de San Juan de la Cadena organiza un sorteo solidario para ayudar a a la Asociaci\u00f3n de ni\u00f1os y ni\u00f1as especiales de la Palma.\" \/>\n<meta property=\"og:url\" content=\"https:\/\/cpsanjuandelacadena.educacion.navarra.es\/web\/blog\/2021\/12\/13\/sorteo-solidario\/\" \/>\n<meta property=\"og:site_name\" content=\"CP San Juan de la Cadena - Pamplona\" \/>\n<meta property=\"article:published_time\" content=\"2021-12-12T23:06:16+00:00\" \/>\n<meta property=\"article:modified_time\" content=\"2021-12-12T23:09:43+00:00\" \/>\n<meta property=\"og:image\" content=\"https:\/\/cpsanjuandelacadena.educacion.navarra.es\/web\/wp-content\/uploads\/2021\/12\/sorteo_web_-1.jpg\" \/>\n\t<meta property=\"og:image:width\" content=\"437\" \/>\n\t<meta property=\"og:image:height\" content=\"279\" \/>\n\t<meta property=\"og:image:type\" content=\"image\/jpeg\" \/>\n<meta name=\"author\" content=\"Administrador\" \/>\n<meta name=\"twitter:card\" content=\"summary_large_image\" \/>\n<meta name=\"twitter:label1\" content=\"Escrito por\" \/>\n\t<meta name=\"twitter:data1\" content=\"Administrador\" \/>\n\t<meta name=\"twitter:label2\" content=\"Tiempo de lectura\" \/>\n\t<meta name=\"twitter:data2\" content=\"2 minutos\" \/>\n<script type=\"application\/ld+json\" class=\"yoast-schema-graph\">{\"@context\":\"https:\/\/schema.org\",\"@graph\":[{\"@type\":\"WebPage\",\"@id\":\"https:\/\/cpsanjuandelacadena.educacion.navarra.es\/web\/blog\/2021\/12\/13\/sorteo-solidario\/\",\"url\":\"https:\/\/cpsanjuandelacadena.educacion.navarra.es\/web\/blog\/2021\/12\/13\/sorteo-solidario\/\",\"name\":\"Sorteo Solidario - CP San Juan de la Cadena - Pamplona\",\"isPartOf\":{\"@id\":\"https:\/\/cpsanjuandelacadena.educacion.navarra.es\/web\/#website\"},\"datePublished\":\"2021-12-12T23:06:16+00:00\",\"dateModified\":\"2021-12-12T23:09:43+00:00\",\"author\":{\"@id\":\"https:\/\/cpsanjuandelacadena.educacion.navarra.es\/web\/#\/schema\/person\/f9f8661ac8798b8eaf1883f26d172893\"},\"breadcrumb\":{\"@id\":\"https:\/\/cpsanjuandelacadena.educacion.navarra.es\/web\/blog\/2021\/12\/13\/sorteo-solidario\/#breadcrumb\"},\"inLanguage\":\"es\",\"potentialAction\":[{\"@type\":\"ReadAction\",\"target\":[\"https:\/\/cpsanjuandelacadena.educacion.navarra.es\/web\/blog\/2021\/12\/13\/sorteo-solidario\/\"]}]},{\"@type\":\"BreadcrumbList\",\"@id\":\"https:\/\/cpsanjuandelacadena.educacion.navarra.es\/web\/blog\/2021\/12\/13\/sorteo-solidario\/#breadcrumb\",\"itemListElement\":[{\"@type\":\"ListItem\",\"position\":1,\"name\":\"Home\",\"item\":\"https:\/\/cpsanjuandelacadena.educacion.navarra.es\/web\/\"},{\"@type\":\"ListItem\",\"position\":2,\"name\":\"Sorteo Solidario\"}]},{\"@type\":\"WebSite\",\"@id\":\"https:\/\/cpsanjuandelacadena.educacion.navarra.es\/web\/#website\",\"url\":\"https:\/\/cpsanjuandelacadena.educacion.navarra.es\/web\/\",\"name\":\"CP San Juan de la Cadena - Pamplona\",\"description\":\"Sitio web del CP San Juan de la Cadena\",\"potentialAction\":[{\"@type\":\"SearchAction\",\"target\":{\"@type\":\"EntryPoint\",\"urlTemplate\":\"https:\/\/cpsanjuandelacadena.educacion.navarra.es\/web\/?s={search_term_string}\"},\"query-input\":\"required name=search_term_string\"}],\"inLanguage\":\"es\"},{\"@type\":\"Person\",\"@id\":\"https:\/\/cpsanjuandelacadena.educacion.navarra.es\/web\/#\/schema\/person\/f9f8661ac8798b8eaf1883f26d172893\",\"name\":\"Administrador\",\"url\":\"https:\/\/cpsanjuandelacadena.educacion.navarra.es\/web\/blog\/author\/adminsanjuanwp\/\"}]}<\/script>\n<!-- \/ Yoast SEO plugin. -->","yoast_head_json":{"title":"Sorteo Solidario - CP San Juan de la Cadena - Pamplona","robots":{"index":"index","follow":"follow","max-snippet":"max-snippet:-1","max-image-preview":"max-image-preview:large","max-video-preview":"max-video-preview:-1"},"canonical":"https:\/\/cpsanjuandelacadena.educacion.navarra.es\/web\/blog\/2021\/12\/13\/sorteo-solidario\/","og_locale":"es_ES","og_type":"article","og_title":"Sorteo Solidario - CP San Juan de la Cadena - Pamplona","og_description":"La comunidad educativa de San Juan de la Cadena organiza un sorteo solidario para ayudar a a la Asociaci\u00f3n de ni\u00f1os y ni\u00f1as especiales de la Palma.","og_url":"https:\/\/cpsanjuandelacadena.educacion.navarra.es\/web\/blog\/2021\/12\/13\/sorteo-solidario\/","og_site_name":"CP San Juan de la Cadena - Pamplona","article_published_time":"2021-12-12T23:06:16+00:00","article_modified_time":"2021-12-12T23:09:43+00:00","og_image":[{"width":437,"height":279,"url":"https:\/\/cpsanjuandelacadena.educacion.navarra.es\/web\/wp-content\/uploads\/2021\/12\/sorteo_web_-1.jpg","type":"image\/jpeg"}],"author":"Administrador","twitter_card":"summary_large_image","twitter_misc":{"Escrito por":"Administrador","Tiempo de lectura":"2 minutos"},"schema":{"@context":"https:\/\/schema.org","@graph":[{"@type":"WebPage","@id":"https:\/\/cpsanjuandelacadena.educacion.navarra.es\/web\/blog\/2021\/12\/13\/sorteo-solidario\/","url":"https:\/\/cpsanjuandelacadena.educacion.navarra.es\/web\/blog\/2021\/12\/13\/sorteo-solidario\/","name":"Sorteo Solidario - CP San Juan de la Cadena - Pamplona","isPartOf":{"@id":"https:\/\/cpsanjuandelacadena.educacion.navarra.es\/web\/#website"},"datePublished":"2021-12-12T23:06:16+00:00","dateModified":"2021-12-12T23:09:43+00:00","author":{"@id":"https:\/\/cpsanjuandelacadena.educacion.navarra.es\/web\/#\/schema\/person\/f9f8661ac8798b8eaf1883f26d172893"},"breadcrumb":{"@id":"https:\/\/cpsanjuandelacadena.educacion.navarra.es\/web\/blog\/2021\/12\/13\/sorteo-solidario\/#breadcrumb"},"inLanguage":"es","potentialAction":[{"@type":"ReadAction","target":["https:\/\/cpsanjuandelacadena.educacion.navarra.es\/web\/blog\/2021\/12\/13\/sorteo-solidario\/"]}]},{"@type":"BreadcrumbList","@id":"https:\/\/cpsanjuandelacadena.educacion.navarra.es\/web\/blog\/2021\/12\/13\/sorteo-solidario\/#breadcrumb","itemListElement":[{"@type":"ListItem","position":1,"name":"Home","item":"https:\/\/cpsanjuandelacadena.educacion.navarra.es\/web\/"},{"@type":"ListItem","position":2,"name":"Sorteo Solidario"}]},{"@type":"WebSite","@id":"https:\/\/cpsanjuandelacadena.educacion.navarra.es\/web\/#website","url":"https:\/\/cpsanjuandelacadena.educacion.navarra.es\/web\/","name":"CP San Juan de la Cadena - Pamplona","description":"Sitio web del CP San Juan de la Cadena","potentialAction":[{"@type":"SearchAction","target":{"@type":"EntryPoint","urlTemplate":"https:\/\/cpsanjuandelacadena.educacion.navarra.es\/web\/?s={search_term_string}"},"query-input":"required name=search_term_string"}],"inLanguage":"es"},{"@type":"Person","@id":"https:\/\/cpsanjuandelacadena.educacion.navarra.es\/web\/#\/schema\/person\/f9f8661ac8798b8eaf1883f26d172893","name":"Administrador","url":"https:\/\/cpsanjuandelacadena.educacion.navarra.es\/web\/blog\/author\/adminsanjuanwp\/"}]}},"_links":{"self":[{"href":"https:\/\/cpsanjuandelacadena.educacion.navarra.es\/web\/wp-json\/wp\/v2\/posts\/3351"}],"collection":[{"href":"https:\/\/cpsanjuandelacadena.educacion.navarra.es\/web\/wp-json\/wp\/v2\/posts"}],"about":[{"href":"https:\/\/cpsanjuandelacadena.educacion.navarra.es\/web\/wp-json\/wp\/v2\/types\/post"}],"author":[{"embeddable":true,"href":"https:\/\/cpsanjuandelacadena.educacion.navarra.es\/web\/wp-json\/wp\/v2\/users\/1"}],"replies":[{"embeddable":true,"href":"https:\/\/cpsanjuandelacadena.educacion.navarra.es\/web\/wp-json\/wp\/v2\/comments?post=3351"}],"version-history":[{"count":0,"href":"https:\/\/cpsanjuandelacadena.educacion.navarra.es\/web\/wp-json\/wp\/v2\/posts\/3351\/revisions"}],"wp:featuredmedia":[{"embeddable":true,"href":"https:\/\/cpsanjuandelacadena.educacion.navarra.es\/web\/wp-json\/wp\/v2\/media\/3355"}],"wp:attachment":[{"href":"https:\/\/cpsanjuandelacadena.educacion.navarra.es\/web\/wp-json\/wp\/v2\/media?parent=3351"}],"wp:term":[{"taxonomy":"category","embeddable":true,"href":"https:\/\/cpsanjuandelacadena.educacion.navarra.es\/web\/wp-json\/wp\/v2\/categories?post=3351"},{"taxonomy":"post_tag","embeddable":true,"href":"https:\/\/cpsanjuandelacadena.educacion.navarra.es\/web\/wp-json\/wp\/v2\/tags?post=3351"}],"curies":[{"name":"wp","href":"https:\/\/api.w.org\/{rel}","templated":true}]}}