{"id":2996,"date":"2020-12-13T12:34:10","date_gmt":"2020-12-13T11:34:10","guid":{"rendered":"https:\/\/cpsanjuandelacadena.educacion.navarra.es\/web\/?p=2996"},"modified":"2020-12-13T12:34:11","modified_gmt":"2020-12-13T11:34:11","slug":"componentes-del-nuevo-consejo-escolar","status":"publish","type":"post","link":"https:\/\/cpsanjuandelacadena.educacion.navarra.es\/web\/blog\/2020\/12\/13\/componentes-del-nuevo-consejo-escolar\/","title":{"rendered":"Componentes del nuevo Consejo Escolar"},"content":{"rendered":"\n<p>El d\u00eda <strong>10 de diciembre<\/strong> tuvo lugar un c<strong>onsejo escolar extraordinario<\/strong>, en la que qued\u00f3 constituido el nuevo consejo escolar.<\/p>\n\n\n\n<p>Las personas que componen el nuevo consejo <strong>representan a todos los \u00e1mbitos de nuestra comunidad escolar<\/strong> y queda constituido de la siguiente manera:<\/p>\n\n\n\n<p><strong>Presidente<\/strong><\/p>\n\n\n\n<p>MIGUEL ZAFRA JANDULA<\/p>\n\n\n\n<p><strong>Jefa de estudios<\/strong><\/p>\n\n\n\n<p>ROSA MARY S\u00c1NCHEZ OJER<\/p>\n\n\n\n<p><strong>Secretaria<\/strong><\/p>\n\n\n\n<p>PATRICIA TAINTA S\u00c1NCHEZ<\/p>\n\n\n\n<p><strong>Representantes del profesorado<\/strong><\/p>\n\n\n\n<p>M\u00aa TERESA ARENAS P\u00c9REZ<br>MAR\u00cdA ESPINOSA VEA<br>PURI JUBERA PELLEJERO<br>AINHOA MORENO MIGUEL<br>ASUNCI\u00d3N SILANES GORRIZ<\/p>\n\n\n\n<p><strong>Representantes de los padres y madres del alumnado<\/strong><\/p>\n\n\n\n<p>CARMEN ARBU\u00c9S OS\u00c9S<br>DIANA DE MIGUEL P\u00c9REZ<br>MAR\u00cdA MORRA<br>\u00d3SCAR PALENCIAS ARAG\u00d3N<\/p>\n\n\n\n<p><strong>Representante de la asociaci\u00f3n de padres y madres del alumnado<\/strong><\/p>\n\n\n\n<p>CHARO VILLALOBOS BERGASA<\/p>\n\n\n\n<p><strong>Representante del personal de administraci\u00f3n y servicios<\/strong><\/p>\n\n\n\n<p>PETRA RESANO AS\u00cdN<\/p>\n\n\n\n<p><strong>Representante del ayuntamiento de Pamplona<\/strong><\/p>\n\n\n\n<p>JAVIER LEOZ SANZ<\/p>\n\n\n\n<p><strong>Representantes del alumnado<\/strong><\/p>\n\n\n\n<p>DANIEL ASARTA LARUMBE<br>OLIVER RODR\u00cdGUEZ C\u00d3ZAR<br>CLAUDIA PALENCIAS SANZ<br>AINHOA UC\u00cdN MARTINS<\/p>\n\n\n\n<p>Pamplona, diciembre de 2020<\/p>\n\n\n\n<p><\/p>\n","protected":false},"excerpt":{"rendered":"<p>El 10 de diciembre tuvo lugar un consejo escolar extraordinario, en el que qued\u00f3 constituido el nuevo Consejo Escolar.<\/p>\n","protected":false},"author":1,"featured_media":2997,"comment_status":"closed","ping_status":"open","sticky":false,"template":"","format":"standard","meta":{"_genesis_hide_title":false,"_genesis_hide_breadcrumbs":false,"_genesis_hide_singular_image":false,"_genesis_hide_footer_widgets":false,"_genesis_custom_body_class":"","_genesis_custom_post_class":"","_genesis_layout":""},"categories":[64,61,1],"tags":[278,231,338,12],"yoast_head":"<!-- This site is optimized with the Yoast SEO plugin v19.13 - https:\/\/yoast.com\/wordpress\/plugins\/seo\/ -->\n<title>Componentes del nuevo Consejo Escolar - CP San Juan de la Cadena - Pamplona<\/title>\n<meta name=\"robots\" content=\"index, follow, max-snippet:-1, max-image-preview:large, max-video-preview:-1\" \/>\n<link rel=\"canonical\" href=\"https:\/\/cpsanjuandelacadena.educacion.navarra.es\/web\/blog\/2020\/12\/13\/componentes-del-nuevo-consejo-escolar\/\" \/>\n<meta property=\"og:locale\" content=\"es_ES\" \/>\n<meta property=\"og:type\" content=\"article\" \/>\n<meta property=\"og:title\" content=\"Componentes del nuevo Consejo Escolar - CP San Juan de la Cadena - Pamplona\" \/>\n<meta property=\"og:description\" content=\"El 10 de diciembre tuvo lugar un consejo escolar extraordinario, en el que qued\u00f3 constituido el nuevo Consejo Escolar.\" \/>\n<meta property=\"og:url\" content=\"https:\/\/cpsanjuandelacadena.educacion.navarra.es\/web\/blog\/2020\/12\/13\/componentes-del-nuevo-consejo-escolar\/\" \/>\n<meta property=\"og:site_name\" content=\"CP San Juan de la Cadena - Pamplona\" \/>\n<meta property=\"article:published_time\" content=\"2020-12-13T11:34:10+00:00\" \/>\n<meta property=\"article:modified_time\" content=\"2020-12-13T11:34:11+00:00\" \/>\n<meta property=\"og:image\" content=\"https:\/\/cpsanjuandelacadena.educacion.navarra.es\/web\/wp-content\/uploads\/2020\/12\/consejo_contitucion_web.jpg\" \/>\n\t<meta property=\"og:image:width\" content=\"518\" \/>\n\t<meta property=\"og:image:height\" content=\"303\" \/>\n\t<meta property=\"og:image:type\" content=\"image\/jpeg\" \/>\n<meta name=\"author\" content=\"Administrador\" \/>\n<meta name=\"twitter:card\" content=\"summary_large_image\" \/>\n<meta name=\"twitter:label1\" content=\"Escrito por\" \/>\n\t<meta name=\"twitter:data1\" content=\"Administrador\" \/>\n\t<meta name=\"twitter:label2\" content=\"Tiempo de lectura\" \/>\n\t<meta name=\"twitter:data2\" content=\"1 minuto\" \/>\n<script type=\"application\/ld+json\" class=\"yoast-schema-graph\">{\"@context\":\"https:\/\/schema.org\",\"@graph\":[{\"@type\":\"WebPage\",\"@id\":\"https:\/\/cpsanjuandelacadena.educacion.navarra.es\/web\/blog\/2020\/12\/13\/componentes-del-nuevo-consejo-escolar\/\",\"url\":\"https:\/\/cpsanjuandelacadena.educacion.navarra.es\/web\/blog\/2020\/12\/13\/componentes-del-nuevo-consejo-escolar\/\",\"name\":\"Componentes del nuevo Consejo Escolar - CP San Juan de la Cadena - Pamplona\",\"isPartOf\":{\"@id\":\"https:\/\/cpsanjuandelacadena.educacion.navarra.es\/web\/#website\"},\"datePublished\":\"2020-12-13T11:34:10+00:00\",\"dateModified\":\"2020-12-13T11:34:11+00:00\",\"author\":{\"@id\":\"https:\/\/cpsanjuandelacadena.educacion.navarra.es\/web\/#\/schema\/person\/f9f8661ac8798b8eaf1883f26d172893\"},\"breadcrumb\":{\"@id\":\"https:\/\/cpsanjuandelacadena.educacion.navarra.es\/web\/blog\/2020\/12\/13\/componentes-del-nuevo-consejo-escolar\/#breadcrumb\"},\"inLanguage\":\"es\",\"potentialAction\":[{\"@type\":\"ReadAction\",\"target\":[\"https:\/\/cpsanjuandelacadena.educacion.navarra.es\/web\/blog\/2020\/12\/13\/componentes-del-nuevo-consejo-escolar\/\"]}]},{\"@type\":\"BreadcrumbList\",\"@id\":\"https:\/\/cpsanjuandelacadena.educacion.navarra.es\/web\/blog\/2020\/12\/13\/componentes-del-nuevo-consejo-escolar\/#breadcrumb\",\"itemListElement\":[{\"@type\":\"ListItem\",\"position\":1,\"name\":\"Home\",\"item\":\"https:\/\/cpsanjuandelacadena.educacion.navarra.es\/web\/\"},{\"@type\":\"ListItem\",\"position\":2,\"name\":\"Componentes del nuevo Consejo Escolar\"}]},{\"@type\":\"WebSite\",\"@id\":\"https:\/\/cpsanjuandelacadena.educacion.navarra.es\/web\/#website\",\"url\":\"https:\/\/cpsanjuandelacadena.educacion.navarra.es\/web\/\",\"name\":\"CP San Juan de la Cadena - Pamplona\",\"description\":\"Sitio web del CP San Juan de la Cadena\",\"potentialAction\":[{\"@type\":\"SearchAction\",\"target\":{\"@type\":\"EntryPoint\",\"urlTemplate\":\"https:\/\/cpsanjuandelacadena.educacion.navarra.es\/web\/?s={search_term_string}\"},\"query-input\":\"required name=search_term_string\"}],\"inLanguage\":\"es\"},{\"@type\":\"Person\",\"@id\":\"https:\/\/cpsanjuandelacadena.educacion.navarra.es\/web\/#\/schema\/person\/f9f8661ac8798b8eaf1883f26d172893\",\"name\":\"Administrador\",\"url\":\"https:\/\/cpsanjuandelacadena.educacion.navarra.es\/web\/blog\/author\/adminsanjuanwp\/\"}]}<\/script>\n<!-- \/ Yoast SEO plugin. -->","yoast_head_json":{"title":"Componentes del nuevo Consejo Escolar - CP San Juan de la Cadena - Pamplona","robots":{"index":"index","follow":"follow","max-snippet":"max-snippet:-1","max-image-preview":"max-image-preview:large","max-video-preview":"max-video-preview:-1"},"canonical":"https:\/\/cpsanjuandelacadena.educacion.navarra.es\/web\/blog\/2020\/12\/13\/componentes-del-nuevo-consejo-escolar\/","og_locale":"es_ES","og_type":"article","og_title":"Componentes del nuevo Consejo Escolar - CP San Juan de la Cadena - Pamplona","og_description":"El 10 de diciembre tuvo lugar un consejo escolar extraordinario, en el que qued\u00f3 constituido el nuevo Consejo Escolar.","og_url":"https:\/\/cpsanjuandelacadena.educacion.navarra.es\/web\/blog\/2020\/12\/13\/componentes-del-nuevo-consejo-escolar\/","og_site_name":"CP San Juan de la Cadena - Pamplona","article_published_time":"2020-12-13T11:34:10+00:00","article_modified_time":"2020-12-13T11:34:11+00:00","og_image":[{"width":518,"height":303,"url":"https:\/\/cpsanjuandelacadena.educacion.navarra.es\/web\/wp-content\/uploads\/2020\/12\/consejo_contitucion_web.jpg","type":"image\/jpeg"}],"author":"Administrador","twitter_card":"summary_large_image","twitter_misc":{"Escrito por":"Administrador","Tiempo de lectura":"1 minuto"},"schema":{"@context":"https:\/\/schema.org","@graph":[{"@type":"WebPage","@id":"https:\/\/cpsanjuandelacadena.educacion.navarra.es\/web\/blog\/2020\/12\/13\/componentes-del-nuevo-consejo-escolar\/","url":"https:\/\/cpsanjuandelacadena.educacion.navarra.es\/web\/blog\/2020\/12\/13\/componentes-del-nuevo-consejo-escolar\/","name":"Componentes del nuevo Consejo Escolar - CP San Juan de la Cadena - Pamplona","isPartOf":{"@id":"https:\/\/cpsanjuandelacadena.educacion.navarra.es\/web\/#website"},"datePublished":"2020-12-13T11:34:10+00:00","dateModified":"2020-12-13T11:34:11+00:00","author":{"@id":"https:\/\/cpsanjuandelacadena.educacion.navarra.es\/web\/#\/schema\/person\/f9f8661ac8798b8eaf1883f26d172893"},"breadcrumb":{"@id":"https:\/\/cpsanjuandelacadena.educacion.navarra.es\/web\/blog\/2020\/12\/13\/componentes-del-nuevo-consejo-escolar\/#breadcrumb"},"inLanguage":"es","potentialAction":[{"@type":"ReadAction","target":["https:\/\/cpsanjuandelacadena.educacion.navarra.es\/web\/blog\/2020\/12\/13\/componentes-del-nuevo-consejo-escolar\/"]}]},{"@type":"BreadcrumbList","@id":"https:\/\/cpsanjuandelacadena.educacion.navarra.es\/web\/blog\/2020\/12\/13\/componentes-del-nuevo-consejo-escolar\/#breadcrumb","itemListElement":[{"@type":"ListItem","position":1,"name":"Home","item":"https:\/\/cpsanjuandelacadena.educacion.navarra.es\/web\/"},{"@type":"ListItem","position":2,"name":"Componentes del nuevo Consejo Escolar"}]},{"@type":"WebSite","@id":"https:\/\/cpsanjuandelacadena.educacion.navarra.es\/web\/#website","url":"https:\/\/cpsanjuandelacadena.educacion.navarra.es\/web\/","name":"CP San Juan de la Cadena - Pamplona","description":"Sitio web del CP San Juan de la Cadena","potentialAction":[{"@type":"SearchAction","target":{"@type":"EntryPoint","urlTemplate":"https:\/\/cpsanjuandelacadena.educacion.navarra.es\/web\/?s={search_term_string}"},"query-input":"required name=search_term_string"}],"inLanguage":"es"},{"@type":"Person","@id":"https:\/\/cpsanjuandelacadena.educacion.navarra.es\/web\/#\/schema\/person\/f9f8661ac8798b8eaf1883f26d172893","name":"Administrador","url":"https:\/\/cpsanjuandelacadena.educacion.navarra.es\/web\/blog\/author\/adminsanjuanwp\/"}]}},"_links":{"self":[{"href":"https:\/\/cpsanjuandelacadena.educacion.navarra.es\/web\/wp-json\/wp\/v2\/posts\/2996"}],"collection":[{"href":"https:\/\/cpsanjuandelacadena.educacion.navarra.es\/web\/wp-json\/wp\/v2\/posts"}],"about":[{"href":"https:\/\/cpsanjuandelacadena.educacion.navarra.es\/web\/wp-json\/wp\/v2\/types\/post"}],"author":[{"embeddable":true,"href":"https:\/\/cpsanjuandelacadena.educacion.navarra.es\/web\/wp-json\/wp\/v2\/users\/1"}],"replies":[{"embeddable":true,"href":"https:\/\/cpsanjuandelacadena.educacion.navarra.es\/web\/wp-json\/wp\/v2\/comments?post=2996"}],"version-history":[{"count":0,"href":"https:\/\/cpsanjuandelacadena.educacion.navarra.es\/web\/wp-json\/wp\/v2\/posts\/2996\/revisions"}],"wp:featuredmedia":[{"embeddable":true,"href":"https:\/\/cpsanjuandelacadena.educacion.navarra.es\/web\/wp-json\/wp\/v2\/media\/2997"}],"wp:attachment":[{"href":"https:\/\/cpsanjuandelacadena.educacion.navarra.es\/web\/wp-json\/wp\/v2\/media?parent=2996"}],"wp:term":[{"taxonomy":"category","embeddable":true,"href":"https:\/\/cpsanjuandelacadena.educacion.navarra.es\/web\/wp-json\/wp\/v2\/categories?post=2996"},{"taxonomy":"post_tag","embeddable":true,"href":"https:\/\/cpsanjuandelacadena.educacion.navarra.es\/web\/wp-json\/wp\/v2\/tags?post=2996"}],"curies":[{"name":"wp","href":"https:\/\/api.w.org\/{rel}","templated":true}]}}