{"id":2779,"date":"2020-02-26T10:58:00","date_gmt":"2020-02-26T09:58:00","guid":{"rendered":"https:\/\/cpsanjuandelacadena.educacion.navarra.es\/web\/?p=2779"},"modified":"2020-02-27T19:54:07","modified_gmt":"2020-02-27T18:54:07","slug":"carnaval-2020-2","status":"publish","type":"post","link":"https:\/\/cpsanjuandelacadena.educacion.navarra.es\/web\/blog\/2020\/02\/26\/carnaval-2020-2\/","title":{"rendered":"Im\u00e1genes Carnaval 2020"},"content":{"rendered":"\n<p>El pasado 20 de febrero celebramos nuestro particular carnaval en San Juan de la Cadena. <\/p>\n\n\n\n<div class=\"wp-block-image\"><figure class=\"aligncenter size-large is-resized\"><a href=\"https:\/\/photos.google.com\/share\/AF1QipNv8qmX2Gkf6TNGGQR99tfKFW8x_N3p0ALwQzQ3ocpcGYkFpc4E9jAhbINnEd8z_w?key=Uk4wcXdfUVNmcHdwLUtDNGRzUDlGbkdqNXU4ODVn\"><img loading=\"lazy\" src=\"https:\/\/cpsanjuandelacadena.educacion.navarra.es\/web\/wp-content\/uploads\/2020\/02\/carnaval_2020_552.jpg\" alt=\"\" class=\"wp-image-2780\" width=\"516\" height=\"386\" srcset=\"https:\/\/cpsanjuandelacadena.educacion.navarra.es\/web\/wp-content\/uploads\/2020\/02\/carnaval_2020_552.jpg 800w, https:\/\/cpsanjuandelacadena.educacion.navarra.es\/web\/wp-content\/uploads\/2020\/02\/carnaval_2020_552-300x225.jpg 300w, https:\/\/cpsanjuandelacadena.educacion.navarra.es\/web\/wp-content\/uploads\/2020\/02\/carnaval_2020_552-768x576.jpg 768w\" sizes=\"(max-width: 516px) 100vw, 516px\" \/><\/a><figcaption><a href=\"https:\/\/photos.app.goo.gl\/RNzLgJsmWypLw9688\">Pincha para ver<\/a><\/figcaption><\/figure><\/div>\n","protected":false},"excerpt":{"rendered":"<p>San Juan de la Cadena celebr\u00f3 su particular carnaval 2020. Como broche final la APYMA ofreci\u00f3 una gran chocolatada.<\/p>\n","protected":false},"author":1,"featured_media":2780,"comment_status":"closed","ping_status":"open","sticky":false,"template":"","format":"standard","meta":{"_genesis_hide_title":false,"_genesis_hide_breadcrumbs":false,"_genesis_hide_singular_image":false,"_genesis_hide_footer_widgets":false,"_genesis_custom_body_class":"","_genesis_custom_post_class":"","_genesis_layout":""},"categories":[64,61,1],"tags":[340,231,338,12],"yoast_head":"<!-- This site is optimized with the Yoast SEO plugin v19.13 - https:\/\/yoast.com\/wordpress\/plugins\/seo\/ -->\n<title>Im\u00e1genes Carnaval 2020 - CP San Juan de la Cadena - Pamplona<\/title>\n<meta name=\"robots\" content=\"index, follow, max-snippet:-1, max-image-preview:large, max-video-preview:-1\" \/>\n<link rel=\"canonical\" href=\"https:\/\/cpsanjuandelacadena.educacion.navarra.es\/web\/blog\/2020\/02\/26\/carnaval-2020-2\/\" \/>\n<meta property=\"og:locale\" content=\"es_ES\" \/>\n<meta property=\"og:type\" content=\"article\" \/>\n<meta property=\"og:title\" content=\"Im\u00e1genes Carnaval 2020 - CP San Juan de la Cadena - Pamplona\" \/>\n<meta property=\"og:description\" content=\"San Juan de la Cadena celebr\u00f3 su particular carnaval 2020. Como broche final la APYMA ofreci\u00f3 una gran chocolatada.\" \/>\n<meta property=\"og:url\" content=\"https:\/\/cpsanjuandelacadena.educacion.navarra.es\/web\/blog\/2020\/02\/26\/carnaval-2020-2\/\" \/>\n<meta property=\"og:site_name\" content=\"CP San Juan de la Cadena - Pamplona\" \/>\n<meta property=\"article:published_time\" content=\"2020-02-26T09:58:00+00:00\" \/>\n<meta property=\"article:modified_time\" content=\"2020-02-27T18:54:07+00:00\" \/>\n<meta property=\"og:image\" content=\"https:\/\/cpsanjuandelacadena.educacion.navarra.es\/web\/wp-content\/uploads\/2020\/02\/carnaval_2020_552.jpg\" \/>\n\t<meta property=\"og:image:width\" content=\"800\" \/>\n\t<meta property=\"og:image:height\" content=\"600\" \/>\n\t<meta property=\"og:image:type\" content=\"image\/jpeg\" \/>\n<meta name=\"author\" content=\"Administrador\" \/>\n<meta name=\"twitter:card\" content=\"summary_large_image\" \/>\n<meta name=\"twitter:label1\" content=\"Escrito por\" \/>\n\t<meta name=\"twitter:data1\" content=\"Administrador\" \/>\n<script type=\"application\/ld+json\" class=\"yoast-schema-graph\">{\"@context\":\"https:\/\/schema.org\",\"@graph\":[{\"@type\":\"WebPage\",\"@id\":\"https:\/\/cpsanjuandelacadena.educacion.navarra.es\/web\/blog\/2020\/02\/26\/carnaval-2020-2\/\",\"url\":\"https:\/\/cpsanjuandelacadena.educacion.navarra.es\/web\/blog\/2020\/02\/26\/carnaval-2020-2\/\",\"name\":\"Im\u00e1genes Carnaval 2020 - CP San Juan de la Cadena - Pamplona\",\"isPartOf\":{\"@id\":\"https:\/\/cpsanjuandelacadena.educacion.navarra.es\/web\/#website\"},\"datePublished\":\"2020-02-26T09:58:00+00:00\",\"dateModified\":\"2020-02-27T18:54:07+00:00\",\"author\":{\"@id\":\"https:\/\/cpsanjuandelacadena.educacion.navarra.es\/web\/#\/schema\/person\/f9f8661ac8798b8eaf1883f26d172893\"},\"breadcrumb\":{\"@id\":\"https:\/\/cpsanjuandelacadena.educacion.navarra.es\/web\/blog\/2020\/02\/26\/carnaval-2020-2\/#breadcrumb\"},\"inLanguage\":\"es\",\"potentialAction\":[{\"@type\":\"ReadAction\",\"target\":[\"https:\/\/cpsanjuandelacadena.educacion.navarra.es\/web\/blog\/2020\/02\/26\/carnaval-2020-2\/\"]}]},{\"@type\":\"BreadcrumbList\",\"@id\":\"https:\/\/cpsanjuandelacadena.educacion.navarra.es\/web\/blog\/2020\/02\/26\/carnaval-2020-2\/#breadcrumb\",\"itemListElement\":[{\"@type\":\"ListItem\",\"position\":1,\"name\":\"Home\",\"item\":\"https:\/\/cpsanjuandelacadena.educacion.navarra.es\/web\/\"},{\"@type\":\"ListItem\",\"position\":2,\"name\":\"Im\u00e1genes Carnaval 2020\"}]},{\"@type\":\"WebSite\",\"@id\":\"https:\/\/cpsanjuandelacadena.educacion.navarra.es\/web\/#website\",\"url\":\"https:\/\/cpsanjuandelacadena.educacion.navarra.es\/web\/\",\"name\":\"CP San Juan de la Cadena - Pamplona\",\"description\":\"Sitio web del CP San Juan de la Cadena\",\"potentialAction\":[{\"@type\":\"SearchAction\",\"target\":{\"@type\":\"EntryPoint\",\"urlTemplate\":\"https:\/\/cpsanjuandelacadena.educacion.navarra.es\/web\/?s={search_term_string}\"},\"query-input\":\"required name=search_term_string\"}],\"inLanguage\":\"es\"},{\"@type\":\"Person\",\"@id\":\"https:\/\/cpsanjuandelacadena.educacion.navarra.es\/web\/#\/schema\/person\/f9f8661ac8798b8eaf1883f26d172893\",\"name\":\"Administrador\",\"url\":\"https:\/\/cpsanjuandelacadena.educacion.navarra.es\/web\/blog\/author\/adminsanjuanwp\/\"}]}<\/script>\n<!-- \/ Yoast SEO plugin. -->","yoast_head_json":{"title":"Im\u00e1genes Carnaval 2020 - CP San Juan de la Cadena - Pamplona","robots":{"index":"index","follow":"follow","max-snippet":"max-snippet:-1","max-image-preview":"max-image-preview:large","max-video-preview":"max-video-preview:-1"},"canonical":"https:\/\/cpsanjuandelacadena.educacion.navarra.es\/web\/blog\/2020\/02\/26\/carnaval-2020-2\/","og_locale":"es_ES","og_type":"article","og_title":"Im\u00e1genes Carnaval 2020 - CP San Juan de la Cadena - Pamplona","og_description":"San Juan de la Cadena celebr\u00f3 su particular carnaval 2020. Como broche final la APYMA ofreci\u00f3 una gran chocolatada.","og_url":"https:\/\/cpsanjuandelacadena.educacion.navarra.es\/web\/blog\/2020\/02\/26\/carnaval-2020-2\/","og_site_name":"CP San Juan de la Cadena - Pamplona","article_published_time":"2020-02-26T09:58:00+00:00","article_modified_time":"2020-02-27T18:54:07+00:00","og_image":[{"width":800,"height":600,"url":"https:\/\/cpsanjuandelacadena.educacion.navarra.es\/web\/wp-content\/uploads\/2020\/02\/carnaval_2020_552.jpg","type":"image\/jpeg"}],"author":"Administrador","twitter_card":"summary_large_image","twitter_misc":{"Escrito por":"Administrador"},"schema":{"@context":"https:\/\/schema.org","@graph":[{"@type":"WebPage","@id":"https:\/\/cpsanjuandelacadena.educacion.navarra.es\/web\/blog\/2020\/02\/26\/carnaval-2020-2\/","url":"https:\/\/cpsanjuandelacadena.educacion.navarra.es\/web\/blog\/2020\/02\/26\/carnaval-2020-2\/","name":"Im\u00e1genes Carnaval 2020 - CP San Juan de la Cadena - Pamplona","isPartOf":{"@id":"https:\/\/cpsanjuandelacadena.educacion.navarra.es\/web\/#website"},"datePublished":"2020-02-26T09:58:00+00:00","dateModified":"2020-02-27T18:54:07+00:00","author":{"@id":"https:\/\/cpsanjuandelacadena.educacion.navarra.es\/web\/#\/schema\/person\/f9f8661ac8798b8eaf1883f26d172893"},"breadcrumb":{"@id":"https:\/\/cpsanjuandelacadena.educacion.navarra.es\/web\/blog\/2020\/02\/26\/carnaval-2020-2\/#breadcrumb"},"inLanguage":"es","potentialAction":[{"@type":"ReadAction","target":["https:\/\/cpsanjuandelacadena.educacion.navarra.es\/web\/blog\/2020\/02\/26\/carnaval-2020-2\/"]}]},{"@type":"BreadcrumbList","@id":"https:\/\/cpsanjuandelacadena.educacion.navarra.es\/web\/blog\/2020\/02\/26\/carnaval-2020-2\/#breadcrumb","itemListElement":[{"@type":"ListItem","position":1,"name":"Home","item":"https:\/\/cpsanjuandelacadena.educacion.navarra.es\/web\/"},{"@type":"ListItem","position":2,"name":"Im\u00e1genes Carnaval 2020"}]},{"@type":"WebSite","@id":"https:\/\/cpsanjuandelacadena.educacion.navarra.es\/web\/#website","url":"https:\/\/cpsanjuandelacadena.educacion.navarra.es\/web\/","name":"CP San Juan de la Cadena - Pamplona","description":"Sitio web del CP San Juan de la Cadena","potentialAction":[{"@type":"SearchAction","target":{"@type":"EntryPoint","urlTemplate":"https:\/\/cpsanjuandelacadena.educacion.navarra.es\/web\/?s={search_term_string}"},"query-input":"required name=search_term_string"}],"inLanguage":"es"},{"@type":"Person","@id":"https:\/\/cpsanjuandelacadena.educacion.navarra.es\/web\/#\/schema\/person\/f9f8661ac8798b8eaf1883f26d172893","name":"Administrador","url":"https:\/\/cpsanjuandelacadena.educacion.navarra.es\/web\/blog\/author\/adminsanjuanwp\/"}]}},"_links":{"self":[{"href":"https:\/\/cpsanjuandelacadena.educacion.navarra.es\/web\/wp-json\/wp\/v2\/posts\/2779"}],"collection":[{"href":"https:\/\/cpsanjuandelacadena.educacion.navarra.es\/web\/wp-json\/wp\/v2\/posts"}],"about":[{"href":"https:\/\/cpsanjuandelacadena.educacion.navarra.es\/web\/wp-json\/wp\/v2\/types\/post"}],"author":[{"embeddable":true,"href":"https:\/\/cpsanjuandelacadena.educacion.navarra.es\/web\/wp-json\/wp\/v2\/users\/1"}],"replies":[{"embeddable":true,"href":"https:\/\/cpsanjuandelacadena.educacion.navarra.es\/web\/wp-json\/wp\/v2\/comments?post=2779"}],"version-history":[{"count":0,"href":"https:\/\/cpsanjuandelacadena.educacion.navarra.es\/web\/wp-json\/wp\/v2\/posts\/2779\/revisions"}],"wp:featuredmedia":[{"embeddable":true,"href":"https:\/\/cpsanjuandelacadena.educacion.navarra.es\/web\/wp-json\/wp\/v2\/media\/2780"}],"wp:attachment":[{"href":"https:\/\/cpsanjuandelacadena.educacion.navarra.es\/web\/wp-json\/wp\/v2\/media?parent=2779"}],"wp:term":[{"taxonomy":"category","embeddable":true,"href":"https:\/\/cpsanjuandelacadena.educacion.navarra.es\/web\/wp-json\/wp\/v2\/categories?post=2779"},{"taxonomy":"post_tag","embeddable":true,"href":"https:\/\/cpsanjuandelacadena.educacion.navarra.es\/web\/wp-json\/wp\/v2\/tags?post=2779"}],"curies":[{"name":"wp","href":"https:\/\/api.w.org\/{rel}","templated":true}]}}