{"id":978,"date":"2014-06-16T09:59:38","date_gmt":"2014-06-16T09:59:38","guid":{"rendered":"http:\/\/cpsanjuandelacadena.educacion.navarra.es\/blogs\/revista\/?p=978"},"modified":"2014-06-16T10:07:28","modified_gmt":"2014-06-16T10:07:28","slug":"xxv-certamen-literario-4o-a-6o-primaria","status":"publish","type":"post","link":"https:\/\/cpsanjuandelacadena.educacion.navarra.es\/blogs\/revista\/2014\/06\/16\/xxv-certamen-literario-4o-a-6o-primaria\/","title":{"rendered":"XXV Certamen literario: 4\u00ba a 6\u00ba primaria"},"content":{"rendered":"<p>\u00bfQuieres leer las poes\u00edas premiadas y ver las ilustraciones? Pincha en las im\u00e1genes y podr\u00e1s hacerlo.<br \/>\n<div class=\"gallery\"><dl class='gallery-item'>\n\t\t\t<dt class='gallery-icon portrait'>\n\t\t\t\t<a href='https:\/\/cpsanjuandelacadena.educacion.navarra.es\/blogs\/revista\/files\/2014\/06\/4\u00baA_Ilustraci\u00f3n.jpg'><img width=\"150\" height=\"150\" src=\"https:\/\/cpsanjuandelacadena.educacion.navarra.es\/blogs\/revista\/files\/2014\/06\/4\u00baA_Ilustraci\u00f3n-150x150.jpg\" class=\"attachment-thumbnail size-thumbnail\" alt=\"\" loading=\"lazy\" srcset=\"https:\/\/cpsanjuandelacadena.educacion.navarra.es\/blogs\/revista\/files\/2014\/06\/4\u00baA_Ilustraci\u00f3n-150x150.jpg 150w, https:\/\/cpsanjuandelacadena.educacion.navarra.es\/blogs\/revista\/files\/2014\/06\/4\u00baA_Ilustraci\u00f3n-36x36.jpg 36w, https:\/\/cpsanjuandelacadena.educacion.navarra.es\/blogs\/revista\/files\/2014\/06\/4\u00baA_Ilustraci\u00f3n-115x115.jpg 115w\" sizes=\"(max-width: 150px) 100vw, 150px\" \/><\/a>\n\t\t\t<\/dt><\/dl><dl class='gallery-item'>\n\t\t\t<dt class='gallery-icon portrait'>\n\t\t\t\t<a href='https:\/\/cpsanjuandelacadena.educacion.navarra.es\/blogs\/revista\/files\/2014\/06\/4\u00baA_Poes\u00eda_1er_premio.jpg'><img width=\"150\" height=\"150\" src=\"https:\/\/cpsanjuandelacadena.educacion.navarra.es\/blogs\/revista\/files\/2014\/06\/4\u00baA_Poes\u00eda_1er_premio-150x150.jpg\" class=\"attachment-thumbnail size-thumbnail\" alt=\"\" loading=\"lazy\" srcset=\"https:\/\/cpsanjuandelacadena.educacion.navarra.es\/blogs\/revista\/files\/2014\/06\/4\u00baA_Poes\u00eda_1er_premio-150x150.jpg 150w, https:\/\/cpsanjuandelacadena.educacion.navarra.es\/blogs\/revista\/files\/2014\/06\/4\u00baA_Poes\u00eda_1er_premio-36x36.jpg 36w, https:\/\/cpsanjuandelacadena.educacion.navarra.es\/blogs\/revista\/files\/2014\/06\/4\u00baA_Poes\u00eda_1er_premio-115x115.jpg 115w\" sizes=\"(max-width: 150px) 100vw, 150px\" \/><\/a>\n\t\t\t<\/dt><\/dl><dl class='gallery-item'>\n\t\t\t<dt class='gallery-icon portrait'>\n\t\t\t\t<a href='https:\/\/cpsanjuandelacadena.educacion.navarra.es\/blogs\/revista\/files\/2014\/06\/4\u00baA_Poes\u00eda_2\u00ba_premio.jpg'><img width=\"150\" height=\"150\" src=\"https:\/\/cpsanjuandelacadena.educacion.navarra.es\/blogs\/revista\/files\/2014\/06\/4\u00baA_Poes\u00eda_2\u00ba_premio-150x150.jpg\" class=\"attachment-thumbnail size-thumbnail\" alt=\"\" loading=\"lazy\" srcset=\"https:\/\/cpsanjuandelacadena.educacion.navarra.es\/blogs\/revista\/files\/2014\/06\/4\u00baA_Poes\u00eda_2\u00ba_premio-150x150.jpg 150w, https:\/\/cpsanjuandelacadena.educacion.navarra.es\/blogs\/revista\/files\/2014\/06\/4\u00baA_Poes\u00eda_2\u00ba_premio-36x36.jpg 36w, https:\/\/cpsanjuandelacadena.educacion.navarra.es\/blogs\/revista\/files\/2014\/06\/4\u00baA_Poes\u00eda_2\u00ba_premio-115x115.jpg 115w\" sizes=\"(max-width: 150px) 100vw, 150px\" \/><\/a>\n\t\t\t<\/dt><\/dl><br style=\"clear: both\" \/><dl class='gallery-item'>\n\t\t\t<dt class='gallery-icon portrait'>\n\t\t\t\t<a href='https:\/\/cpsanjuandelacadena.educacion.navarra.es\/blogs\/revista\/files\/2014\/06\/4\u00baB_ilustracion.jpg'><img width=\"150\" height=\"150\" src=\"https:\/\/cpsanjuandelacadena.educacion.navarra.es\/blogs\/revista\/files\/2014\/06\/4\u00baB_ilustracion-150x150.jpg\" class=\"attachment-thumbnail size-thumbnail\" alt=\"\" loading=\"lazy\" srcset=\"https:\/\/cpsanjuandelacadena.educacion.navarra.es\/blogs\/revista\/files\/2014\/06\/4\u00baB_ilustracion-150x150.jpg 150w, https:\/\/cpsanjuandelacadena.educacion.navarra.es\/blogs\/revista\/files\/2014\/06\/4\u00baB_ilustracion-36x36.jpg 36w, https:\/\/cpsanjuandelacadena.educacion.navarra.es\/blogs\/revista\/files\/2014\/06\/4\u00baB_ilustracion-115x115.jpg 115w\" sizes=\"(max-width: 150px) 100vw, 150px\" \/><\/a>\n\t\t\t<\/dt><\/dl><dl class='gallery-item'>\n\t\t\t<dt class='gallery-icon portrait'>\n\t\t\t\t<a href='https:\/\/cpsanjuandelacadena.educacion.navarra.es\/blogs\/revista\/files\/2014\/06\/4\u00baB_poes\u00eda_1er-premio.jpg'><img width=\"150\" height=\"150\" src=\"https:\/\/cpsanjuandelacadena.educacion.navarra.es\/blogs\/revista\/files\/2014\/06\/4\u00baB_poes\u00eda_1er-premio-150x150.jpg\" class=\"attachment-thumbnail size-thumbnail\" alt=\"\" loading=\"lazy\" srcset=\"https:\/\/cpsanjuandelacadena.educacion.navarra.es\/blogs\/revista\/files\/2014\/06\/4\u00baB_poes\u00eda_1er-premio-150x150.jpg 150w, https:\/\/cpsanjuandelacadena.educacion.navarra.es\/blogs\/revista\/files\/2014\/06\/4\u00baB_poes\u00eda_1er-premio-36x36.jpg 36w, https:\/\/cpsanjuandelacadena.educacion.navarra.es\/blogs\/revista\/files\/2014\/06\/4\u00baB_poes\u00eda_1er-premio-115x115.jpg 115w\" sizes=\"(max-width: 150px) 100vw, 150px\" \/><\/a>\n\t\t\t<\/dt><\/dl><dl class='gallery-item'>\n\t\t\t<dt class='gallery-icon portrait'>\n\t\t\t\t<a href='https:\/\/cpsanjuandelacadena.educacion.navarra.es\/blogs\/revista\/files\/2014\/06\/4\u00baB_poes\u00eda_2\u00ba_premio.jpg'><img width=\"150\" height=\"150\" src=\"https:\/\/cpsanjuandelacadena.educacion.navarra.es\/blogs\/revista\/files\/2014\/06\/4\u00baB_poes\u00eda_2\u00ba_premio-150x150.jpg\" class=\"attachment-thumbnail size-thumbnail\" alt=\"\" loading=\"lazy\" srcset=\"https:\/\/cpsanjuandelacadena.educacion.navarra.es\/blogs\/revista\/files\/2014\/06\/4\u00baB_poes\u00eda_2\u00ba_premio-150x150.jpg 150w, https:\/\/cpsanjuandelacadena.educacion.navarra.es\/blogs\/revista\/files\/2014\/06\/4\u00baB_poes\u00eda_2\u00ba_premio-36x36.jpg 36w, https:\/\/cpsanjuandelacadena.educacion.navarra.es\/blogs\/revista\/files\/2014\/06\/4\u00baB_poes\u00eda_2\u00ba_premio-115x115.jpg 115w\" sizes=\"(max-width: 150px) 100vw, 150px\" \/><\/a>\n\t\t\t<\/dt><\/dl><br style=\"clear: both\" \/><dl class='gallery-item'>\n\t\t\t<dt class='gallery-icon portrait'>\n\t\t\t\t<a href='https:\/\/cpsanjuandelacadena.educacion.navarra.es\/blogs\/revista\/files\/2014\/06\/5\u00baA_ilustracion1.jpg'><img width=\"150\" height=\"150\" src=\"https:\/\/cpsanjuandelacadena.educacion.navarra.es\/blogs\/revista\/files\/2014\/06\/5\u00baA_ilustracion1-150x150.jpg\" class=\"attachment-thumbnail size-thumbnail\" alt=\"\" loading=\"lazy\" srcset=\"https:\/\/cpsanjuandelacadena.educacion.navarra.es\/blogs\/revista\/files\/2014\/06\/5\u00baA_ilustracion1-150x150.jpg 150w, https:\/\/cpsanjuandelacadena.educacion.navarra.es\/blogs\/revista\/files\/2014\/06\/5\u00baA_ilustracion1-36x36.jpg 36w, https:\/\/cpsanjuandelacadena.educacion.navarra.es\/blogs\/revista\/files\/2014\/06\/5\u00baA_ilustracion1-115x115.jpg 115w\" sizes=\"(max-width: 150px) 100vw, 150px\" \/><\/a>\n\t\t\t<\/dt><\/dl><dl class='gallery-item'>\n\t\t\t<dt class='gallery-icon portrait'>\n\t\t\t\t<a href='https:\/\/cpsanjuandelacadena.educacion.navarra.es\/blogs\/revista\/files\/2014\/06\/5\u00baA_ilustracion2.jpg'><img width=\"150\" height=\"150\" src=\"https:\/\/cpsanjuandelacadena.educacion.navarra.es\/blogs\/revista\/files\/2014\/06\/5\u00baA_ilustracion2-150x150.jpg\" class=\"attachment-thumbnail size-thumbnail\" alt=\"\" loading=\"lazy\" srcset=\"https:\/\/cpsanjuandelacadena.educacion.navarra.es\/blogs\/revista\/files\/2014\/06\/5\u00baA_ilustracion2-150x150.jpg 150w, https:\/\/cpsanjuandelacadena.educacion.navarra.es\/blogs\/revista\/files\/2014\/06\/5\u00baA_ilustracion2-36x36.jpg 36w, https:\/\/cpsanjuandelacadena.educacion.navarra.es\/blogs\/revista\/files\/2014\/06\/5\u00baA_ilustracion2-115x115.jpg 115w\" sizes=\"(max-width: 150px) 100vw, 150px\" \/><\/a>\n\t\t\t<\/dt><\/dl><dl class='gallery-item'>\n\t\t\t<dt class='gallery-icon portrait'>\n\t\t\t\t<a href='https:\/\/cpsanjuandelacadena.educacion.navarra.es\/blogs\/revista\/files\/2014\/06\/5\u00baA_poesia_1er_premio.jpg'><img width=\"150\" height=\"150\" src=\"https:\/\/cpsanjuandelacadena.educacion.navarra.es\/blogs\/revista\/files\/2014\/06\/5\u00baA_poesia_1er_premio-150x150.jpg\" class=\"attachment-thumbnail size-thumbnail\" alt=\"\" loading=\"lazy\" srcset=\"https:\/\/cpsanjuandelacadena.educacion.navarra.es\/blogs\/revista\/files\/2014\/06\/5\u00baA_poesia_1er_premio-150x150.jpg 150w, https:\/\/cpsanjuandelacadena.educacion.navarra.es\/blogs\/revista\/files\/2014\/06\/5\u00baA_poesia_1er_premio-36x36.jpg 36w, https:\/\/cpsanjuandelacadena.educacion.navarra.es\/blogs\/revista\/files\/2014\/06\/5\u00baA_poesia_1er_premio-115x115.jpg 115w\" sizes=\"(max-width: 150px) 100vw, 150px\" \/><\/a>\n\t\t\t<\/dt><\/dl><br style=\"clear: both\" \/><dl class='gallery-item'>\n\t\t\t<dt class='gallery-icon portrait'>\n\t\t\t\t<a href='https:\/\/cpsanjuandelacadena.educacion.navarra.es\/blogs\/revista\/files\/2014\/06\/5\u00baA_poesia_1er_premio2.jpg'><img width=\"150\" height=\"150\" src=\"https:\/\/cpsanjuandelacadena.educacion.navarra.es\/blogs\/revista\/files\/2014\/06\/5\u00baA_poesia_1er_premio2-150x150.jpg\" class=\"attachment-thumbnail size-thumbnail\" alt=\"\" loading=\"lazy\" srcset=\"https:\/\/cpsanjuandelacadena.educacion.navarra.es\/blogs\/revista\/files\/2014\/06\/5\u00baA_poesia_1er_premio2-150x150.jpg 150w, https:\/\/cpsanjuandelacadena.educacion.navarra.es\/blogs\/revista\/files\/2014\/06\/5\u00baA_poesia_1er_premio2-36x36.jpg 36w, https:\/\/cpsanjuandelacadena.educacion.navarra.es\/blogs\/revista\/files\/2014\/06\/5\u00baA_poesia_1er_premio2-115x115.jpg 115w\" sizes=\"(max-width: 150px) 100vw, 150px\" \/><\/a>\n\t\t\t<\/dt><\/dl><dl class='gallery-item'>\n\t\t\t<dt class='gallery-icon portrait'>\n\t\t\t\t<a href='https:\/\/cpsanjuandelacadena.educacion.navarra.es\/blogs\/revista\/files\/2014\/06\/5\u00baA_poes\u00eda_2\u00ba_premioAlicia1.jpg'><img width=\"150\" height=\"150\" src=\"https:\/\/cpsanjuandelacadena.educacion.navarra.es\/blogs\/revista\/files\/2014\/06\/5\u00baA_poes\u00eda_2\u00ba_premioAlicia1-150x150.jpg\" class=\"attachment-thumbnail size-thumbnail\" alt=\"\" loading=\"lazy\" srcset=\"https:\/\/cpsanjuandelacadena.educacion.navarra.es\/blogs\/revista\/files\/2014\/06\/5\u00baA_poes\u00eda_2\u00ba_premioAlicia1-150x150.jpg 150w, https:\/\/cpsanjuandelacadena.educacion.navarra.es\/blogs\/revista\/files\/2014\/06\/5\u00baA_poes\u00eda_2\u00ba_premioAlicia1-36x36.jpg 36w, https:\/\/cpsanjuandelacadena.educacion.navarra.es\/blogs\/revista\/files\/2014\/06\/5\u00baA_poes\u00eda_2\u00ba_premioAlicia1-115x115.jpg 115w\" sizes=\"(max-width: 150px) 100vw, 150px\" \/><\/a>\n\t\t\t<\/dt><\/dl><dl class='gallery-item'>\n\t\t\t<dt class='gallery-icon portrait'>\n\t\t\t\t<a href='https:\/\/cpsanjuandelacadena.educacion.navarra.es\/blogs\/revista\/files\/2014\/06\/5\u00baA_poes\u00eda_2\u00ba_premioAlicia2.jpg'><img width=\"150\" height=\"150\" src=\"https:\/\/cpsanjuandelacadena.educacion.navarra.es\/blogs\/revista\/files\/2014\/06\/5\u00baA_poes\u00eda_2\u00ba_premioAlicia2-150x150.jpg\" class=\"attachment-thumbnail size-thumbnail\" alt=\"\" loading=\"lazy\" srcset=\"https:\/\/cpsanjuandelacadena.educacion.navarra.es\/blogs\/revista\/files\/2014\/06\/5\u00baA_poes\u00eda_2\u00ba_premioAlicia2-150x150.jpg 150w, https:\/\/cpsanjuandelacadena.educacion.navarra.es\/blogs\/revista\/files\/2014\/06\/5\u00baA_poes\u00eda_2\u00ba_premioAlicia2-36x36.jpg 36w, https:\/\/cpsanjuandelacadena.educacion.navarra.es\/blogs\/revista\/files\/2014\/06\/5\u00baA_poes\u00eda_2\u00ba_premioAlicia2-115x115.jpg 115w\" sizes=\"(max-width: 150px) 100vw, 150px\" \/><\/a>\n\t\t\t<\/dt><\/dl><br style=\"clear: both\" \/><dl class='gallery-item'>\n\t\t\t<dt class='gallery-icon portrait'>\n\t\t\t\t<a href='https:\/\/cpsanjuandelacadena.educacion.navarra.es\/blogs\/revista\/files\/2014\/06\/5\u00baA_poes\u00eda_2\u00ba_premioYushan1.jpg'><img width=\"150\" height=\"150\" src=\"https:\/\/cpsanjuandelacadena.educacion.navarra.es\/blogs\/revista\/files\/2014\/06\/5\u00baA_poes\u00eda_2\u00ba_premioYushan1-150x150.jpg\" class=\"attachment-thumbnail size-thumbnail\" alt=\"\" loading=\"lazy\" srcset=\"https:\/\/cpsanjuandelacadena.educacion.navarra.es\/blogs\/revista\/files\/2014\/06\/5\u00baA_poes\u00eda_2\u00ba_premioYushan1-150x150.jpg 150w, https:\/\/cpsanjuandelacadena.educacion.navarra.es\/blogs\/revista\/files\/2014\/06\/5\u00baA_poes\u00eda_2\u00ba_premioYushan1-36x36.jpg 36w, https:\/\/cpsanjuandelacadena.educacion.navarra.es\/blogs\/revista\/files\/2014\/06\/5\u00baA_poes\u00eda_2\u00ba_premioYushan1-115x115.jpg 115w\" sizes=\"(max-width: 150px) 100vw, 150px\" \/><\/a>\n\t\t\t<\/dt><\/dl><dl class='gallery-item'>\n\t\t\t<dt class='gallery-icon portrait'>\n\t\t\t\t<a href='https:\/\/cpsanjuandelacadena.educacion.navarra.es\/blogs\/revista\/files\/2014\/06\/5\u00baA_poes\u00eda_2\u00ba_premioYushan2.jpg'><img width=\"150\" height=\"150\" src=\"https:\/\/cpsanjuandelacadena.educacion.navarra.es\/blogs\/revista\/files\/2014\/06\/5\u00baA_poes\u00eda_2\u00ba_premioYushan2-150x150.jpg\" class=\"attachment-thumbnail size-thumbnail\" alt=\"\" loading=\"lazy\" srcset=\"https:\/\/cpsanjuandelacadena.educacion.navarra.es\/blogs\/revista\/files\/2014\/06\/5\u00baA_poes\u00eda_2\u00ba_premioYushan2-150x150.jpg 150w, https:\/\/cpsanjuandelacadena.educacion.navarra.es\/blogs\/revista\/files\/2014\/06\/5\u00baA_poes\u00eda_2\u00ba_premioYushan2-36x36.jpg 36w, https:\/\/cpsanjuandelacadena.educacion.navarra.es\/blogs\/revista\/files\/2014\/06\/5\u00baA_poes\u00eda_2\u00ba_premioYushan2-115x115.jpg 115w\" sizes=\"(max-width: 150px) 100vw, 150px\" \/><\/a>\n\t\t\t<\/dt><\/dl><dl class='gallery-item'>\n\t\t\t<dt class='gallery-icon portrait'>\n\t\t\t\t<a href='https:\/\/cpsanjuandelacadena.educacion.navarra.es\/blogs\/revista\/files\/2014\/06\/5\u00baB_ilustraci\u00f3n.jpg'><img width=\"150\" height=\"150\" src=\"https:\/\/cpsanjuandelacadena.educacion.navarra.es\/blogs\/revista\/files\/2014\/06\/5\u00baB_ilustraci\u00f3n-150x150.jpg\" class=\"attachment-thumbnail size-thumbnail\" alt=\"\" loading=\"lazy\" srcset=\"https:\/\/cpsanjuandelacadena.educacion.navarra.es\/blogs\/revista\/files\/2014\/06\/5\u00baB_ilustraci\u00f3n-150x150.jpg 150w, https:\/\/cpsanjuandelacadena.educacion.navarra.es\/blogs\/revista\/files\/2014\/06\/5\u00baB_ilustraci\u00f3n-36x36.jpg 36w, https:\/\/cpsanjuandelacadena.educacion.navarra.es\/blogs\/revista\/files\/2014\/06\/5\u00baB_ilustraci\u00f3n-115x115.jpg 115w\" sizes=\"(max-width: 150px) 100vw, 150px\" \/><\/a>\n\t\t\t<\/dt><\/dl><br style=\"clear: both\" \/><dl class='gallery-item'>\n\t\t\t<dt class='gallery-icon portrait'>\n\t\t\t\t<a href='https:\/\/cpsanjuandelacadena.educacion.navarra.es\/blogs\/revista\/files\/2014\/06\/5\u00baB_poes\u00eda_1er_premio.jpg'><img width=\"150\" height=\"150\" src=\"https:\/\/cpsanjuandelacadena.educacion.navarra.es\/blogs\/revista\/files\/2014\/06\/5\u00baB_poes\u00eda_1er_premio-150x150.jpg\" class=\"attachment-thumbnail size-thumbnail\" alt=\"\" loading=\"lazy\" srcset=\"https:\/\/cpsanjuandelacadena.educacion.navarra.es\/blogs\/revista\/files\/2014\/06\/5\u00baB_poes\u00eda_1er_premio-150x150.jpg 150w, https:\/\/cpsanjuandelacadena.educacion.navarra.es\/blogs\/revista\/files\/2014\/06\/5\u00baB_poes\u00eda_1er_premio-36x36.jpg 36w, https:\/\/cpsanjuandelacadena.educacion.navarra.es\/blogs\/revista\/files\/2014\/06\/5\u00baB_poes\u00eda_1er_premio-115x115.jpg 115w\" sizes=\"(max-width: 150px) 100vw, 150px\" \/><\/a>\n\t\t\t<\/dt><\/dl><dl class='gallery-item'>\n\t\t\t<dt class='gallery-icon portrait'>\n\t\t\t\t<a href='https:\/\/cpsanjuandelacadena.educacion.navarra.es\/blogs\/revista\/files\/2014\/06\/5\u00baB_Poes\u00eda_2\u00ba_premio.jpg'><img width=\"150\" height=\"150\" src=\"https:\/\/cpsanjuandelacadena.educacion.navarra.es\/blogs\/revista\/files\/2014\/06\/5\u00baB_Poes\u00eda_2\u00ba_premio-150x150.jpg\" class=\"attachment-thumbnail size-thumbnail\" alt=\"\" loading=\"lazy\" srcset=\"https:\/\/cpsanjuandelacadena.educacion.navarra.es\/blogs\/revista\/files\/2014\/06\/5\u00baB_Poes\u00eda_2\u00ba_premio-150x150.jpg 150w, https:\/\/cpsanjuandelacadena.educacion.navarra.es\/blogs\/revista\/files\/2014\/06\/5\u00baB_Poes\u00eda_2\u00ba_premio-36x36.jpg 36w, https:\/\/cpsanjuandelacadena.educacion.navarra.es\/blogs\/revista\/files\/2014\/06\/5\u00baB_Poes\u00eda_2\u00ba_premio-115x115.jpg 115w\" sizes=\"(max-width: 150px) 100vw, 150px\" \/><\/a>\n\t\t\t<\/dt><\/dl><dl class='gallery-item'>\n\t\t\t<dt class='gallery-icon landscape'>\n\t\t\t\t<a href='https:\/\/cpsanjuandelacadena.educacion.navarra.es\/blogs\/revista\/files\/2014\/06\/6\u00baA_ilustracion.jpg'><img width=\"150\" height=\"150\" src=\"https:\/\/cpsanjuandelacadena.educacion.navarra.es\/blogs\/revista\/files\/2014\/06\/6\u00baA_ilustracion-150x150.jpg\" class=\"attachment-thumbnail size-thumbnail\" alt=\"\" loading=\"lazy\" srcset=\"https:\/\/cpsanjuandelacadena.educacion.navarra.es\/blogs\/revista\/files\/2014\/06\/6\u00baA_ilustracion-150x150.jpg 150w, https:\/\/cpsanjuandelacadena.educacion.navarra.es\/blogs\/revista\/files\/2014\/06\/6\u00baA_ilustracion-36x36.jpg 36w, https:\/\/cpsanjuandelacadena.educacion.navarra.es\/blogs\/revista\/files\/2014\/06\/6\u00baA_ilustracion-115x115.jpg 115w\" sizes=\"(max-width: 150px) 100vw, 150px\" \/><\/a>\n\t\t\t<\/dt><\/dl><br style=\"clear: both\" \/><dl class='gallery-item'>\n\t\t\t<dt class='gallery-icon portrait'>\n\t\t\t\t<a href='https:\/\/cpsanjuandelacadena.educacion.navarra.es\/blogs\/revista\/files\/2014\/06\/6\u00baA_poes\u00eda_-2\u00ba_premio.jpg'><img width=\"150\" height=\"150\" src=\"https:\/\/cpsanjuandelacadena.educacion.navarra.es\/blogs\/revista\/files\/2014\/06\/6\u00baA_poes\u00eda_-2\u00ba_premio-150x150.jpg\" class=\"attachment-thumbnail size-thumbnail\" alt=\"\" loading=\"lazy\" srcset=\"https:\/\/cpsanjuandelacadena.educacion.navarra.es\/blogs\/revista\/files\/2014\/06\/6\u00baA_poes\u00eda_-2\u00ba_premio-150x150.jpg 150w, https:\/\/cpsanjuandelacadena.educacion.navarra.es\/blogs\/revista\/files\/2014\/06\/6\u00baA_poes\u00eda_-2\u00ba_premio-36x36.jpg 36w, https:\/\/cpsanjuandelacadena.educacion.navarra.es\/blogs\/revista\/files\/2014\/06\/6\u00baA_poes\u00eda_-2\u00ba_premio-115x115.jpg 115w\" sizes=\"(max-width: 150px) 100vw, 150px\" \/><\/a>\n\t\t\t<\/dt><\/dl><dl class='gallery-item'>\n\t\t\t<dt class='gallery-icon portrait'>\n\t\t\t\t<a href='https:\/\/cpsanjuandelacadena.educacion.navarra.es\/blogs\/revista\/files\/2014\/06\/6\u00baA_poes\u00eda_1er_premio.jpg'><img width=\"150\" height=\"150\" src=\"https:\/\/cpsanjuandelacadena.educacion.navarra.es\/blogs\/revista\/files\/2014\/06\/6\u00baA_poes\u00eda_1er_premio-150x150.jpg\" class=\"attachment-thumbnail size-thumbnail\" alt=\"\" loading=\"lazy\" srcset=\"https:\/\/cpsanjuandelacadena.educacion.navarra.es\/blogs\/revista\/files\/2014\/06\/6\u00baA_poes\u00eda_1er_premio-150x150.jpg 150w, https:\/\/cpsanjuandelacadena.educacion.navarra.es\/blogs\/revista\/files\/2014\/06\/6\u00baA_poes\u00eda_1er_premio-36x36.jpg 36w, https:\/\/cpsanjuandelacadena.educacion.navarra.es\/blogs\/revista\/files\/2014\/06\/6\u00baA_poes\u00eda_1er_premio-115x115.jpg 115w\" sizes=\"(max-width: 150px) 100vw, 150px\" \/><\/a>\n\t\t\t<\/dt><\/dl><dl class='gallery-item'>\n\t\t\t<dt class='gallery-icon portrait'>\n\t\t\t\t<a href='https:\/\/cpsanjuandelacadena.educacion.navarra.es\/blogs\/revista\/files\/2014\/06\/6\u00baB_ilustraci\u00f3n.jpg'><img width=\"150\" height=\"150\" src=\"https:\/\/cpsanjuandelacadena.educacion.navarra.es\/blogs\/revista\/files\/2014\/06\/6\u00baB_ilustraci\u00f3n-150x150.jpg\" class=\"attachment-thumbnail size-thumbnail\" alt=\"\" loading=\"lazy\" srcset=\"https:\/\/cpsanjuandelacadena.educacion.navarra.es\/blogs\/revista\/files\/2014\/06\/6\u00baB_ilustraci\u00f3n-150x150.jpg 150w, https:\/\/cpsanjuandelacadena.educacion.navarra.es\/blogs\/revista\/files\/2014\/06\/6\u00baB_ilustraci\u00f3n-36x36.jpg 36w, https:\/\/cpsanjuandelacadena.educacion.navarra.es\/blogs\/revista\/files\/2014\/06\/6\u00baB_ilustraci\u00f3n-115x115.jpg 115w\" sizes=\"(max-width: 150px) 100vw, 150px\" \/><\/a>\n\t\t\t<\/dt><\/dl><br style=\"clear: both\" \/><dl class='gallery-item'>\n\t\t\t<dt class='gallery-icon portrait'>\n\t\t\t\t<a href='https:\/\/cpsanjuandelacadena.educacion.navarra.es\/blogs\/revista\/files\/2014\/06\/6\u00baB_ilustracion2.jpg'><img width=\"150\" height=\"150\" src=\"https:\/\/cpsanjuandelacadena.educacion.navarra.es\/blogs\/revista\/files\/2014\/06\/6\u00baB_ilustracion2-150x150.jpg\" class=\"attachment-thumbnail size-thumbnail\" alt=\"\" loading=\"lazy\" srcset=\"https:\/\/cpsanjuandelacadena.educacion.navarra.es\/blogs\/revista\/files\/2014\/06\/6\u00baB_ilustracion2-150x150.jpg 150w, https:\/\/cpsanjuandelacadena.educacion.navarra.es\/blogs\/revista\/files\/2014\/06\/6\u00baB_ilustracion2-36x36.jpg 36w, https:\/\/cpsanjuandelacadena.educacion.navarra.es\/blogs\/revista\/files\/2014\/06\/6\u00baB_ilustracion2-115x115.jpg 115w\" sizes=\"(max-width: 150px) 100vw, 150px\" \/><\/a>\n\t\t\t<\/dt><\/dl><dl class='gallery-item'>\n\t\t\t<dt class='gallery-icon portrait'>\n\t\t\t\t<a href='https:\/\/cpsanjuandelacadena.educacion.navarra.es\/blogs\/revista\/files\/2014\/06\/6\u00baB_poes\u00eda_1er-premio.jpg'><img width=\"150\" height=\"150\" src=\"https:\/\/cpsanjuandelacadena.educacion.navarra.es\/blogs\/revista\/files\/2014\/06\/6\u00baB_poes\u00eda_1er-premio-150x150.jpg\" class=\"attachment-thumbnail size-thumbnail\" alt=\"\" loading=\"lazy\" srcset=\"https:\/\/cpsanjuandelacadena.educacion.navarra.es\/blogs\/revista\/files\/2014\/06\/6\u00baB_poes\u00eda_1er-premio-150x150.jpg 150w, https:\/\/cpsanjuandelacadena.educacion.navarra.es\/blogs\/revista\/files\/2014\/06\/6\u00baB_poes\u00eda_1er-premio-36x36.jpg 36w, https:\/\/cpsanjuandelacadena.educacion.navarra.es\/blogs\/revista\/files\/2014\/06\/6\u00baB_poes\u00eda_1er-premio-115x115.jpg 115w\" sizes=\"(max-width: 150px) 100vw, 150px\" \/><\/a>\n\t\t\t<\/dt><\/dl><dl class='gallery-item'>\n\t\t\t<dt class='gallery-icon portrait'>\n\t\t\t\t<a href='https:\/\/cpsanjuandelacadena.educacion.navarra.es\/blogs\/revista\/files\/2014\/06\/6\u00baB_poes\u00eda_2\u00ba_premio.jpg'><img width=\"150\" height=\"150\" src=\"https:\/\/cpsanjuandelacadena.educacion.navarra.es\/blogs\/revista\/files\/2014\/06\/6\u00baB_poes\u00eda_2\u00ba_premio-150x150.jpg\" class=\"attachment-thumbnail size-thumbnail\" alt=\"\" loading=\"lazy\" srcset=\"https:\/\/cpsanjuandelacadena.educacion.navarra.es\/blogs\/revista\/files\/2014\/06\/6\u00baB_poes\u00eda_2\u00ba_premio-150x150.jpg 150w, https:\/\/cpsanjuandelacadena.educacion.navarra.es\/blogs\/revista\/files\/2014\/06\/6\u00baB_poes\u00eda_2\u00ba_premio-36x36.jpg 36w, https:\/\/cpsanjuandelacadena.educacion.navarra.es\/blogs\/revista\/files\/2014\/06\/6\u00baB_poes\u00eda_2\u00ba_premio-115x115.jpg 115w\" sizes=\"(max-width: 150px) 100vw, 150px\" \/><\/a>\n\t\t\t<\/dt><\/dl><br style=\"clear: both\" \/>\n\t\t<\/div>\n<\/p>\n","protected":false},"excerpt":{"rendered":"<p>\u00bfQuieres leer las poes\u00edas premiadas y ver las ilustraciones? Pincha en las im\u00e1genes y podr\u00e1s hacerlo.<\/p>\n","protected":false},"author":2,"featured_media":1001,"comment_status":"open","ping_status":"open","sticky":false,"template":"","format":"standard","meta":{"_links_to":"","_links_to_target":""},"categories":[23],"tags":[],"series":[28],"_links":{"self":[{"href":"https:\/\/cpsanjuandelacadena.educacion.navarra.es\/blogs\/revista\/wp-json\/wp\/v2\/posts\/978"}],"collection":[{"href":"https:\/\/cpsanjuandelacadena.educacion.navarra.es\/blogs\/revista\/wp-json\/wp\/v2\/posts"}],"about":[{"href":"https:\/\/cpsanjuandelacadena.educacion.navarra.es\/blogs\/revista\/wp-json\/wp\/v2\/types\/post"}],"author":[{"embeddable":true,"href":"https:\/\/cpsanjuandelacadena.educacion.navarra.es\/blogs\/revista\/wp-json\/wp\/v2\/users\/2"}],"replies":[{"embeddable":true,"href":"https:\/\/cpsanjuandelacadena.educacion.navarra.es\/blogs\/revista\/wp-json\/wp\/v2\/comments?post=978"}],"version-history":[{"count":0,"href":"https:\/\/cpsanjuandelacadena.educacion.navarra.es\/blogs\/revista\/wp-json\/wp\/v2\/posts\/978\/revisions"}],"wp:featuredmedia":[{"embeddable":true,"href":"https:\/\/cpsanjuandelacadena.educacion.navarra.es\/blogs\/revista\/wp-json\/wp\/v2\/media\/1001"}],"wp:attachment":[{"href":"https:\/\/cpsanjuandelacadena.educacion.navarra.es\/blogs\/revista\/wp-json\/wp\/v2\/media?parent=978"}],"wp:term":[{"taxonomy":"category","embeddable":true,"href":"https:\/\/cpsanjuandelacadena.educacion.navarra.es\/blogs\/revista\/wp-json\/wp\/v2\/categories?post=978"},{"taxonomy":"post_tag","embeddable":true,"href":"https:\/\/cpsanjuandelacadena.educacion.navarra.es\/blogs\/revista\/wp-json\/wp\/v2\/tags?post=978"},{"taxonomy":"series","embeddable":true,"href":"https:\/\/cpsanjuandelacadena.educacion.navarra.es\/blogs\/revista\/wp-json\/wp\/v2\/series?post=978"}],"curies":[{"name":"wp","href":"https:\/\/api.w.org\/{rel}","templated":true}]}}