{"id":949,"date":"2014-06-16T09:41:02","date_gmt":"2014-06-16T09:41:02","guid":{"rendered":"http:\/\/cpsanjuandelacadena.educacion.navarra.es\/blogs\/revista\/?p=949"},"modified":"2015-06-15T16:38:00","modified_gmt":"2015-06-15T16:38:00","slug":"taller-de-kamishibai-2","status":"publish","type":"post","link":"https:\/\/cpsanjuandelacadena.educacion.navarra.es\/blogs\/revista\/2014\/06\/16\/taller-de-kamishibai-2\/","title":{"rendered":"TALLER DE KAMISHIBAI"},"content":{"rendered":"<p>Seguimos desarrollando con ilusi\u00f3n y ganas el \u201cTaller de Kamishibai\u201d en el colegio. Este curso se ha unido a Carmen Varea y Carmen Aldama, las responsables del taller, Ana Martinez, tutora este curso de 2\u00ba de Primaria.<\/p>\n<p>Kamishibais creados en el taller el curso 2013-2014<br \/>\nLas alumnas participantes han trabajado de forma responsable y con ilusi\u00f3n.<br \/>\nKamishibais creados y autoras:<br \/>\nEl \u00e1rbol de los sue\u00f1os de Amaia Mart\u00ednez y Ainara Poot<br \/>\nEl pollito y la lombriz de Arantxa Andueza y Mar\u00eda Mart\u00ednez<br \/>\nEl rat\u00f3n de los tebeos de Leire Arregui e Irene Herranz<br \/>\nMartina lo hace todo al rev\u00e9s de Silvia Gil y Arantza Osinalde<br \/>\nLa hormiga viajera de Edurne Osinalde y Lidia Saralegui<br \/>\nRatones de Irati Azcona y Alba Fern\u00e1ndez<\/p>\n<p>Una delegaci\u00f3n de la Prefectura de Yamaguchi visita nuestro colegio<br \/>\nEl d\u00eda 23 de octubre, nos visit\u00f3 una delegaci\u00f3n de la Prefectura de Yamaguchi (Jap\u00f3n) acompa\u00f1ados por el Consejero de Educaci\u00f3n del Gobierno Foral, Jos\u00e9 Iribas, para conocer las actividades desarrolladas en el centro en torno al kamishibai.<br \/>\nDicha delegaci\u00f3n se encontraba en Navarra con motivo del d\u00e9cimo aniversario del hermanamiento entre ambas regiones.<br \/>\nDurante la visita, la delegaci\u00f3n japonesa ha asistido a la interpretaci\u00f3n en castellano-japon\u00e9s del kamishibai creado en el centro, \u201cElefantito tiene hambre\u201d, por las alumnas del colegio Mitsuki Chimura, de 5\u00ba curso, y Leire San Francisco, de 6\u00ba curso. Asimismo, ha saludado a las madres que colaboran con el Proyecto Kamishibai del centro y a las familias japonesas con ni\u00f1os matriculados en el colegio, y ha visitado la peque\u00f1a exposici\u00f3n fotogr\u00e1fica que relata la vinculaci\u00f3n del centro con el kamishibai.<br \/>\nFue una jornada en la que el colegio en general y los alumnos del Taller en particular, nos sentimos reconocidos y valorados<br \/>\nSesiones de interpretaci\u00f3n de kamishibais fuera del horario escolar a cargo del alumnado del Taller.<br \/>\nAdem\u00e1s de las interpretaciones que se hacen en el colegio en horario escolar, se hacen otras interpretaciones.<br \/>\nEste curso se han realizado en la Biblioteca General el \u00faltimo mi\u00e9rcoles de cada mes y en el edificio de Educaci\u00f3n Infantil del colegio los \u00faltimos jueves de mes.<br \/>\nComo novedad, el 28 de abril, ni\u00f1as de 6\u00ba interpretaron kamishibai en el centro\u00a0de mayores \u201cEl Vergel\u201d de Pamplona. Era la primera vez que atend\u00edamos una demanda dirigida a mayores y asumida por ni\u00f1as. La experiencia ha sido muy gratificante.<br \/>\nDado que estas actividades han sido fuera del horario escolar y voluntarias, agradecemos la disponibilidad de las alumnas y de sus familias.<br \/>\nColaboraci\u00f3n en la campa\u00f1a de prevenci\u00f3n de la obesidad infantil: \u201cJuega, come y divi\u00e9rtete con Tranqui\u201d del Instituto Navarro de Deporte y Juventud del Gobierno de Navarra<br \/>\nComo en a\u00f1os anteriores las alumnas y alumnos de 5\u00ba y 6\u00ba participantes en el Taller de Kamishibai del colegio han interpretado kamishibais creados expresamente para dicha campa\u00f1a, por profesorado y alumnado de nuestro colegio.<br \/>\nLos centros a los que hemos acudido este curso han sido: C.P. de Azpilaga\u00f1a, C.P. \u201cHilari\u00f3n Eslava\u201d de Burlada, Colegio \u201cLuis Amig\u00f3\u201d y C.P. de Beriain,.<br \/>\nSeguimos valorando de forma muy positiva para nuestros alumnos esta actividad.<br \/>\n\ufffc<\/p>\n<p>Encuentro de nuestros alumnos con los de dos centros escolares de educaci\u00f3n especial: CEE \u201cEl Molino\u201d y CEE \u201cAndr\u00e9s Mu\u00f1oz\u201d e intercambio de experiencias.<br \/>\nCon estos intercambios, adem\u00e1s de compartir el Kamishibai, se comparten experiencias y momentos de ocio y juego. Con ello esperamos sensibilizar a nuestros alumnos hacia las personas que tienen dificultades y facilitar el que vayan adquiriendo estrategias y experiencias satisfactorias de convivencia con todas las personas.<\/p>\n<div class=\"gallery\"><dl class='gallery-item'>\n\t\t\t<dt class='gallery-icon landscape'>\n\t\t\t\t<a href='https:\/\/cpsanjuandelacadena.educacion.navarra.es\/blogs\/revista\/2014\/06\/16\/taller-de-kamishibai-2\/img_2721\/'><img width=\"150\" height=\"150\" src=\"https:\/\/cpsanjuandelacadena.educacion.navarra.es\/blogs\/revista\/files\/2014\/06\/IMG_2721-150x150.jpg\" class=\"attachment-thumbnail size-thumbnail\" alt=\"\" loading=\"lazy\" srcset=\"https:\/\/cpsanjuandelacadena.educacion.navarra.es\/blogs\/revista\/files\/2014\/06\/IMG_2721-150x150.jpg 150w, https:\/\/cpsanjuandelacadena.educacion.navarra.es\/blogs\/revista\/files\/2014\/06\/IMG_2721-36x36.jpg 36w, https:\/\/cpsanjuandelacadena.educacion.navarra.es\/blogs\/revista\/files\/2014\/06\/IMG_2721-115x115.jpg 115w\" sizes=\"(max-width: 150px) 100vw, 150px\" \/><\/a>\n\t\t\t<\/dt><\/dl><dl class='gallery-item'>\n\t\t\t<dt class='gallery-icon landscape'>\n\t\t\t\t<a href='https:\/\/cpsanjuandelacadena.educacion.navarra.es\/blogs\/revista\/2014\/06\/16\/taller-de-kamishibai-2\/201406101413_0006\/'><img width=\"150\" height=\"150\" src=\"https:\/\/cpsanjuandelacadena.educacion.navarra.es\/blogs\/revista\/files\/2014\/06\/201406101413_0006-150x150.jpg\" class=\"attachment-thumbnail size-thumbnail\" alt=\"\" loading=\"lazy\" srcset=\"https:\/\/cpsanjuandelacadena.educacion.navarra.es\/blogs\/revista\/files\/2014\/06\/201406101413_0006-150x150.jpg 150w, https:\/\/cpsanjuandelacadena.educacion.navarra.es\/blogs\/revista\/files\/2014\/06\/201406101413_0006-36x36.jpg 36w, https:\/\/cpsanjuandelacadena.educacion.navarra.es\/blogs\/revista\/files\/2014\/06\/201406101413_0006-115x115.jpg 115w\" sizes=\"(max-width: 150px) 100vw, 150px\" \/><\/a>\n\t\t\t<\/dt><\/dl><dl class='gallery-item'>\n\t\t\t<dt class='gallery-icon landscape'>\n\t\t\t\t<a href='https:\/\/cpsanjuandelacadena.educacion.navarra.es\/blogs\/revista\/2014\/06\/16\/taller-de-kamishibai-2\/201406101413_0005\/'><img width=\"150\" height=\"150\" src=\"https:\/\/cpsanjuandelacadena.educacion.navarra.es\/blogs\/revista\/files\/2014\/06\/201406101413_0005-150x150.jpg\" class=\"attachment-thumbnail size-thumbnail\" alt=\"\" loading=\"lazy\" srcset=\"https:\/\/cpsanjuandelacadena.educacion.navarra.es\/blogs\/revista\/files\/2014\/06\/201406101413_0005-150x150.jpg 150w, https:\/\/cpsanjuandelacadena.educacion.navarra.es\/blogs\/revista\/files\/2014\/06\/201406101413_0005-36x36.jpg 36w, https:\/\/cpsanjuandelacadena.educacion.navarra.es\/blogs\/revista\/files\/2014\/06\/201406101413_0005-115x115.jpg 115w\" sizes=\"(max-width: 150px) 100vw, 150px\" \/><\/a>\n\t\t\t<\/dt><\/dl><br style=\"clear: both\" \/><dl class='gallery-item'>\n\t\t\t<dt class='gallery-icon landscape'>\n\t\t\t\t<a href='https:\/\/cpsanjuandelacadena.educacion.navarra.es\/blogs\/revista\/2014\/06\/16\/taller-de-kamishibai-2\/201406101413_0004\/'><img width=\"150\" height=\"150\" src=\"https:\/\/cpsanjuandelacadena.educacion.navarra.es\/blogs\/revista\/files\/2014\/06\/201406101413_0004-150x150.jpg\" class=\"attachment-thumbnail size-thumbnail\" alt=\"\" loading=\"lazy\" srcset=\"https:\/\/cpsanjuandelacadena.educacion.navarra.es\/blogs\/revista\/files\/2014\/06\/201406101413_0004-150x150.jpg 150w, https:\/\/cpsanjuandelacadena.educacion.navarra.es\/blogs\/revista\/files\/2014\/06\/201406101413_0004-36x36.jpg 36w, https:\/\/cpsanjuandelacadena.educacion.navarra.es\/blogs\/revista\/files\/2014\/06\/201406101413_0004-115x115.jpg 115w\" sizes=\"(max-width: 150px) 100vw, 150px\" \/><\/a>\n\t\t\t<\/dt><\/dl><dl class='gallery-item'>\n\t\t\t<dt class='gallery-icon landscape'>\n\t\t\t\t<a href='https:\/\/cpsanjuandelacadena.educacion.navarra.es\/blogs\/revista\/2014\/06\/16\/taller-de-kamishibai-2\/201406101413_0001\/'><img width=\"150\" height=\"150\" src=\"https:\/\/cpsanjuandelacadena.educacion.navarra.es\/blogs\/revista\/files\/2014\/06\/201406101413_0001-150x150.jpg\" class=\"attachment-thumbnail size-thumbnail\" alt=\"\" loading=\"lazy\" srcset=\"https:\/\/cpsanjuandelacadena.educacion.navarra.es\/blogs\/revista\/files\/2014\/06\/201406101413_0001-150x150.jpg 150w, https:\/\/cpsanjuandelacadena.educacion.navarra.es\/blogs\/revista\/files\/2014\/06\/201406101413_0001-36x36.jpg 36w, https:\/\/cpsanjuandelacadena.educacion.navarra.es\/blogs\/revista\/files\/2014\/06\/201406101413_0001-115x115.jpg 115w\" sizes=\"(max-width: 150px) 100vw, 150px\" \/><\/a>\n\t\t\t<\/dt><\/dl><dl class='gallery-item'>\n\t\t\t<dt class='gallery-icon landscape'>\n\t\t\t\t<a href='https:\/\/cpsanjuandelacadena.educacion.navarra.es\/blogs\/revista\/2014\/06\/16\/taller-de-kamishibai-2\/201406101413_0002\/'><img width=\"150\" height=\"150\" src=\"https:\/\/cpsanjuandelacadena.educacion.navarra.es\/blogs\/revista\/files\/2014\/06\/201406101413_0002-150x150.jpg\" class=\"attachment-thumbnail size-thumbnail\" alt=\"\" loading=\"lazy\" srcset=\"https:\/\/cpsanjuandelacadena.educacion.navarra.es\/blogs\/revista\/files\/2014\/06\/201406101413_0002-150x150.jpg 150w, https:\/\/cpsanjuandelacadena.educacion.navarra.es\/blogs\/revista\/files\/2014\/06\/201406101413_0002-36x36.jpg 36w, https:\/\/cpsanjuandelacadena.educacion.navarra.es\/blogs\/revista\/files\/2014\/06\/201406101413_0002-115x115.jpg 115w\" sizes=\"(max-width: 150px) 100vw, 150px\" \/><\/a>\n\t\t\t<\/dt><\/dl><br style=\"clear: both\" \/><dl class='gallery-item'>\n\t\t\t<dt class='gallery-icon landscape'>\n\t\t\t\t<a href='https:\/\/cpsanjuandelacadena.educacion.navarra.es\/blogs\/revista\/2014\/06\/16\/taller-de-kamishibai-2\/201406101413_0003\/'><img width=\"150\" height=\"150\" src=\"https:\/\/cpsanjuandelacadena.educacion.navarra.es\/blogs\/revista\/files\/2014\/06\/201406101413_0003-150x150.jpg\" class=\"attachment-thumbnail size-thumbnail\" alt=\"\" loading=\"lazy\" srcset=\"https:\/\/cpsanjuandelacadena.educacion.navarra.es\/blogs\/revista\/files\/2014\/06\/201406101413_0003-150x150.jpg 150w, https:\/\/cpsanjuandelacadena.educacion.navarra.es\/blogs\/revista\/files\/2014\/06\/201406101413_0003-36x36.jpg 36w, https:\/\/cpsanjuandelacadena.educacion.navarra.es\/blogs\/revista\/files\/2014\/06\/201406101413_0003-115x115.jpg 115w\" sizes=\"(max-width: 150px) 100vw, 150px\" \/><\/a>\n\t\t\t<\/dt><\/dl><dl class='gallery-item'>\n\t\t\t<dt class='gallery-icon landscape'>\n\t\t\t\t<a href='https:\/\/cpsanjuandelacadena.educacion.navarra.es\/blogs\/revista\/2014\/06\/16\/taller-de-kamishibai-2\/img_6768-2\/'><img width=\"150\" height=\"150\" src=\"https:\/\/cpsanjuandelacadena.educacion.navarra.es\/blogs\/revista\/files\/2014\/06\/IMG_6768.2-150x150.jpg\" class=\"attachment-thumbnail size-thumbnail\" alt=\"\" loading=\"lazy\" srcset=\"https:\/\/cpsanjuandelacadena.educacion.navarra.es\/blogs\/revista\/files\/2014\/06\/IMG_6768.2-150x150.jpg 150w, https:\/\/cpsanjuandelacadena.educacion.navarra.es\/blogs\/revista\/files\/2014\/06\/IMG_6768.2-36x36.jpg 36w, https:\/\/cpsanjuandelacadena.educacion.navarra.es\/blogs\/revista\/files\/2014\/06\/IMG_6768.2-115x115.jpg 115w\" sizes=\"(max-width: 150px) 100vw, 150px\" \/><\/a>\n\t\t\t<\/dt><\/dl>\n\t\t\t<br style='clear: both' \/>\n\t\t<\/div>\n\n","protected":false},"excerpt":{"rendered":"<p>Seguimos desarrollando con ilusi\u00f3n y ganas el \u201cTaller de Kamishibai\u201d en el colegio. Este curso se ha unido a Carmen Varea y Carmen Aldama, las responsables del taller, Ana Martinez, [&hellip;]<\/p>\n","protected":false},"author":22,"featured_media":956,"comment_status":"open","ping_status":"open","sticky":false,"template":"","format":"standard","meta":{"_links_to":"","_links_to_target":""},"categories":[5],"tags":[],"series":[28],"_links":{"self":[{"href":"https:\/\/cpsanjuandelacadena.educacion.navarra.es\/blogs\/revista\/wp-json\/wp\/v2\/posts\/949"}],"collection":[{"href":"https:\/\/cpsanjuandelacadena.educacion.navarra.es\/blogs\/revista\/wp-json\/wp\/v2\/posts"}],"about":[{"href":"https:\/\/cpsanjuandelacadena.educacion.navarra.es\/blogs\/revista\/wp-json\/wp\/v2\/types\/post"}],"author":[{"embeddable":true,"href":"https:\/\/cpsanjuandelacadena.educacion.navarra.es\/blogs\/revista\/wp-json\/wp\/v2\/users\/22"}],"replies":[{"embeddable":true,"href":"https:\/\/cpsanjuandelacadena.educacion.navarra.es\/blogs\/revista\/wp-json\/wp\/v2\/comments?post=949"}],"version-history":[{"count":0,"href":"https:\/\/cpsanjuandelacadena.educacion.navarra.es\/blogs\/revista\/wp-json\/wp\/v2\/posts\/949\/revisions"}],"wp:featuredmedia":[{"embeddable":true,"href":"https:\/\/cpsanjuandelacadena.educacion.navarra.es\/blogs\/revista\/wp-json\/wp\/v2\/media\/956"}],"wp:attachment":[{"href":"https:\/\/cpsanjuandelacadena.educacion.navarra.es\/blogs\/revista\/wp-json\/wp\/v2\/media?parent=949"}],"wp:term":[{"taxonomy":"category","embeddable":true,"href":"https:\/\/cpsanjuandelacadena.educacion.navarra.es\/blogs\/revista\/wp-json\/wp\/v2\/categories?post=949"},{"taxonomy":"post_tag","embeddable":true,"href":"https:\/\/cpsanjuandelacadena.educacion.navarra.es\/blogs\/revista\/wp-json\/wp\/v2\/tags?post=949"},{"taxonomy":"series","embeddable":true,"href":"https:\/\/cpsanjuandelacadena.educacion.navarra.es\/blogs\/revista\/wp-json\/wp\/v2\/series?post=949"}],"curies":[{"name":"wp","href":"https:\/\/api.w.org\/{rel}","templated":true}]}}