{"id":897,"date":"2014-06-12T20:11:46","date_gmt":"2014-06-12T20:11:46","guid":{"rendered":"http:\/\/cpsanjuandelacadena.educacion.navarra.es\/blogs\/revista\/?p=897"},"modified":"2014-06-13T11:00:07","modified_gmt":"2014-06-13T11:00:07","slug":"mi-historia-con-el-ajedrez","status":"publish","type":"post","link":"https:\/\/cpsanjuandelacadena.educacion.navarra.es\/blogs\/revista\/2014\/06\/12\/mi-historia-con-el-ajedrez\/","title":{"rendered":"Mi historia con el ajedrez"},"content":{"rendered":"<p>Empec\u00e9 a los 6 a\u00f1os jugando contra mi padre. A veces ganaba yo y a veces \u00e9l. A los 7 a\u00f1os me apunt\u00e9 a clases de ajedrez en la Asociaci\u00f3n Deportiva San Juan. Mi profesor siempre ha sido Roi, un maestro internacional en ajedrez. Yo era el mejor de la clase.<\/p>\n<p>Me gustaba mucho jugar a ajedrez as\u00ed que le ped\u00ed a mi padre que me regalase un tablero de viaje para poderlo llevar al colegio y jugar en el patio.<\/p>\n<p>Mi profesor Roi me invit\u00f3 a participar en torneos. En mi primer torneo perd\u00ed, pero en los siguientes torneos ganaba algunas partidas. Mi mejor torneo fue por equipos, mi equipo lleg\u00f3 a la final. All\u00ed ganamos al mejor equipo de Navarra. Otro torneo memorable fue el de Marcilla en el que jugu\u00e9 en el equipo del colegio San Juan de la Cadena. En el torneo quedamos cuartos, es decir, el cuarto mejor equipo de Navarra.<\/p>\n<p>El jefe de estudios Miguel me desafi\u00f3 cuando estaba en 5\u00ba y el desaf\u00edo sigue en pie. Despu\u00e9s\u00a0 de ese d\u00eda muchos compa\u00f1eros me han desafiado y a todos les he ganado. En total llevo jugando 5 a\u00f1os. Si alguien quiere jugar contra m\u00ed que me lo diga porque yo estoy listo. Os espero ansioso para jugar al ajedrez contra vosotros.<\/p>\n<p>Laertes Iriarte<\/p>\n<div class=\"gallery\"><dl class='gallery-item'>\n\t\t\t<dt class='gallery-icon portrait'>\n\t\t\t\t<a href='https:\/\/cpsanjuandelacadena.educacion.navarra.es\/blogs\/revista\/files\/2014\/06\/DSC02333.jpg'><img width=\"150\" height=\"150\" src=\"https:\/\/cpsanjuandelacadena.educacion.navarra.es\/blogs\/revista\/files\/2014\/06\/DSC02333-150x150.jpg\" class=\"attachment-thumbnail size-thumbnail\" alt=\"\" loading=\"lazy\" srcset=\"https:\/\/cpsanjuandelacadena.educacion.navarra.es\/blogs\/revista\/files\/2014\/06\/DSC02333-150x150.jpg 150w, https:\/\/cpsanjuandelacadena.educacion.navarra.es\/blogs\/revista\/files\/2014\/06\/DSC02333-36x36.jpg 36w, https:\/\/cpsanjuandelacadena.educacion.navarra.es\/blogs\/revista\/files\/2014\/06\/DSC02333-115x115.jpg 115w\" sizes=\"(max-width: 150px) 100vw, 150px\" \/><\/a>\n\t\t\t<\/dt><\/dl><dl class='gallery-item'>\n\t\t\t<dt class='gallery-icon landscape'>\n\t\t\t\t<a href='https:\/\/cpsanjuandelacadena.educacion.navarra.es\/blogs\/revista\/files\/2014\/06\/DSC02339.jpg'><img width=\"150\" height=\"150\" src=\"https:\/\/cpsanjuandelacadena.educacion.navarra.es\/blogs\/revista\/files\/2014\/06\/DSC02339-150x150.jpg\" class=\"attachment-thumbnail size-thumbnail\" alt=\"\" loading=\"lazy\" srcset=\"https:\/\/cpsanjuandelacadena.educacion.navarra.es\/blogs\/revista\/files\/2014\/06\/DSC02339-150x150.jpg 150w, https:\/\/cpsanjuandelacadena.educacion.navarra.es\/blogs\/revista\/files\/2014\/06\/DSC02339-36x36.jpg 36w, https:\/\/cpsanjuandelacadena.educacion.navarra.es\/blogs\/revista\/files\/2014\/06\/DSC02339-115x115.jpg 115w\" sizes=\"(max-width: 150px) 100vw, 150px\" \/><\/a>\n\t\t\t<\/dt><\/dl><br style=\"clear: both\" \/>\n\t\t<\/div>\n\n","protected":false},"excerpt":{"rendered":"<p>Empec\u00e9 a los 6 a\u00f1os jugando contra mi padre. A veces ganaba yo y a veces \u00e9l. A los 7 a\u00f1os me apunt\u00e9 a clases de ajedrez en la Asociaci\u00f3n [&hellip;]<\/p>\n","protected":false},"author":22,"featured_media":898,"comment_status":"open","ping_status":"open","sticky":false,"template":"","format":"standard","meta":{"_links_to":"","_links_to_target":""},"categories":[32],"tags":[],"series":[28],"_links":{"self":[{"href":"https:\/\/cpsanjuandelacadena.educacion.navarra.es\/blogs\/revista\/wp-json\/wp\/v2\/posts\/897"}],"collection":[{"href":"https:\/\/cpsanjuandelacadena.educacion.navarra.es\/blogs\/revista\/wp-json\/wp\/v2\/posts"}],"about":[{"href":"https:\/\/cpsanjuandelacadena.educacion.navarra.es\/blogs\/revista\/wp-json\/wp\/v2\/types\/post"}],"author":[{"embeddable":true,"href":"https:\/\/cpsanjuandelacadena.educacion.navarra.es\/blogs\/revista\/wp-json\/wp\/v2\/users\/22"}],"replies":[{"embeddable":true,"href":"https:\/\/cpsanjuandelacadena.educacion.navarra.es\/blogs\/revista\/wp-json\/wp\/v2\/comments?post=897"}],"version-history":[{"count":0,"href":"https:\/\/cpsanjuandelacadena.educacion.navarra.es\/blogs\/revista\/wp-json\/wp\/v2\/posts\/897\/revisions"}],"wp:featuredmedia":[{"embeddable":true,"href":"https:\/\/cpsanjuandelacadena.educacion.navarra.es\/blogs\/revista\/wp-json\/wp\/v2\/media\/898"}],"wp:attachment":[{"href":"https:\/\/cpsanjuandelacadena.educacion.navarra.es\/blogs\/revista\/wp-json\/wp\/v2\/media?parent=897"}],"wp:term":[{"taxonomy":"category","embeddable":true,"href":"https:\/\/cpsanjuandelacadena.educacion.navarra.es\/blogs\/revista\/wp-json\/wp\/v2\/categories?post=897"},{"taxonomy":"post_tag","embeddable":true,"href":"https:\/\/cpsanjuandelacadena.educacion.navarra.es\/blogs\/revista\/wp-json\/wp\/v2\/tags?post=897"},{"taxonomy":"series","embeddable":true,"href":"https:\/\/cpsanjuandelacadena.educacion.navarra.es\/blogs\/revista\/wp-json\/wp\/v2\/series?post=897"}],"curies":[{"name":"wp","href":"https:\/\/api.w.org\/{rel}","templated":true}]}}