{"id":771,"date":"2014-06-04T17:16:13","date_gmt":"2014-06-04T17:16:13","guid":{"rendered":"http:\/\/cpsanjuandelacadena.educacion.navarra.es\/blogs\/revista\/?p=771"},"modified":"2014-06-12T17:19:00","modified_gmt":"2014-06-12T17:19:00","slug":"tertulias-de-los-jueves","status":"publish","type":"post","link":"https:\/\/cpsanjuandelacadena.educacion.navarra.es\/blogs\/revista\/2014\/06\/04\/tertulias-de-los-jueves\/","title":{"rendered":"Tertulias de los jueves"},"content":{"rendered":"<p>En Enero de este a\u00f1o comenz\u00f3 su andadura el Club de Lectura del colegio. El <a href=\"https:\/\/cpsanjuandelacadena.educacion.navarra.es\/blogs\/revista\/files\/2014\/06\/club_lectura.jpg\"><img loading=\"lazy\" class=\"alignright size-thumbnail wp-image-803\" src=\"https:\/\/cpsanjuandelacadena.educacion.navarra.es\/blogs\/revista\/files\/2014\/06\/club_lectura-150x150.jpg\" alt=\"club_lectura\" width=\"150\" height=\"150\" srcset=\"https:\/\/cpsanjuandelacadena.educacion.navarra.es\/blogs\/revista\/files\/2014\/06\/club_lectura-150x150.jpg 150w, https:\/\/cpsanjuandelacadena.educacion.navarra.es\/blogs\/revista\/files\/2014\/06\/club_lectura-36x36.jpg 36w, https:\/\/cpsanjuandelacadena.educacion.navarra.es\/blogs\/revista\/files\/2014\/06\/club_lectura-115x115.jpg 115w\" sizes=\"(max-width: 150px) 100vw, 150px\" \/><\/a>objetivo era incentivar el gusto por la lectura en nuestros alumnos y alumnas de 6\u00ba.<\/p>\n<p>El club de Lectura lo formamos un grupo de chicos y chicas de este curso y dos profesoras del centro. Todos juntos, nos ponemos de acuerdo para leer el mismo libro al mismo tiempo. Cada uno lo lee en su casa y nos juntamos en una fecha concreta para comentarlo e intercambiar impresiones<br \/>\nEn las reuniones, se comenta sobre el argumento, el estilo del autor, los personajes, los hechos m\u00e1s impactantes o sorprendentes \u2026 Se opina sobre la trama o el final de la obra&#8230; Cada integrante del grupo expone sus ideas, aporta su punto de vista. As\u00ed, los distintos puntos de vista de cada uno enriquecen las impresiones que han tenido durante la lectura en privado.<\/p>\n<p>Durante este curso hemos le\u00eddo impresionantes historias: de detectives, de humor, hist\u00f3ricas, de sensibilizaci\u00f3n social\u2026 unas nos han gustado m\u00e1s, otras menos, unas nos han enganchado, otras menos\u2026 pero en todas ellas hemos aprendido cosas y sobre todo hemos disfrutado un mont\u00f3n.<\/p>\n","protected":false},"excerpt":{"rendered":"<p>En Enero de este a\u00f1o comenz\u00f3 su andadura el Club de Lectura del colegio. El objetivo era incentivar el gusto por la lectura en nuestros alumnos y alumnas de 6\u00ba. [&hellip;]<\/p>\n","protected":false},"author":2,"featured_media":803,"comment_status":"open","ping_status":"open","sticky":false,"template":"","format":"standard","meta":{"_links_to":"","_links_to_target":""},"categories":[7],"tags":[],"series":[28],"_links":{"self":[{"href":"https:\/\/cpsanjuandelacadena.educacion.navarra.es\/blogs\/revista\/wp-json\/wp\/v2\/posts\/771"}],"collection":[{"href":"https:\/\/cpsanjuandelacadena.educacion.navarra.es\/blogs\/revista\/wp-json\/wp\/v2\/posts"}],"about":[{"href":"https:\/\/cpsanjuandelacadena.educacion.navarra.es\/blogs\/revista\/wp-json\/wp\/v2\/types\/post"}],"author":[{"embeddable":true,"href":"https:\/\/cpsanjuandelacadena.educacion.navarra.es\/blogs\/revista\/wp-json\/wp\/v2\/users\/2"}],"replies":[{"embeddable":true,"href":"https:\/\/cpsanjuandelacadena.educacion.navarra.es\/blogs\/revista\/wp-json\/wp\/v2\/comments?post=771"}],"version-history":[{"count":0,"href":"https:\/\/cpsanjuandelacadena.educacion.navarra.es\/blogs\/revista\/wp-json\/wp\/v2\/posts\/771\/revisions"}],"wp:featuredmedia":[{"embeddable":true,"href":"https:\/\/cpsanjuandelacadena.educacion.navarra.es\/blogs\/revista\/wp-json\/wp\/v2\/media\/803"}],"wp:attachment":[{"href":"https:\/\/cpsanjuandelacadena.educacion.navarra.es\/blogs\/revista\/wp-json\/wp\/v2\/media?parent=771"}],"wp:term":[{"taxonomy":"category","embeddable":true,"href":"https:\/\/cpsanjuandelacadena.educacion.navarra.es\/blogs\/revista\/wp-json\/wp\/v2\/categories?post=771"},{"taxonomy":"post_tag","embeddable":true,"href":"https:\/\/cpsanjuandelacadena.educacion.navarra.es\/blogs\/revista\/wp-json\/wp\/v2\/tags?post=771"},{"taxonomy":"series","embeddable":true,"href":"https:\/\/cpsanjuandelacadena.educacion.navarra.es\/blogs\/revista\/wp-json\/wp\/v2\/series?post=771"}],"curies":[{"name":"wp","href":"https:\/\/api.w.org\/{rel}","templated":true}]}}