{"id":761,"date":"2014-06-16T07:36:00","date_gmt":"2014-06-16T07:36:00","guid":{"rendered":"http:\/\/cpsanjuandelacadena.educacion.navarra.es\/blogs\/revista\/?p=761"},"modified":"2014-06-16T07:36:36","modified_gmt":"2014-06-16T07:36:36","slug":"pablo-sarinena-jugador-de-la-seleccion-navarra-de-minibasket-masculino","status":"publish","type":"post","link":"https:\/\/cpsanjuandelacadena.educacion.navarra.es\/blogs\/revista\/2014\/06\/16\/pablo-sarinena-jugador-de-la-seleccion-navarra-de-minibasket-masculino\/","title":{"rendered":"Pablo Sari\u00f1ena, jugador de la selecci\u00f3n navarra de minibasket masculino"},"content":{"rendered":"<p>Hace dos a\u00f1os me convocaron a la Selecci\u00f3n Navarra de baloncesto para hacer unas pruebas, junto a mi compa\u00f1ero Pedro Sarobe. Nos eliminaron en el primer corte, solo duramos 2 d\u00edas.<br \/>\nPero aquella convocatoria se repiti\u00f3 el 1 de mayo de 2013. Tambi\u00e9n convocaron a Pedro otra vez, junto a algunos compa\u00f1eros de mi equipo. Los primeros entrenamientos me parec\u00edan duros, pero luego me acostumbr\u00e9 y ya no me parecieron tanto.<a href=\"https:\/\/cpsanjuandelacadena.educacion.navarra.es\/blogs\/revista\/files\/2014\/06\/pablo_2.jpg\"><img loading=\"lazy\" class=\"alignright size-thumbnail wp-image-919\" src=\"https:\/\/cpsanjuandelacadena.educacion.navarra.es\/blogs\/revista\/files\/2014\/06\/pablo_2-150x150.jpg\" alt=\"pablo_2\" width=\"150\" height=\"150\" srcset=\"https:\/\/cpsanjuandelacadena.educacion.navarra.es\/blogs\/revista\/files\/2014\/06\/pablo_2-150x150.jpg 150w, https:\/\/cpsanjuandelacadena.educacion.navarra.es\/blogs\/revista\/files\/2014\/06\/pablo_2-36x36.jpg 36w, https:\/\/cpsanjuandelacadena.educacion.navarra.es\/blogs\/revista\/files\/2014\/06\/pablo_2-115x115.jpg 115w\" sizes=\"(max-width: 150px) 100vw, 150px\" \/><\/a><br \/>\nSuper\u00e9 todos los cortes. Pero el corte de m\u00e1s tensi\u00f3n fue el pen\u00faltimo, en el que se formaron los quince mejores jugadores de Navarra de mi edad (la selecci\u00f3n navarra de minibasket).<br \/>\nLleg\u00f3 el campeonato de Espa\u00f1a de comunidades aut\u00f3nomas de minibasket. En el primer partido tuvimos que sufrir contra una Asturias muy fuerte ganando solo por 3 puntos. El segundo partido estuvo igualado hasta el final, pero a falta menos de un minuto, ganando por 5, met\u00ed un 3+1, un compa\u00f1ero unos tiros libres, y cerramos el partido que nos clasific\u00f3 a las semifinales para subir a categor\u00eda especial. El tercer partido lo perdimos por 21 puntos contra Castilla y Le\u00f3n. Pero jugamos muy bien, a los dem\u00e1s les gan\u00f3 por 50 puntos. Y lleg\u00f3 el partido decisivo contra Arag\u00f3n. Aquella fue una batalla \u00e9pica. Perdimos por 12 puntos. Pero jugamos perfectamente, en el partido preparatorio nos ganaron por 40 puntos.<br \/>\nTuvimos dificultad con los dem\u00e1s equipos porque en todos te encontrabas con un chico de m\u00e1s o menos 1,90 m. Jugu\u00e9 como falso sexto hombre (jugando m\u00e1s minutos que el titular).<\/p>\n","protected":false},"excerpt":{"rendered":"<p>Hace dos a\u00f1os me convocaron a la Selecci\u00f3n Navarra de baloncesto para hacer unas pruebas, junto a mi compa\u00f1ero Pedro Sarobe. Nos eliminaron en el primer corte, solo duramos 2 [&hellip;]<\/p>\n","protected":false},"author":2,"featured_media":919,"comment_status":"open","ping_status":"open","sticky":false,"template":"","format":"standard","meta":{"_links_to":"","_links_to_target":""},"categories":[5],"tags":[],"series":[28],"_links":{"self":[{"href":"https:\/\/cpsanjuandelacadena.educacion.navarra.es\/blogs\/revista\/wp-json\/wp\/v2\/posts\/761"}],"collection":[{"href":"https:\/\/cpsanjuandelacadena.educacion.navarra.es\/blogs\/revista\/wp-json\/wp\/v2\/posts"}],"about":[{"href":"https:\/\/cpsanjuandelacadena.educacion.navarra.es\/blogs\/revista\/wp-json\/wp\/v2\/types\/post"}],"author":[{"embeddable":true,"href":"https:\/\/cpsanjuandelacadena.educacion.navarra.es\/blogs\/revista\/wp-json\/wp\/v2\/users\/2"}],"replies":[{"embeddable":true,"href":"https:\/\/cpsanjuandelacadena.educacion.navarra.es\/blogs\/revista\/wp-json\/wp\/v2\/comments?post=761"}],"version-history":[{"count":0,"href":"https:\/\/cpsanjuandelacadena.educacion.navarra.es\/blogs\/revista\/wp-json\/wp\/v2\/posts\/761\/revisions"}],"wp:featuredmedia":[{"embeddable":true,"href":"https:\/\/cpsanjuandelacadena.educacion.navarra.es\/blogs\/revista\/wp-json\/wp\/v2\/media\/919"}],"wp:attachment":[{"href":"https:\/\/cpsanjuandelacadena.educacion.navarra.es\/blogs\/revista\/wp-json\/wp\/v2\/media?parent=761"}],"wp:term":[{"taxonomy":"category","embeddable":true,"href":"https:\/\/cpsanjuandelacadena.educacion.navarra.es\/blogs\/revista\/wp-json\/wp\/v2\/categories?post=761"},{"taxonomy":"post_tag","embeddable":true,"href":"https:\/\/cpsanjuandelacadena.educacion.navarra.es\/blogs\/revista\/wp-json\/wp\/v2\/tags?post=761"},{"taxonomy":"series","embeddable":true,"href":"https:\/\/cpsanjuandelacadena.educacion.navarra.es\/blogs\/revista\/wp-json\/wp\/v2\/series?post=761"}],"curies":[{"name":"wp","href":"https:\/\/api.w.org\/{rel}","templated":true}]}}