{"id":758,"date":"2014-06-12T17:19:31","date_gmt":"2014-06-12T17:19:31","guid":{"rendered":"http:\/\/cpsanjuandelacadena.educacion.navarra.es\/blogs\/revista\/?p=758"},"modified":"2014-06-12T17:19:31","modified_gmt":"2014-06-12T17:19:31","slug":"torneo-interescolar-osasuna-2013","status":"publish","type":"post","link":"https:\/\/cpsanjuandelacadena.educacion.navarra.es\/blogs\/revista\/2014\/06\/12\/torneo-interescolar-osasuna-2013\/","title":{"rendered":"Torneo interescolar Osasuna 2013"},"content":{"rendered":"<p>Durante las pasadas vacaciones de Navidad, algunos alumnos de 6\u00ba de<img loading=\"lazy\" class=\"alignright size-thumbnail wp-image-759\" src=\"https:\/\/cpsanjuandelacadena.educacion.navarra.es\/blogs\/revista\/files\/2014\/06\/equipo-150x150.jpg\" alt=\"San Juan de La Cadena\" width=\"150\" height=\"150\" srcset=\"https:\/\/cpsanjuandelacadena.educacion.navarra.es\/blogs\/revista\/files\/2014\/06\/equipo-150x150.jpg 150w, https:\/\/cpsanjuandelacadena.educacion.navarra.es\/blogs\/revista\/files\/2014\/06\/equipo-36x36.jpg 36w, https:\/\/cpsanjuandelacadena.educacion.navarra.es\/blogs\/revista\/files\/2014\/06\/equipo-115x115.jpg 115w\" sizes=\"(max-width: 150px) 100vw, 150px\" \/><br \/>\nprimaria participaron en el TORNEO INTERESCOLAR OSASUNA.<br \/>\nLa primera jornada se jug\u00f3 el d\u00eda 24 de diciembre contra el colegio LA PRESENTACI\u00d3N DOMINICAS. En este partido los representantes de nuestro colegio ganaron por 5 goles a 0.<br \/>\nLa segunda jornada, fr\u00eda pero soleada, se celebr\u00f3 el d\u00eda 30 y perdimos contra los favoritos, el colegio ERRENIEGA, por un gol en el \u00faltimo minuto.<\/p>\n<p>Aunque nuestras posibilidades de pasar a la siguiente fase eran escasas, jugamos nuestro siguiente partido contra el colegio SANTO TOMAS, y aunque fuimos por delante la mayor parte del partido nos fueron acortando distancias y llegamos al final con un empate a 2.<br \/>\nNo conseguimos pasar a la siguiente fase, pero\u2026<br \/>\nNOS LO PASAMOS MUY BIEN, JUGAMOS EN EQUIPO Y LE DEDICAMOS A DIEGO CAMPOS UNA CAMISETA CON TODAS NUESTRAS FIRMAS DESE\u00c1NDOLE LO MEJOR.<\/p>\n<p>\u00a1HASTA EL A\u00d1O QUE VIENE!<\/p>\n","protected":false},"excerpt":{"rendered":"<p>Durante las pasadas vacaciones de Navidad, algunos alumnos de 6\u00ba de primaria participaron en el TORNEO INTERESCOLAR OSASUNA. La primera jornada se jug\u00f3 el d\u00eda 24 de diciembre contra el [&hellip;]<\/p>\n","protected":false},"author":2,"featured_media":759,"comment_status":"open","ping_status":"open","sticky":false,"template":"","format":"standard","meta":{"_links_to":"","_links_to_target":""},"categories":[5],"tags":[],"series":[28],"_links":{"self":[{"href":"https:\/\/cpsanjuandelacadena.educacion.navarra.es\/blogs\/revista\/wp-json\/wp\/v2\/posts\/758"}],"collection":[{"href":"https:\/\/cpsanjuandelacadena.educacion.navarra.es\/blogs\/revista\/wp-json\/wp\/v2\/posts"}],"about":[{"href":"https:\/\/cpsanjuandelacadena.educacion.navarra.es\/blogs\/revista\/wp-json\/wp\/v2\/types\/post"}],"author":[{"embeddable":true,"href":"https:\/\/cpsanjuandelacadena.educacion.navarra.es\/blogs\/revista\/wp-json\/wp\/v2\/users\/2"}],"replies":[{"embeddable":true,"href":"https:\/\/cpsanjuandelacadena.educacion.navarra.es\/blogs\/revista\/wp-json\/wp\/v2\/comments?post=758"}],"version-history":[{"count":0,"href":"https:\/\/cpsanjuandelacadena.educacion.navarra.es\/blogs\/revista\/wp-json\/wp\/v2\/posts\/758\/revisions"}],"wp:featuredmedia":[{"embeddable":true,"href":"https:\/\/cpsanjuandelacadena.educacion.navarra.es\/blogs\/revista\/wp-json\/wp\/v2\/media\/759"}],"wp:attachment":[{"href":"https:\/\/cpsanjuandelacadena.educacion.navarra.es\/blogs\/revista\/wp-json\/wp\/v2\/media?parent=758"}],"wp:term":[{"taxonomy":"category","embeddable":true,"href":"https:\/\/cpsanjuandelacadena.educacion.navarra.es\/blogs\/revista\/wp-json\/wp\/v2\/categories?post=758"},{"taxonomy":"post_tag","embeddable":true,"href":"https:\/\/cpsanjuandelacadena.educacion.navarra.es\/blogs\/revista\/wp-json\/wp\/v2\/tags?post=758"},{"taxonomy":"series","embeddable":true,"href":"https:\/\/cpsanjuandelacadena.educacion.navarra.es\/blogs\/revista\/wp-json\/wp\/v2\/series?post=758"}],"curies":[{"name":"wp","href":"https:\/\/api.w.org\/{rel}","templated":true}]}}