{"id":757,"date":"2014-06-16T12:10:40","date_gmt":"2014-06-16T12:10:40","guid":{"rendered":"http:\/\/cpsanjuandelacadena.educacion.navarra.es\/blogs\/revista\/?p=757"},"modified":"2014-06-16T10:10:57","modified_gmt":"2014-06-16T10:10:57","slug":"xxv-certamen-literario-presentacion","status":"publish","type":"post","link":"https:\/\/cpsanjuandelacadena.educacion.navarra.es\/blogs\/revista\/2014\/06\/16\/xxv-certamen-literario-presentacion\/","title":{"rendered":"XXV certamen literario &#8211; Presentaci\u00f3n"},"content":{"rendered":"<p>Este curso hemos celebrado el XXV certamen literario y para ello hemos querido rendir un homenaje a uno de los m\u00e1s importantes <a href=\"https:\/\/cpsanjuandelacadena.educacion.navarra.es\/blogs\/revista\/files\/2014\/06\/certamen.jpg\"><img loading=\"lazy\" class=\"alignright size-thumbnail wp-image-894\" src=\"https:\/\/cpsanjuandelacadena.educacion.navarra.es\/blogs\/revista\/files\/2014\/06\/certamen-150x150.jpg\" alt=\"certamen\" width=\"150\" height=\"150\" srcset=\"https:\/\/cpsanjuandelacadena.educacion.navarra.es\/blogs\/revista\/files\/2014\/06\/certamen-150x150.jpg 150w, https:\/\/cpsanjuandelacadena.educacion.navarra.es\/blogs\/revista\/files\/2014\/06\/certamen-36x36.jpg 36w, https:\/\/cpsanjuandelacadena.educacion.navarra.es\/blogs\/revista\/files\/2014\/06\/certamen-115x115.jpg 115w\" sizes=\"(max-width: 150px) 100vw, 150px\" \/><\/a>poetas de nuestra literatura en el 75\u00ba aniversario de su muerte, es por eso que el certamen ha sido sobre poes\u00eda ilustrada.<\/p>\n<p>Cada curso ha tenido dos ganadores de poes\u00eda y otro de ilustraci\u00f3n.<\/p>\n<p>Son varias las actividades que se han desarrollado del 9 al 16 de abril; algunas de ellas han sido: asistencia a la representaci\u00f3n del Cyrano de Bergerat del alumnado de 6\u00ba, talleres de interculturalidad con familias de 2\u00ba, cuentacuentos alumnado de 1\u00ba&#8230;<\/p>\n<p>Adem\u00e1s el alumnado de primaria prepar\u00f3 con la profesora de m\u00fasica algunas de las canciones de Joan Manuel Serrat, entre ellas \u201cCaminante no hay camino\u2026\u201d que han cantado a las entradas y las salidas del colegio.<\/p>\n<p>Las obras de los ganadores fueron expuestas en el vest\u00edbulo, as\u00ed como un mural, realizado por el alumnado de pr\u00e1cticas, y seis obras sobre Antonio Machado, realizadas por el alumnado del taller de pintura y por supuesto nuestro tradicional Don Quijote, Sancho Panza, Rocinante y Rucio.<\/p>\n<p>El d\u00eda del certamen el alumnado de 6\u00ba fue el encargado de presentarlo, dando paso a la lectura de las poes\u00edas premiadas y a las ilustraciones. A continuaci\u00f3n las tutoras entregaron un libro a cada uno.<\/p>\n<p>Durante el certamen se interpretaron kamishibais de la mano del alumnado de 5\u00ba que acuden al\u00a0taller y tambi\u00e9n se recit\u00f3 alguna poes\u00eda de Antonio Machado.<\/p>\n<p>Como broche final toda la comunidad educativa sali\u00f3 a las escaleras y barandilla del colegio para cantar \u201cCaminante no hay camino\u201d.<\/p>\n<p>A continuaci\u00f3n pod\u00e9is ver los nombres y las obras de los ganadores:<\/p>\n<p>6\u00ba A1\u00baViernesLaertes Iriarte Oses<\/p>\n<table width=\"500\">\n<tbody>\n<tr>\n<td width=\"65\"><strong>Grupo<\/strong><\/td>\n<td width=\"65\"><strong>Premio<\/strong><\/td>\n<td width=\"150\"><strong>T\u00edtulo de la Obra<\/strong><\/td>\n<td width=\"190\"><strong>Autor<\/strong><\/td>\n<\/tr>\n<tr>\n<td rowspan=\"3\" width=\"69\">1\u00ba A<\/td>\n<td width=\"65\">1\u00ba<\/td>\n<td width=\"150\">El limpiador<\/td>\n<td width=\"190\">Ibon Hijosa Redondo<\/td>\n<\/tr>\n<tr>\n<td width=\"65\">2\u00ba<\/td>\n<td width=\"150\">El gatito Gaspar<\/td>\n<td width=\"190\">Leyre Garc\u00eda V\u00e9lez<\/td>\n<\/tr>\n<tr>\n<td width=\"65\">Ilustraci\u00f3n<\/td>\n<td width=\"150\"><\/td>\n<td width=\"190\">Huixin Jin<\/td>\n<\/tr>\n<tr>\n<td rowspan=\"3\" width=\"69\">1\u00ba B<\/td>\n<td width=\"65\">1\u00ba<\/td>\n<td width=\"150\">La tierra<\/td>\n<td width=\"190\">Maitane Mart\u00ednez \u00dariz<\/td>\n<\/tr>\n<tr>\n<td width=\"65\">2\u00ba<\/td>\n<td width=\"150\">El jard\u00edn<\/td>\n<td width=\"190\">Alba Duarte Larraz<\/td>\n<\/tr>\n<tr>\n<td width=\"65\">Ilustraci\u00f3n<\/td>\n<td width=\"150\"><\/td>\n<td width=\"190\">Aroa Peralta Erro<\/td>\n<\/tr>\n<tr>\n<td rowspan=\"3\" width=\"69\">2\u00ba A<\/td>\n<td width=\"65\">1\u00ba<\/td>\n<td width=\"150\">El tigre<\/td>\n<td width=\"190\">Pablo Cenzano Os\u00e9s<\/td>\n<\/tr>\n<tr>\n<td width=\"65\">2\u00ba<\/td>\n<td width=\"150\">El viaje a la muerte<\/td>\n<td width=\"190\">In\u00e9s Casado San Jos\u00e9<\/td>\n<\/tr>\n<tr>\n<td width=\"65\">Ilustraci\u00f3n<\/td>\n<td width=\"150\"><\/td>\n<td width=\"190\">Maite Ordo\u00f1ez Corredera<\/td>\n<\/tr>\n<tr>\n<td rowspan=\"3\" width=\"69\">2\u00ba B<\/td>\n<td width=\"65\">1\u00ba<\/td>\n<td width=\"150\">Mi primera perrita<\/td>\n<td width=\"190\">Amy Saori Echevarr\u00eda Silva<\/td>\n<\/tr>\n<tr>\n<td width=\"65\">2\u00ba<\/td>\n<td width=\"150\">Lo que me gusta<\/td>\n<td width=\"190\">Javier Sarobe Feijo\u00f3<\/td>\n<\/tr>\n<tr>\n<td width=\"65\">Ilustraci\u00f3n<\/td>\n<td width=\"150\">Carnaval<\/td>\n<td width=\"190\">Jone Fagoaga de Carlos<\/td>\n<\/tr>\n<tr>\n<td rowspan=\"3\" width=\"69\">3\u00ba A<\/td>\n<td width=\"65\">1\u00ba<\/td>\n<td width=\"150\">La Naturaleza<\/td>\n<td width=\"190\">Iranzu Andueza Nuin<\/td>\n<\/tr>\n<tr>\n<td width=\"65\">2\u00ba<\/td>\n<td width=\"150\">El viento<\/td>\n<td width=\"190\">Emma Rodriguez Diez<\/td>\n<\/tr>\n<tr>\n<td width=\"65\">Ilustraci\u00f3n<\/td>\n<td width=\"150\">El d\u00eda<\/td>\n<td width=\"190\">Luan Echarte Fonseca<\/td>\n<\/tr>\n<tr>\n<td rowspan=\"3\" width=\"69\">3\u00ba B<\/td>\n<td width=\"65\">1\u00ba<\/td>\n<td width=\"150\">Cada D\u00eda<\/td>\n<td width=\"190\">Beatriz Usoz<\/td>\n<\/tr>\n<tr>\n<td width=\"85\">2\u00ba<\/td>\n<td width=\"150\">La primavera viene<\/td>\n<td width=\"190\">V\u00edctor Domingo<\/td>\n<\/tr>\n<tr>\n<td width=\"65\">Ilustraci\u00f3n<\/td>\n<td width=\"150\">La lluvia<\/td>\n<td width=\"190\">Sara Zamora Oqui\u00f1ena<\/td>\n<\/tr>\n<tr>\n<td rowspan=\"3\" width=\"69\">4\u00ba A<\/td>\n<td width=\"65\">1\u00ba<\/td>\n<td width=\"150\">En la orilla del mar<\/td>\n<td width=\"190\">David Beorlegui Sarriguren<\/td>\n<\/tr>\n<tr>\n<td width=\"65\">2\u00ba<\/td>\n<td width=\"150\">Primavera<\/td>\n<td width=\"190\">Jon Zarranz Arrondo<\/td>\n<\/tr>\n<tr>\n<td width=\"65\">Ilustraci\u00f3n<\/td>\n<td width=\"150\">Los libros<\/td>\n<td width=\"190\">Andrea Arilla Luqui<\/td>\n<\/tr>\n<tr>\n<td rowspan=\"3\" width=\"69\">4\u00ba B<\/td>\n<td width=\"65\">1\u00ba<\/td>\n<td width=\"150\">La \u00e9poca Medieval<\/td>\n<td width=\"190\">Asier Ros Laborra<\/td>\n<\/tr>\n<tr>\n<td width=\"65\">2\u00ba<\/td>\n<td width=\"150\">El colegio<\/td>\n<td width=\"190\">Saioa San Francisco Arilla<\/td>\n<\/tr>\n<tr>\n<td width=\"65\">Ilustraci\u00f3n<\/td>\n<td width=\"150\">El rat\u00f3n<\/td>\n<td width=\"190\">Ana Ezpeleta Ballestero<\/td>\n<\/tr>\n<tr>\n<td rowspan=\"3\" width=\"69\">5\u00ba A<\/td>\n<td width=\"65\">1\u00ba<\/td>\n<td width=\"150\">Rimando con n\u00fameros<\/td>\n<td width=\"190\">Javier Est\u00e9vez Ar\u00e9valo<\/td>\n<\/tr>\n<tr>\n<td width=\"65\">2\u00ba<\/td>\n<td width=\"150\">Las Rosas<\/td>\n<td width=\"190\">Yushan Zheng<\/td>\n<\/tr>\n<tr>\n<td width=\"65\">Ilustraci\u00f3n<\/td>\n<td width=\"150\">Las rojas flores<\/td>\n<td width=\"190\">\u00c1ngela Colmenar de Rodrigo<\/td>\n<\/tr>\n<tr>\n<td rowspan=\"3\" width=\"69\">5\u00ba B<\/td>\n<td width=\"65\">1\u00ba<\/td>\n<td width=\"150\">Los dem\u00e1s<\/td>\n<td width=\"190\">Adam Campos El Abidi<\/td>\n<\/tr>\n<tr>\n<td width=\"65\">2\u00ba<\/td>\n<td width=\"150\">Los planetas<\/td>\n<td width=\"190\">Sara Salman Salman<\/td>\n<\/tr>\n<tr>\n<td width=\"65\">Ilustraci\u00f3n<\/td>\n<td width=\"150\">Al verte<\/td>\n<td width=\"190\">Alba Fern\u00e1ndez \u00c1lava<\/td>\n<\/tr>\n<tr>\n<td rowspan=\"3\" width=\"69\">6\u00ba A<\/td>\n<td width=\"65\">1\u00ba<\/td>\n<td width=\"150\">Viernes<\/td>\n<td width=\"190\">Laertes Iriarte Oses<\/td>\n<\/tr>\n<tr>\n<td width=\"65\">2\u00ba<\/td>\n<td width=\"150\">La vida<\/td>\n<td width=\"190\">Galo Echarri Zamora<\/td>\n<\/tr>\n<tr>\n<td width=\"65\">Ilustraci\u00f3n<\/td>\n<td width=\"150\">Guitarra<\/td>\n<td width=\"190\">In\u00e9s Orbegozo Torrano<\/td>\n<\/tr>\n<tr>\n<td rowspan=\"3\" width=\"69\">6\u00ba B<\/td>\n<td width=\"65\">1\u00ba<\/td>\n<td width=\"150\">Si llegaras all\u00ed<\/td>\n<td width=\"190\">Mengwei Wu<\/td>\n<\/tr>\n<tr>\n<td width=\"65\">2\u00ba<\/td>\n<td width=\"150\">El mar<\/td>\n<td width=\"190\">Saioa Gonz\u00e1lez Inchusta<\/td>\n<\/tr>\n<tr>\n<td width=\"65\">Ilustraci\u00f3n<\/td>\n<td width=\"150\">Alumnos de 6\u00ba B<\/td>\n<td width=\"190\">Luc\u00eda Zabal Vitoria<\/td>\n<\/tr>\n<\/tbody>\n<\/table>\n","protected":false},"excerpt":{"rendered":"<p>Este curso hemos celebrado el XXV certamen literario y para ello hemos querido rendir un homenaje a uno de los m\u00e1s importantes poetas de nuestra literatura en el 75\u00ba aniversario [&hellip;]<\/p>\n","protected":false},"author":2,"featured_media":894,"comment_status":"open","ping_status":"open","sticky":false,"template":"","format":"standard","meta":{"_links_to":"","_links_to_target":""},"categories":[23],"tags":[],"series":[28],"_links":{"self":[{"href":"https:\/\/cpsanjuandelacadena.educacion.navarra.es\/blogs\/revista\/wp-json\/wp\/v2\/posts\/757"}],"collection":[{"href":"https:\/\/cpsanjuandelacadena.educacion.navarra.es\/blogs\/revista\/wp-json\/wp\/v2\/posts"}],"about":[{"href":"https:\/\/cpsanjuandelacadena.educacion.navarra.es\/blogs\/revista\/wp-json\/wp\/v2\/types\/post"}],"author":[{"embeddable":true,"href":"https:\/\/cpsanjuandelacadena.educacion.navarra.es\/blogs\/revista\/wp-json\/wp\/v2\/users\/2"}],"replies":[{"embeddable":true,"href":"https:\/\/cpsanjuandelacadena.educacion.navarra.es\/blogs\/revista\/wp-json\/wp\/v2\/comments?post=757"}],"version-history":[{"count":0,"href":"https:\/\/cpsanjuandelacadena.educacion.navarra.es\/blogs\/revista\/wp-json\/wp\/v2\/posts\/757\/revisions"}],"wp:featuredmedia":[{"embeddable":true,"href":"https:\/\/cpsanjuandelacadena.educacion.navarra.es\/blogs\/revista\/wp-json\/wp\/v2\/media\/894"}],"wp:attachment":[{"href":"https:\/\/cpsanjuandelacadena.educacion.navarra.es\/blogs\/revista\/wp-json\/wp\/v2\/media?parent=757"}],"wp:term":[{"taxonomy":"category","embeddable":true,"href":"https:\/\/cpsanjuandelacadena.educacion.navarra.es\/blogs\/revista\/wp-json\/wp\/v2\/categories?post=757"},{"taxonomy":"post_tag","embeddable":true,"href":"https:\/\/cpsanjuandelacadena.educacion.navarra.es\/blogs\/revista\/wp-json\/wp\/v2\/tags?post=757"},{"taxonomy":"series","embeddable":true,"href":"https:\/\/cpsanjuandelacadena.educacion.navarra.es\/blogs\/revista\/wp-json\/wp\/v2\/series?post=757"}],"curies":[{"name":"wp","href":"https:\/\/api.w.org\/{rel}","templated":true}]}}