{"id":745,"date":"2014-06-12T17:30:19","date_gmt":"2014-06-12T17:30:19","guid":{"rendered":"http:\/\/cpsanjuandelacadena.educacion.navarra.es\/blogs\/revista\/?p=745"},"modified":"2014-06-12T17:30:19","modified_gmt":"2014-06-12T17:30:19","slug":"ricardo-gomez-visita-del-escritor","status":"publish","type":"post","link":"https:\/\/cpsanjuandelacadena.educacion.navarra.es\/blogs\/revista\/2014\/06\/12\/ricardo-gomez-visita-del-escritor\/","title":{"rendered":"Ricardo G\u00f3mez: visita del escritor"},"content":{"rendered":"<p>El famoso escritor de Ojo de Nube Ricardo G\u00f3mez nos visit\u00f3 hace unas semanas.<\/p>\n<p>D\u00edas antes de su llegada, los alumnos y alumnas de 6\u00ba empezamos a preparar su visita, es decir, decoramos el colegio con dibujos y tipis indios, ya que Ojo de Nube es una historia de indios. Nos cost\u00f3 varios d\u00edas pintar en las ventanas del centro, dibujar y pintar las decoraciones y construir los tipis, cosa que hicimos algunos voluntarios.<br \/>\nAdem\u00e1s de decorar el centro, tambi\u00e9n nos estuvimos documentando sobre \u00e9l. Buscamos su biograf\u00eda, sus obras y emprendimos una lectura com\u00fan de su libro Ojo de Nube.<br \/>\nRicardo G\u00f3mez lleg\u00f3 al centro el lunes 5 de mayo. Algunos alumnos de 6\u00ba le recibimos disfrazados de indios, sentados en las escaleras y reposando dentro de los tipis que previamente hab\u00edamos construido. Estos alumnos le acompa\u00f1aron hasta la clase de 6\u00baA d\u00f3nde todos y todas le esper\u00e1bamos con la cara pintada como los indios. Una vez en la clase se present\u00f3 y dej\u00f3 que le hici\u00e9ramos preguntas.<br \/>\nTodos descubrimos que Ricardo G\u00f3mez es un hombre muy interesante y, que para hacer el libro de Ojo de Nube se tuvo que documentar mucho, y por esto aprendimos muchas cosas sobre los indios.<\/p>\n<div class=\"gallery\"><dl class='gallery-item'>\n\t\t\t<dt class='gallery-icon landscape'>\n\t\t\t\t<a href='https:\/\/cpsanjuandelacadena.educacion.navarra.es\/blogs\/revista\/files\/2014\/05\/ricardo_gomez_3.jpg'><img width=\"150\" height=\"150\" src=\"https:\/\/cpsanjuandelacadena.educacion.navarra.es\/blogs\/revista\/files\/2014\/05\/ricardo_gomez_3-150x150.jpg\" class=\"attachment-thumbnail size-thumbnail\" alt=\"\" loading=\"lazy\" srcset=\"https:\/\/cpsanjuandelacadena.educacion.navarra.es\/blogs\/revista\/files\/2014\/05\/ricardo_gomez_3-150x150.jpg 150w, https:\/\/cpsanjuandelacadena.educacion.navarra.es\/blogs\/revista\/files\/2014\/05\/ricardo_gomez_3-36x36.jpg 36w, https:\/\/cpsanjuandelacadena.educacion.navarra.es\/blogs\/revista\/files\/2014\/05\/ricardo_gomez_3-115x115.jpg 115w\" sizes=\"(max-width: 150px) 100vw, 150px\" \/><\/a>\n\t\t\t<\/dt><\/dl><dl class='gallery-item'>\n\t\t\t<dt class='gallery-icon landscape'>\n\t\t\t\t<a href='https:\/\/cpsanjuandelacadena.educacion.navarra.es\/blogs\/revista\/files\/2014\/06\/ricardo_gomez_4.jpg'><img width=\"150\" height=\"150\" src=\"https:\/\/cpsanjuandelacadena.educacion.navarra.es\/blogs\/revista\/files\/2014\/06\/ricardo_gomez_4-150x150.jpg\" class=\"attachment-thumbnail size-thumbnail\" alt=\"\" loading=\"lazy\" srcset=\"https:\/\/cpsanjuandelacadena.educacion.navarra.es\/blogs\/revista\/files\/2014\/06\/ricardo_gomez_4-150x150.jpg 150w, https:\/\/cpsanjuandelacadena.educacion.navarra.es\/blogs\/revista\/files\/2014\/06\/ricardo_gomez_4-36x36.jpg 36w, https:\/\/cpsanjuandelacadena.educacion.navarra.es\/blogs\/revista\/files\/2014\/06\/ricardo_gomez_4-115x115.jpg 115w\" sizes=\"(max-width: 150px) 100vw, 150px\" \/><\/a>\n\t\t\t<\/dt><\/dl><dl class='gallery-item'>\n\t\t\t<dt class='gallery-icon landscape'>\n\t\t\t\t<a href='https:\/\/cpsanjuandelacadena.educacion.navarra.es\/blogs\/revista\/files\/2014\/06\/ricardo_gomez_5.jpg'><img width=\"150\" height=\"150\" src=\"https:\/\/cpsanjuandelacadena.educacion.navarra.es\/blogs\/revista\/files\/2014\/06\/ricardo_gomez_5-150x150.jpg\" class=\"attachment-thumbnail size-thumbnail\" alt=\"\" loading=\"lazy\" srcset=\"https:\/\/cpsanjuandelacadena.educacion.navarra.es\/blogs\/revista\/files\/2014\/06\/ricardo_gomez_5-150x150.jpg 150w, https:\/\/cpsanjuandelacadena.educacion.navarra.es\/blogs\/revista\/files\/2014\/06\/ricardo_gomez_5-36x36.jpg 36w, https:\/\/cpsanjuandelacadena.educacion.navarra.es\/blogs\/revista\/files\/2014\/06\/ricardo_gomez_5-115x115.jpg 115w\" sizes=\"(max-width: 150px) 100vw, 150px\" \/><\/a>\n\t\t\t<\/dt><\/dl><br style=\"clear: both\" \/><dl class='gallery-item'>\n\t\t\t<dt class='gallery-icon landscape'>\n\t\t\t\t<a href='https:\/\/cpsanjuandelacadena.educacion.navarra.es\/blogs\/revista\/files\/2014\/06\/ricardo_gomez_6.jpg'><img width=\"150\" height=\"150\" src=\"https:\/\/cpsanjuandelacadena.educacion.navarra.es\/blogs\/revista\/files\/2014\/06\/ricardo_gomez_6-150x150.jpg\" class=\"attachment-thumbnail size-thumbnail\" alt=\"\" loading=\"lazy\" srcset=\"https:\/\/cpsanjuandelacadena.educacion.navarra.es\/blogs\/revista\/files\/2014\/06\/ricardo_gomez_6-150x150.jpg 150w, https:\/\/cpsanjuandelacadena.educacion.navarra.es\/blogs\/revista\/files\/2014\/06\/ricardo_gomez_6-36x36.jpg 36w, https:\/\/cpsanjuandelacadena.educacion.navarra.es\/blogs\/revista\/files\/2014\/06\/ricardo_gomez_6-115x115.jpg 115w\" sizes=\"(max-width: 150px) 100vw, 150px\" \/><\/a>\n\t\t\t<\/dt><\/dl><dl class='gallery-item'>\n\t\t\t<dt class='gallery-icon landscape'>\n\t\t\t\t<a href='https:\/\/cpsanjuandelacadena.educacion.navarra.es\/blogs\/revista\/files\/2014\/06\/ricardo_gomez_1.jpg'><img width=\"150\" height=\"150\" src=\"https:\/\/cpsanjuandelacadena.educacion.navarra.es\/blogs\/revista\/files\/2014\/06\/ricardo_gomez_1-150x150.jpg\" class=\"attachment-thumbnail size-thumbnail\" alt=\"\" loading=\"lazy\" srcset=\"https:\/\/cpsanjuandelacadena.educacion.navarra.es\/blogs\/revista\/files\/2014\/06\/ricardo_gomez_1-150x150.jpg 150w, https:\/\/cpsanjuandelacadena.educacion.navarra.es\/blogs\/revista\/files\/2014\/06\/ricardo_gomez_1-36x36.jpg 36w, https:\/\/cpsanjuandelacadena.educacion.navarra.es\/blogs\/revista\/files\/2014\/06\/ricardo_gomez_1-115x115.jpg 115w\" sizes=\"(max-width: 150px) 100vw, 150px\" \/><\/a>\n\t\t\t<\/dt><\/dl><dl class='gallery-item'>\n\t\t\t<dt class='gallery-icon landscape'>\n\t\t\t\t<a href='https:\/\/cpsanjuandelacadena.educacion.navarra.es\/blogs\/revista\/files\/2014\/06\/ricardo_gomez_2.jpg'><img width=\"150\" height=\"150\" src=\"https:\/\/cpsanjuandelacadena.educacion.navarra.es\/blogs\/revista\/files\/2014\/06\/ricardo_gomez_2-150x150.jpg\" class=\"attachment-thumbnail size-thumbnail\" alt=\"\" loading=\"lazy\" srcset=\"https:\/\/cpsanjuandelacadena.educacion.navarra.es\/blogs\/revista\/files\/2014\/06\/ricardo_gomez_2-150x150.jpg 150w, https:\/\/cpsanjuandelacadena.educacion.navarra.es\/blogs\/revista\/files\/2014\/06\/ricardo_gomez_2-36x36.jpg 36w, https:\/\/cpsanjuandelacadena.educacion.navarra.es\/blogs\/revista\/files\/2014\/06\/ricardo_gomez_2-115x115.jpg 115w\" sizes=\"(max-width: 150px) 100vw, 150px\" \/><\/a>\n\t\t\t<\/dt><\/dl><br style=\"clear: both\" \/>\n\t\t<\/div>\n\n","protected":false},"excerpt":{"rendered":"<p>El famoso escritor de Ojo de Nube Ricardo G\u00f3mez nos visit\u00f3 hace unas semanas. D\u00edas antes de su llegada, los alumnos y alumnas de 6\u00ba empezamos a preparar su visita, [&hellip;]<\/p>\n","protected":false},"author":2,"featured_media":876,"comment_status":"open","ping_status":"open","sticky":false,"template":"","format":"standard","meta":{"_links_to":"","_links_to_target":""},"categories":[7],"tags":[],"series":[28],"_links":{"self":[{"href":"https:\/\/cpsanjuandelacadena.educacion.navarra.es\/blogs\/revista\/wp-json\/wp\/v2\/posts\/745"}],"collection":[{"href":"https:\/\/cpsanjuandelacadena.educacion.navarra.es\/blogs\/revista\/wp-json\/wp\/v2\/posts"}],"about":[{"href":"https:\/\/cpsanjuandelacadena.educacion.navarra.es\/blogs\/revista\/wp-json\/wp\/v2\/types\/post"}],"author":[{"embeddable":true,"href":"https:\/\/cpsanjuandelacadena.educacion.navarra.es\/blogs\/revista\/wp-json\/wp\/v2\/users\/2"}],"replies":[{"embeddable":true,"href":"https:\/\/cpsanjuandelacadena.educacion.navarra.es\/blogs\/revista\/wp-json\/wp\/v2\/comments?post=745"}],"version-history":[{"count":0,"href":"https:\/\/cpsanjuandelacadena.educacion.navarra.es\/blogs\/revista\/wp-json\/wp\/v2\/posts\/745\/revisions"}],"wp:featuredmedia":[{"embeddable":true,"href":"https:\/\/cpsanjuandelacadena.educacion.navarra.es\/blogs\/revista\/wp-json\/wp\/v2\/media\/876"}],"wp:attachment":[{"href":"https:\/\/cpsanjuandelacadena.educacion.navarra.es\/blogs\/revista\/wp-json\/wp\/v2\/media?parent=745"}],"wp:term":[{"taxonomy":"category","embeddable":true,"href":"https:\/\/cpsanjuandelacadena.educacion.navarra.es\/blogs\/revista\/wp-json\/wp\/v2\/categories?post=745"},{"taxonomy":"post_tag","embeddable":true,"href":"https:\/\/cpsanjuandelacadena.educacion.navarra.es\/blogs\/revista\/wp-json\/wp\/v2\/tags?post=745"},{"taxonomy":"series","embeddable":true,"href":"https:\/\/cpsanjuandelacadena.educacion.navarra.es\/blogs\/revista\/wp-json\/wp\/v2\/series?post=745"}],"curies":[{"name":"wp","href":"https:\/\/api.w.org\/{rel}","templated":true}]}}