{"id":742,"date":"2014-06-12T17:49:42","date_gmt":"2014-06-12T17:49:42","guid":{"rendered":"http:\/\/cpsanjuandelacadena.educacion.navarra.es\/blogs\/revista\/?p=742"},"modified":"2014-06-12T17:49:42","modified_gmt":"2014-06-12T17:49:42","slug":"visita-de-la-prefectura-de-yamaguchi","status":"publish","type":"post","link":"https:\/\/cpsanjuandelacadena.educacion.navarra.es\/blogs\/revista\/2014\/06\/12\/visita-de-la-prefectura-de-yamaguchi\/","title":{"rendered":"Visita de la prefectura de Yamaguchi"},"content":{"rendered":"<h3>Miembros del CP San Juan de la Cadena acuden al Palacio de Navarra<\/h3>\n<p>Una representaci\u00f3n del colegio, compuesta por el equipo directivo, responsables del taller de Kamishibai y de las familias acudi\u00f3 el<a href=\"https:\/\/cpsanjuandelacadena.educacion.navarra.es\/blogs\/revista\/files\/2014\/05\/visita_yamaguchi_12.jpg\"><img loading=\"lazy\" class=\"alignright size-thumbnail wp-image-888\" src=\"https:\/\/cpsanjuandelacadena.educacion.navarra.es\/blogs\/revista\/files\/2014\/05\/visita_yamaguchi_12-150x150.jpg\" alt=\"visita_yamaguchi_12\" width=\"150\" height=\"150\" srcset=\"https:\/\/cpsanjuandelacadena.educacion.navarra.es\/blogs\/revista\/files\/2014\/05\/visita_yamaguchi_12-150x150.jpg 150w, https:\/\/cpsanjuandelacadena.educacion.navarra.es\/blogs\/revista\/files\/2014\/05\/visita_yamaguchi_12-36x36.jpg 36w, https:\/\/cpsanjuandelacadena.educacion.navarra.es\/blogs\/revista\/files\/2014\/05\/visita_yamaguchi_12-115x115.jpg 115w\" sizes=\"(max-width: 150px) 100vw, 150px\" \/><\/a> d\u00eda 22 de octubre al acto de ratificaci\u00f3n de hermandad entre la Comunidad Foral de Navarra y la Prefectura de Yamaguchi suscrita en 2003.<\/p>\n<h3>Una delegaci\u00f3n de la Prefectura de Yamaguchi y el Se\u00f1or Consejero de Educaci\u00f3n visitan nuestro colegio<\/h3>\n<p>El 23 de octubre nos visit\u00f3 una delegaci\u00f3n de prefectura de Yamaguchi que durante unos d\u00edas estuvo en Navarra con motivo de la ratificaci\u00f3n de la carta de hermandad entre nuestra comunidad y la prefectura de Yamaguchi, firmada hace diez a\u00f1os.<\/p>\n<p>A la delegaci\u00f3n le acompa\u00f1\u00f3 el Consejero de Educaci\u00f3n, Se\u00f1or Iribas, las familias japonesas del centro, las madres del taller de kamishibai y el alumnado que participa en dicho taller.<\/p>\n<p>Comenzaron la visita saludando al alumnado de\u00a02\u00baB de Educaci\u00f3n Primaria y a su tutora Ana Mart\u00ednez.<\/p>\n<p>Despu\u00e9s se les mostr\u00f3 otras dependencias del colegio y el aula del taller de kamishibai, en la que varias madres estaban trabajando.<\/p>\n<p>A continuaci\u00f3n, en el sal\u00f3n de actos, tras unas palabras del director del centro y de Carmen Aldama, responsable del taller de kamishibai, las alumnas Leire San Francisco y Mitsuki Chimura interpretaron en castellano y japon\u00e9s \u201cElefantito tiene hambre\u201d, que hizo interactuar al p\u00fablico presente.<\/p>\n<p>Terminada la interpretaci\u00f3n el vicegobernador del gobierno de la prefectura de Yamaguchi, se\u00f1or Hidemon Fujibe, dirigi\u00f3 unas palabras de agradecimiento y hubo intercambio de\u00a0diversos regalos.<\/p>\n<p>Finalmente, en el patio, coincidiendo con la hora del recreo, visitantes y alumnado convivieron durante unos minutos antes de continuar con su programa.<\/p>\n","protected":false},"excerpt":{"rendered":"<p>Miembros del CP San Juan de la Cadena acuden al Palacio de Navarra Una representaci\u00f3n del colegio, compuesta por el equipo directivo, responsables del taller de Kamishibai y de las [&hellip;]<\/p>\n","protected":false},"author":2,"featured_media":888,"comment_status":"open","ping_status":"open","sticky":false,"template":"","format":"standard","meta":{"_links_to":"","_links_to_target":""},"categories":[5],"tags":[],"series":[28],"_links":{"self":[{"href":"https:\/\/cpsanjuandelacadena.educacion.navarra.es\/blogs\/revista\/wp-json\/wp\/v2\/posts\/742"}],"collection":[{"href":"https:\/\/cpsanjuandelacadena.educacion.navarra.es\/blogs\/revista\/wp-json\/wp\/v2\/posts"}],"about":[{"href":"https:\/\/cpsanjuandelacadena.educacion.navarra.es\/blogs\/revista\/wp-json\/wp\/v2\/types\/post"}],"author":[{"embeddable":true,"href":"https:\/\/cpsanjuandelacadena.educacion.navarra.es\/blogs\/revista\/wp-json\/wp\/v2\/users\/2"}],"replies":[{"embeddable":true,"href":"https:\/\/cpsanjuandelacadena.educacion.navarra.es\/blogs\/revista\/wp-json\/wp\/v2\/comments?post=742"}],"version-history":[{"count":0,"href":"https:\/\/cpsanjuandelacadena.educacion.navarra.es\/blogs\/revista\/wp-json\/wp\/v2\/posts\/742\/revisions"}],"wp:featuredmedia":[{"embeddable":true,"href":"https:\/\/cpsanjuandelacadena.educacion.navarra.es\/blogs\/revista\/wp-json\/wp\/v2\/media\/888"}],"wp:attachment":[{"href":"https:\/\/cpsanjuandelacadena.educacion.navarra.es\/blogs\/revista\/wp-json\/wp\/v2\/media?parent=742"}],"wp:term":[{"taxonomy":"category","embeddable":true,"href":"https:\/\/cpsanjuandelacadena.educacion.navarra.es\/blogs\/revista\/wp-json\/wp\/v2\/categories?post=742"},{"taxonomy":"post_tag","embeddable":true,"href":"https:\/\/cpsanjuandelacadena.educacion.navarra.es\/blogs\/revista\/wp-json\/wp\/v2\/tags?post=742"},{"taxonomy":"series","embeddable":true,"href":"https:\/\/cpsanjuandelacadena.educacion.navarra.es\/blogs\/revista\/wp-json\/wp\/v2\/series?post=742"}],"curies":[{"name":"wp","href":"https:\/\/api.w.org\/{rel}","templated":true}]}}