{"id":430,"date":"2013-05-04T15:41:09","date_gmt":"2013-05-04T15:41:09","guid":{"rendered":"http:\/\/cpsanjuandelacadena.educacion.navarra.es\/blogs\/revista\/?p=430"},"modified":"2013-05-04T15:41:09","modified_gmt":"2013-05-04T15:41:09","slug":"sequia-en-africa","status":"publish","type":"post","link":"https:\/\/cpsanjuandelacadena.educacion.navarra.es\/blogs\/revista\/2013\/05\/04\/sequia-en-africa\/","title":{"rendered":"Sequ\u00eda en \u00c1frica"},"content":{"rendered":"<p>En tiempos antiguos en \u00c1frica, se sec\u00f3 todo el pa\u00eds y no sab\u00edan qu\u00e9 hacer. A una joven se<a href=\"https:\/\/cpsanjuandelacadena.educacion.navarra.es\/blogs\/revista\/files\/2013\/05\/sequia.jpg\"><img loading=\"lazy\" class=\"alignright size-medium wp-image-431\" alt=\"sequia\" src=\"https:\/\/cpsanjuandelacadena.educacion.navarra.es\/blogs\/revista\/files\/2013\/05\/sequia-206x300.jpg\" width=\"206\" height=\"300\" srcset=\"https:\/\/cpsanjuandelacadena.educacion.navarra.es\/blogs\/revista\/files\/2013\/05\/sequia-206x300.jpg 206w, https:\/\/cpsanjuandelacadena.educacion.navarra.es\/blogs\/revista\/files\/2013\/05\/sequia.jpg 600w\" sizes=\"(max-width: 206px) 100vw, 206px\" \/><\/a> le ocurri\u00f3 ir a buscar agua cavando bajo la tierra, pero no encontraron agua<\/p>\n<p>A un se\u00f1or muy sabio se le ocurri\u00f3 ir al r\u00edo, pero el problema era que el r\u00edo estaba muy lejos. Un joven valiente se atrevi\u00f3 y dijo: &#8211; \u00a1Yo me ofrezco voluntario!<\/p>\n<p>Pero el sabio dijo: &#8211; \u00bfQuieres morir jovencito?<\/p>\n<p>El joven respondi\u00f3: &#8211; \u00a1No, pero soy valiente!<\/p>\n<p>El sabio dijo: &#8211; Te encontraron con el esp\u00edritu de la muerte y te robaron el coraz\u00f3n y el alma.<\/p>\n<p>-\u00a1Eso es mentira, solo lo haces para asustar! &#8211; respondi\u00f3 el joven-<\/p>\n<p>El sabio le dijo: -No me crees entonces, no volver\u00e1s nunca jam\u00e1s!<\/p>\n<p>El joven se estaba empezando a asustar. Entonces dijo: -Mejor no ir\u00e9 a buscar el r\u00edo, si no morir\u00e9 por los peligros del r\u00edo y \u00a1hay que pasar por el bosque!<\/p>\n<p>-\u00bfEso te da miedo?- dijo el sabio.<\/p>\n<p>-\u00a1Ya ir\u00e9 yo! &#8211; dijo la hija del sabio.<\/p>\n<p>En la b\u00fasqueda del r\u00edo se encontraron con un leopardo, un \u00e1guila, un tigre, un jabal\u00ed, un loro, un oso, una cabra, una jirafa, un avestruz y un mont\u00f3n de monos, unas moscas muy pesadas y lo que faltaba, a un le\u00f3n. Cruzaron por un puente y llegaron al r\u00edo. Cogieron agua y construyeron un cubo gigante y se llevaron mucha agua.<\/p>\n<p>As\u00ed fue como consiguieron el agua.<\/p>\n<p style=\"text-align: right;\">Angelique Mor\u00e1n \u20142\u00ba B<\/p>\n<p>&nbsp;<\/p>\n","protected":false},"excerpt":{"rendered":"<p>En tiempos antiguos en \u00c1frica, se sec\u00f3 todo el pa\u00eds y no sab\u00edan qu\u00e9 hacer. A una joven se le ocurri\u00f3 ir a buscar agua cavando bajo la tierra, pero [&hellip;]<\/p>\n","protected":false},"author":2,"featured_media":431,"comment_status":"open","ping_status":"open","sticky":false,"template":"","format":"standard","meta":{"_links_to":"","_links_to_target":""},"categories":[23],"tags":[],"series":[26],"_links":{"self":[{"href":"https:\/\/cpsanjuandelacadena.educacion.navarra.es\/blogs\/revista\/wp-json\/wp\/v2\/posts\/430"}],"collection":[{"href":"https:\/\/cpsanjuandelacadena.educacion.navarra.es\/blogs\/revista\/wp-json\/wp\/v2\/posts"}],"about":[{"href":"https:\/\/cpsanjuandelacadena.educacion.navarra.es\/blogs\/revista\/wp-json\/wp\/v2\/types\/post"}],"author":[{"embeddable":true,"href":"https:\/\/cpsanjuandelacadena.educacion.navarra.es\/blogs\/revista\/wp-json\/wp\/v2\/users\/2"}],"replies":[{"embeddable":true,"href":"https:\/\/cpsanjuandelacadena.educacion.navarra.es\/blogs\/revista\/wp-json\/wp\/v2\/comments?post=430"}],"version-history":[{"count":0,"href":"https:\/\/cpsanjuandelacadena.educacion.navarra.es\/blogs\/revista\/wp-json\/wp\/v2\/posts\/430\/revisions"}],"wp:featuredmedia":[{"embeddable":true,"href":"https:\/\/cpsanjuandelacadena.educacion.navarra.es\/blogs\/revista\/wp-json\/wp\/v2\/media\/431"}],"wp:attachment":[{"href":"https:\/\/cpsanjuandelacadena.educacion.navarra.es\/blogs\/revista\/wp-json\/wp\/v2\/media?parent=430"}],"wp:term":[{"taxonomy":"category","embeddable":true,"href":"https:\/\/cpsanjuandelacadena.educacion.navarra.es\/blogs\/revista\/wp-json\/wp\/v2\/categories?post=430"},{"taxonomy":"post_tag","embeddable":true,"href":"https:\/\/cpsanjuandelacadena.educacion.navarra.es\/blogs\/revista\/wp-json\/wp\/v2\/tags?post=430"},{"taxonomy":"series","embeddable":true,"href":"https:\/\/cpsanjuandelacadena.educacion.navarra.es\/blogs\/revista\/wp-json\/wp\/v2\/series?post=430"}],"curies":[{"name":"wp","href":"https:\/\/api.w.org\/{rel}","templated":true}]}}