{"id":17,"date":"2012-03-14T08:16:35","date_gmt":"2012-03-14T08:16:35","guid":{"rendered":"http:\/\/cpsanjuandelacadena.educacion.navarra.es\/blogs\/revista\/?p=17"},"modified":"2012-04-24T10:55:16","modified_gmt":"2012-04-24T10:55:16","slug":"jorge-oteiza","status":"publish","type":"post","link":"https:\/\/cpsanjuandelacadena.educacion.navarra.es\/blogs\/revista\/2012\/03\/14\/jorge-oteiza\/","title":{"rendered":"Exposici\u00f3n Jorge Oteiza"},"content":{"rendered":"<h2>EXPOSICI\u00d3N SOBRE JORGE OTEIZA<\/h2>\n<p>El alumnado del primer ciclo ha hecho una exposici\u00f3n sobre Jorge Oteiza, que pod\u00e9is visitar en el blog\u00a0 <a href=\"http:\/\/cpsanjuandelacadena.educacion.navarra.es\/blogs\/ciclo1\/\">http:\/\/cpsanjuandelacadena.educacion.navarra.es\/blogs\/ciclo1\/<\/a><\/p>\n<p>En Educaci\u00f3n F\u00edsica, los alumnos de primero han representado por parejas algunas de las esculturas de Oteiza. En ingl\u00e9s han hecho un collage con formas geom\u00e9tricas y han pintado sus cuadros con acuarelas. Y en euskera han hecho murales con sus esculturas y debajo han puesto sus nombres.<\/p>\n<p>Los alumnos de 1\u00ba realizaron esculturas de gomaespuma y les pusieron nombres antes de exponerlo. He aqu\u00ed algunos de ellos: Las escaleras, El hombre, Chupa Chups gigante, etc.<\/p>\n<div class=\"gallery\"><dl class='gallery-item'>\n\t\t\t<dt class='gallery-icon landscape'>\n\t\t\t\t<a href='https:\/\/cpsanjuandelacadena.educacion.navarra.es\/blogs\/revista\/files\/2012\/03\/construcciones_02.jpg'><img width=\"150\" height=\"150\" src=\"https:\/\/cpsanjuandelacadena.educacion.navarra.es\/blogs\/revista\/files\/2012\/03\/construcciones_02-150x150.jpg\" class=\"attachment-thumbnail size-thumbnail\" alt=\"Exposici\u00f3n sobre Jorge Oteiza\" loading=\"lazy\" aria-describedby=\"gallery-1-65\" srcset=\"https:\/\/cpsanjuandelacadena.educacion.navarra.es\/blogs\/revista\/files\/2012\/03\/construcciones_02-150x150.jpg 150w, https:\/\/cpsanjuandelacadena.educacion.navarra.es\/blogs\/revista\/files\/2012\/03\/construcciones_02-36x36.jpg 36w, https:\/\/cpsanjuandelacadena.educacion.navarra.es\/blogs\/revista\/files\/2012\/03\/construcciones_02-115x115.jpg 115w\" sizes=\"(max-width: 150px) 100vw, 150px\" \/><\/a>\n\t\t\t<\/dt>\n\t\t\t\t<dd class='wp-caption-text gallery-caption' id='gallery-1-65'>\n\t\t\t\tExposici\u00f3n sobre Jorge Oteiza\n\t\t\t\t<\/dd><\/dl><dl class='gallery-item'>\n\t\t\t<dt class='gallery-icon landscape'>\n\t\t\t\t<a href='https:\/\/cpsanjuandelacadena.educacion.navarra.es\/blogs\/revista\/files\/2012\/03\/Oteiza_2_01.jpg'><img width=\"150\" height=\"150\" src=\"https:\/\/cpsanjuandelacadena.educacion.navarra.es\/blogs\/revista\/files\/2012\/03\/Oteiza_2_01-150x150.jpg\" class=\"attachment-thumbnail size-thumbnail\" alt=\"Exposici\u00f3n sobre Jorge Oteiza\" loading=\"lazy\" aria-describedby=\"gallery-1-66\" srcset=\"https:\/\/cpsanjuandelacadena.educacion.navarra.es\/blogs\/revista\/files\/2012\/03\/Oteiza_2_01-150x150.jpg 150w, https:\/\/cpsanjuandelacadena.educacion.navarra.es\/blogs\/revista\/files\/2012\/03\/Oteiza_2_01-36x36.jpg 36w, https:\/\/cpsanjuandelacadena.educacion.navarra.es\/blogs\/revista\/files\/2012\/03\/Oteiza_2_01-115x115.jpg 115w\" sizes=\"(max-width: 150px) 100vw, 150px\" \/><\/a>\n\t\t\t<\/dt>\n\t\t\t\t<dd class='wp-caption-text gallery-caption' id='gallery-1-66'>\n\t\t\t\tExposici\u00f3n sobre Jorge Oteiza\n\t\t\t\t<\/dd><\/dl><br style=\"clear: both\" \/><dl class='gallery-item'>\n\t\t\t<dt class='gallery-icon landscape'>\n\t\t\t\t<a href='https:\/\/cpsanjuandelacadena.educacion.navarra.es\/blogs\/revista\/files\/2012\/03\/Oteiza_2_83.jpg'><img width=\"150\" height=\"150\" src=\"https:\/\/cpsanjuandelacadena.educacion.navarra.es\/blogs\/revista\/files\/2012\/03\/Oteiza_2_83-150x150.jpg\" class=\"attachment-thumbnail size-thumbnail\" alt=\"Exposici\u00f3n sobre Jorge Oteiza\" loading=\"lazy\" aria-describedby=\"gallery-1-67\" srcset=\"https:\/\/cpsanjuandelacadena.educacion.navarra.es\/blogs\/revista\/files\/2012\/03\/Oteiza_2_83-150x150.jpg 150w, https:\/\/cpsanjuandelacadena.educacion.navarra.es\/blogs\/revista\/files\/2012\/03\/Oteiza_2_83-36x36.jpg 36w, https:\/\/cpsanjuandelacadena.educacion.navarra.es\/blogs\/revista\/files\/2012\/03\/Oteiza_2_83-115x115.jpg 115w\" sizes=\"(max-width: 150px) 100vw, 150px\" \/><\/a>\n\t\t\t<\/dt>\n\t\t\t\t<dd class='wp-caption-text gallery-caption' id='gallery-1-67'>\n\t\t\t\tExposici\u00f3n sobre Jorge Oteiza\n\t\t\t\t<\/dd><\/dl><dl class='gallery-item'>\n\t\t\t<dt class='gallery-icon landscape'>\n\t\t\t\t<a href='https:\/\/cpsanjuandelacadena.educacion.navarra.es\/blogs\/revista\/files\/2012\/03\/Oteiza_2_93.jpg'><img width=\"150\" height=\"150\" src=\"https:\/\/cpsanjuandelacadena.educacion.navarra.es\/blogs\/revista\/files\/2012\/03\/Oteiza_2_93-150x150.jpg\" class=\"attachment-thumbnail size-thumbnail\" alt=\"Exposici\u00f3n sobre Jorge Oteiza\" loading=\"lazy\" aria-describedby=\"gallery-1-68\" srcset=\"https:\/\/cpsanjuandelacadena.educacion.navarra.es\/blogs\/revista\/files\/2012\/03\/Oteiza_2_93-150x150.jpg 150w, https:\/\/cpsanjuandelacadena.educacion.navarra.es\/blogs\/revista\/files\/2012\/03\/Oteiza_2_93-36x36.jpg 36w, https:\/\/cpsanjuandelacadena.educacion.navarra.es\/blogs\/revista\/files\/2012\/03\/Oteiza_2_93-115x115.jpg 115w\" sizes=\"(max-width: 150px) 100vw, 150px\" \/><\/a>\n\t\t\t<\/dt>\n\t\t\t\t<dd class='wp-caption-text gallery-caption' id='gallery-1-68'>\n\t\t\t\tExposici\u00f3n sobre Jorge Oteiza\n\t\t\t\t<\/dd><\/dl><br style=\"clear: both\" \/>\n\t\t<\/div>\n\n<p>Los alumnos de 2\u00ba escribieron redacciones sobre su visita al museo de Jorge Oteiza. En ella, cuentan c\u00f3mo fueron hasta el museo y entraron en dos salas. En una les explicaron cosas sobre Oteiza y en la otra, vieron sus esculturas. Tambi\u00e9n hablan de c\u00f3mo el d\u00eda anterior, vino al colegio una chica que les explic\u00f3 cosas sobre el cuadro de las Meninas y luego, realizaron un taller con tizas y espejos.<\/p>\n<p>En este taller cada uno hizo una escultura con tizas y le puso nombre. Algunos de ellos son: La entrada, La lluvia de los mares, La luna,\u2026<\/p>\n<p>Tambi\u00e9n han colgado poes\u00edas de Oteiza en la pared con el t\u00edtulo de \u201cA trav\u00e9s del<\/p>\n<p>Espejo\u201d.<\/p>\n<p>&nbsp;<\/p>\n<p><strong><br \/>\n<\/strong><\/p>\n","protected":false},"excerpt":{"rendered":"<p>EXPOSICI\u00d3N SOBRE JORGE OTEIZA El alumnado del primer ciclo ha hecho una exposici\u00f3n sobre Jorge Oteiza, que pod\u00e9is visitar en el blog\u00a0 http:\/\/cpsanjuandelacadena.educacion.navarra.es\/blogs\/ciclo1\/ En Educaci\u00f3n F\u00edsica, los alumnos de primero [&hellip;]<\/p>\n","protected":false},"author":2,"featured_media":43,"comment_status":"open","ping_status":"open","sticky":false,"template":"","format":"standard","meta":{"_links_to":"","_links_to_target":""},"categories":[5],"tags":[],"series":[17],"_links":{"self":[{"href":"https:\/\/cpsanjuandelacadena.educacion.navarra.es\/blogs\/revista\/wp-json\/wp\/v2\/posts\/17"}],"collection":[{"href":"https:\/\/cpsanjuandelacadena.educacion.navarra.es\/blogs\/revista\/wp-json\/wp\/v2\/posts"}],"about":[{"href":"https:\/\/cpsanjuandelacadena.educacion.navarra.es\/blogs\/revista\/wp-json\/wp\/v2\/types\/post"}],"author":[{"embeddable":true,"href":"https:\/\/cpsanjuandelacadena.educacion.navarra.es\/blogs\/revista\/wp-json\/wp\/v2\/users\/2"}],"replies":[{"embeddable":true,"href":"https:\/\/cpsanjuandelacadena.educacion.navarra.es\/blogs\/revista\/wp-json\/wp\/v2\/comments?post=17"}],"version-history":[{"count":0,"href":"https:\/\/cpsanjuandelacadena.educacion.navarra.es\/blogs\/revista\/wp-json\/wp\/v2\/posts\/17\/revisions"}],"wp:featuredmedia":[{"embeddable":true,"href":"https:\/\/cpsanjuandelacadena.educacion.navarra.es\/blogs\/revista\/wp-json\/wp\/v2\/media\/43"}],"wp:attachment":[{"href":"https:\/\/cpsanjuandelacadena.educacion.navarra.es\/blogs\/revista\/wp-json\/wp\/v2\/media?parent=17"}],"wp:term":[{"taxonomy":"category","embeddable":true,"href":"https:\/\/cpsanjuandelacadena.educacion.navarra.es\/blogs\/revista\/wp-json\/wp\/v2\/categories?post=17"},{"taxonomy":"post_tag","embeddable":true,"href":"https:\/\/cpsanjuandelacadena.educacion.navarra.es\/blogs\/revista\/wp-json\/wp\/v2\/tags?post=17"},{"taxonomy":"series","embeddable":true,"href":"https:\/\/cpsanjuandelacadena.educacion.navarra.es\/blogs\/revista\/wp-json\/wp\/v2\/series?post=17"}],"curies":[{"name":"wp","href":"https:\/\/api.w.org\/{rel}","templated":true}]}}