{"id":1531,"date":"2017-05-31T09:58:45","date_gmt":"2017-05-31T09:58:45","guid":{"rendered":"http:\/\/cpsanjuandelacadena.educacion.navarra.es\/blogs\/revista\/?p=1531"},"modified":"2017-05-31T10:00:06","modified_gmt":"2017-05-31T10:00:06","slug":"semana-de-la-lectura-2","status":"publish","type":"post","link":"https:\/\/cpsanjuandelacadena.educacion.navarra.es\/blogs\/revista\/2017\/05\/31\/semana-de-la-lectura-2\/","title":{"rendered":"Semana de la lectura"},"content":{"rendered":"<p>Este a\u00f1o hemos querido dedicar la semana de la lectura\u00a0al escritor Roald Dahl, ya que se conmemoraba el centenario<a href=\"https:\/\/cpsanjuandelacadena.educacion.navarra.es\/blogs\/revista\/files\/2017\/05\/roald_dahl_09.jpg\"><img loading=\"lazy\" class=\"alignright size-thumbnail wp-image-1559\" src=\"https:\/\/cpsanjuandelacadena.educacion.navarra.es\/blogs\/revista\/files\/2017\/05\/roald_dahl_09-150x150.jpg\" alt=\"\" width=\"150\" height=\"150\" srcset=\"https:\/\/cpsanjuandelacadena.educacion.navarra.es\/blogs\/revista\/files\/2017\/05\/roald_dahl_09-150x150.jpg 150w, https:\/\/cpsanjuandelacadena.educacion.navarra.es\/blogs\/revista\/files\/2017\/05\/roald_dahl_09-36x36.jpg 36w, https:\/\/cpsanjuandelacadena.educacion.navarra.es\/blogs\/revista\/files\/2017\/05\/roald_dahl_09-115x115.jpg 115w\" sizes=\"(max-width: 150px) 100vw, 150px\" \/><\/a><br \/>\nde su nacimiento, el escritor de Charlie y la f\u00e1brica\u00a0de chocolate, entre muchos otros libros.<br \/>\nDurante el mes de marzo todos los cursos de 1\u00ba a 6\u00ba de\u00a0primaria hemos trabajado algunas de sus obras: \u00abMatilda\u00bb,<br \/>\n\u00abJames y el melocot\u00f3n gigante\u00bb, \u00abCuentos en verso para ni\u00f1os\u00a0perversos\u00bb, entre otras.<br \/>\nCon vistas al certamen literario, que este a\u00f1o cumpl\u00eda su\u00a0XXVIII edici\u00f3n, todo el alumnado elabor\u00f3 su cuento en la categor\u00eda\u00a0de \u201cNarrativa y poes\u00eda ilustrada\u201d.<br \/>\nLa semana del 24 al 28 de abril result\u00f3 intensa ya que todos los cursos tuvieron su actividad\u00a0especial con motivo del d\u00eda del libro: talleres de kamishibai, dramatizaci\u00f3n de \u201cCharlie y la\u00a0f\u00e1brica de chocolate\u201d, lecturas del alumnado internivelares, lecturas de las familias y photocall\u00a0de Charlie.<br \/>\nComo cada a\u00f1o el vest\u00edbulo del edificio de primaria\u00a0se prepar\u00f3 con los trabajos de los ganadores del certamen,<br \/>\nse colgaron las pinturas realizadas por el\u00a0alumnado del taller de pintura de extraescolares, as\u00ed\u00a0como las del alumnado de 6\u00ba de primaria. Se mont\u00f3 el\u00a0rinc\u00f3n con los personajes del Quijote y un photocall\u00a0sobre Charlie y la f\u00e1brica de chocolate, realizado por\u00a0madres del colegio. En el panel central se colg\u00f3 un\u00a0mural con algunas de las obras de Roald Dahl, realizado\u00a0por Merche, profesora del taller de pintura de\u00a0extraescolares.<br \/>\n<a href=\"https:\/\/cpsanjuandelacadena.educacion.navarra.es\/blogs\/revista\/files\/2017\/05\/cuentacuentos_charlie_03.jpg\"><img loading=\"lazy\" class=\"alignleft size-thumbnail wp-image-1560\" src=\"https:\/\/cpsanjuandelacadena.educacion.navarra.es\/blogs\/revista\/files\/2017\/05\/cuentacuentos_charlie_03-150x150.jpg\" alt=\"\" width=\"150\" height=\"150\" srcset=\"https:\/\/cpsanjuandelacadena.educacion.navarra.es\/blogs\/revista\/files\/2017\/05\/cuentacuentos_charlie_03-150x150.jpg 150w, https:\/\/cpsanjuandelacadena.educacion.navarra.es\/blogs\/revista\/files\/2017\/05\/cuentacuentos_charlie_03-36x36.jpg 36w, https:\/\/cpsanjuandelacadena.educacion.navarra.es\/blogs\/revista\/files\/2017\/05\/cuentacuentos_charlie_03-115x115.jpg 115w\" sizes=\"(max-width: 150px) 100vw, 150px\" \/><\/a>A lo largo de la semana, durante los primeros\u00a0minutos de la ma\u00f1ana, el alumnado ganador del\u00a0certamen le\u00eda su cuento a compa\u00f1eros\/as de otros\u00a0cursos. El martes y el jueves, el alumnado de 1\u00ba y\u00a02\u00ba de primaria realiz\u00f3 un taller de kamishibai. El\u00a0mi\u00e9rcoles el alumnado de 3\u00ba, 4\u00ba y 5\u00ba pudo disfrutar\u00a0de dramatizaci\u00f3n de Charlie, interpretado por Edel\u00a0(profesora de teatro de extraescolares). Martes,\u00a0jueves y viernes por la tarde, el alumnado de 1\u00ba y\u00a02\u00ba de primaria se traslad\u00f3 a infantil para leer cuentos\u00a0por parejas.<br \/>\nAdem\u00e1s de todas estas actividades, las familias\u00a0tambi\u00e9n pudieron participar con lecturas de cuentos\u00a0en las aulas.<br \/>\nComo actividad final todos los cursos pudieron\u00a0asistir al certamen literario en el que\u00a0se leyeron los primeros y <a href=\"https:\/\/cpsanjuandelacadena.educacion.navarra.es\/blogs\/revista\/files\/2017\/05\/certamen_1\u00ba_2\u00ba_02.jpg\"><img loading=\"lazy\" class=\"alignright size-thumbnail wp-image-1561\" src=\"https:\/\/cpsanjuandelacadena.educacion.navarra.es\/blogs\/revista\/files\/2017\/05\/certamen_1\u00ba_2\u00ba_02-150x150.jpg\" alt=\"\" width=\"150\" height=\"150\" srcset=\"https:\/\/cpsanjuandelacadena.educacion.navarra.es\/blogs\/revista\/files\/2017\/05\/certamen_1\u00ba_2\u00ba_02-150x150.jpg 150w, https:\/\/cpsanjuandelacadena.educacion.navarra.es\/blogs\/revista\/files\/2017\/05\/certamen_1\u00ba_2\u00ba_02-36x36.jpg 36w, https:\/\/cpsanjuandelacadena.educacion.navarra.es\/blogs\/revista\/files\/2017\/05\/certamen_1\u00ba_2\u00ba_02-115x115.jpg 115w\" sizes=\"(max-width: 150px) 100vw, 150px\" \/><\/a>segundos premios\u00a0de cada clase y los ganadores\/as de la ilustraci\u00f3n\u00a0explicaron sus obras. El profesorado\u00a0tutor hizo entrega de un libro para cada uno\u00a0de los ganadores\/as. El certamen fue presentado\u00a0por alumnos\/as de 6\u00ba de primaria que\u00a0dramatizaron a Charlie, a la ni\u00f1a del ch\u00e1ndal\u00a0azul y al chico de la camiseta de rayas.<\/p>\n<p>Desde aqu\u00ed queremos agradecer a Merche, profesora del taller de pintura, por toda su colaboraci\u00f3n,\u00a0as\u00ed como a las madres que se han encargado del montaje y fotos del photocall. Gracias\u00a0tambi\u00e9n a todas las familias que han participado en la lectura de cuentos.<\/p>\n","protected":false},"excerpt":{"rendered":"<p>Este a\u00f1o hemos querido dedicar la semana de la lectura\u00a0al escritor Roald Dahl, ya que se conmemoraba el centenario de su nacimiento, el escritor de Charlie y la f\u00e1brica\u00a0de chocolate, [&hellip;]<\/p>\n","protected":false},"author":2,"featured_media":1558,"comment_status":"open","ping_status":"open","sticky":false,"template":"","format":"standard","meta":{"_links_to":"","_links_to_target":""},"categories":[23,5],"tags":[],"series":[103],"_links":{"self":[{"href":"https:\/\/cpsanjuandelacadena.educacion.navarra.es\/blogs\/revista\/wp-json\/wp\/v2\/posts\/1531"}],"collection":[{"href":"https:\/\/cpsanjuandelacadena.educacion.navarra.es\/blogs\/revista\/wp-json\/wp\/v2\/posts"}],"about":[{"href":"https:\/\/cpsanjuandelacadena.educacion.navarra.es\/blogs\/revista\/wp-json\/wp\/v2\/types\/post"}],"author":[{"embeddable":true,"href":"https:\/\/cpsanjuandelacadena.educacion.navarra.es\/blogs\/revista\/wp-json\/wp\/v2\/users\/2"}],"replies":[{"embeddable":true,"href":"https:\/\/cpsanjuandelacadena.educacion.navarra.es\/blogs\/revista\/wp-json\/wp\/v2\/comments?post=1531"}],"version-history":[{"count":0,"href":"https:\/\/cpsanjuandelacadena.educacion.navarra.es\/blogs\/revista\/wp-json\/wp\/v2\/posts\/1531\/revisions"}],"wp:featuredmedia":[{"embeddable":true,"href":"https:\/\/cpsanjuandelacadena.educacion.navarra.es\/blogs\/revista\/wp-json\/wp\/v2\/media\/1558"}],"wp:attachment":[{"href":"https:\/\/cpsanjuandelacadena.educacion.navarra.es\/blogs\/revista\/wp-json\/wp\/v2\/media?parent=1531"}],"wp:term":[{"taxonomy":"category","embeddable":true,"href":"https:\/\/cpsanjuandelacadena.educacion.navarra.es\/blogs\/revista\/wp-json\/wp\/v2\/categories?post=1531"},{"taxonomy":"post_tag","embeddable":true,"href":"https:\/\/cpsanjuandelacadena.educacion.navarra.es\/blogs\/revista\/wp-json\/wp\/v2\/tags?post=1531"},{"taxonomy":"series","embeddable":true,"href":"https:\/\/cpsanjuandelacadena.educacion.navarra.es\/blogs\/revista\/wp-json\/wp\/v2\/series?post=1531"}],"curies":[{"name":"wp","href":"https:\/\/api.w.org\/{rel}","templated":true}]}}