{"id":1514,"date":"2016-06-07T16:52:16","date_gmt":"2016-06-07T16:52:16","guid":{"rendered":"http:\/\/cpsanjuandelacadena.educacion.navarra.es\/blogs\/revista\/?p=1514"},"modified":"2016-06-07T16:52:16","modified_gmt":"2016-06-07T16:52:16","slug":"entrevista-a-estela-chocarro","status":"publish","type":"post","link":"https:\/\/cpsanjuandelacadena.educacion.navarra.es\/blogs\/revista\/2016\/06\/07\/entrevista-a-estela-chocarro\/","title":{"rendered":"Entrevista a Estela Chocarro"},"content":{"rendered":"<p>Estela Chocarro es una escritora, t\u00eda de Nahia Garc\u00eda de 5\u00baB.<br \/>\nAhora podr\u00e9is leer una entrevista que le hemos hecho:<\/p>\n<p>*\u00bfCual fue tu primer libro?<br \/>\nMi primer libro publicado fue EL PR\u00d3XIMO FUNERAL SER\u00c1 EL TUYO. Se public\u00f3 a finales de 2014 y est\u00e1<\/p>\n<div id=\"attachment_1515\" style=\"width: 160px\" class=\"wp-caption alignright\"><a href=\"https:\/\/cpsanjuandelacadena.educacion.navarra.es\/blogs\/revista\/files\/2016\/06\/estela_chocarro.png\"><img aria-describedby=\"caption-attachment-1515\" loading=\"lazy\" class=\"size-thumbnail wp-image-1515\" src=\"https:\/\/cpsanjuandelacadena.educacion.navarra.es\/blogs\/revista\/files\/2016\/06\/estela_chocarro-150x150.png\" alt=\"Estela Chocarro\" width=\"150\" height=\"150\" srcset=\"https:\/\/cpsanjuandelacadena.educacion.navarra.es\/blogs\/revista\/files\/2016\/06\/estela_chocarro-150x150.png 150w, https:\/\/cpsanjuandelacadena.educacion.navarra.es\/blogs\/revista\/files\/2016\/06\/estela_chocarro-36x36.png 36w, https:\/\/cpsanjuandelacadena.educacion.navarra.es\/blogs\/revista\/files\/2016\/06\/estela_chocarro-115x115.png 115w\" sizes=\"(max-width: 150px) 100vw, 150px\" \/><\/a><p id=\"caption-attachment-1515\" class=\"wp-caption-text\">Estela Chocarro<\/p><\/div>\n<p>inspirado en un crimen real que sucedi\u00f3 en C\u00e1rcar, mi pueblo, en el a\u00f1o 1924. En realidad el primer libro que escrib\u00ed fue uno que no lleg\u00f3 a publicarse, ambientado en la ciudad de San Francisco.<\/p>\n<p>*\u00bfC\u00f3mo te inspiraste para hacerlo?<br \/>\nEl crimen en el que se inspira se convirti\u00f3 hace ya muchos a\u00f1os en una especie de leyenda negra de C\u00e1rcar. Hab\u00eda varias versiones de lo sucedido circulando por el pueblo. Lo que hice fue preguntar a mi padre que es muy mayor y conoce bastante bien la historia. Tambi\u00e9n busqu\u00e9 informaci\u00f3n en la prensa de aquella \u00e9poca. Como yo soy de C\u00e1rcar, no fue dif\u00edcil inspirarme ya que conozco bien c\u00f3mo es la gente del pueblo y todos sus rincones.<\/p>\n<p>*\u00bfPor qu\u00e9 decidiste ser escritora?<br \/>\nSiempre quise escribir un libro, desde peque\u00f1ita. Me gusta mucho fantasear, buscar misterios, el cine y la lectura.<\/p>\n<p>*\u00bfCu\u00e1nto horas le dedicas a tu trabajo?<br \/>\nTengo dos trabajos: uno en una oficina y otro en casa escribiendo novelas. Al de escritora le dedico todo el tiempo que puedo, normalmente dos horas al d\u00eda. Cuando escrib\u00ed el segundo libro, NADIE HA MUERTO EN LA CATEDRAL, le dedicaba toda la ma\u00f1ana, cuatro o cinco horas al d\u00eda. Todo depende del momento en que te toca escribir cada libro. Para unos tienes m\u00e1s tiempo que para otros.<\/p>\n<p>*\u00bfQu\u00e9 haces en tu tiempo libre?<br \/>\nLos s\u00e1bados por la ma\u00f1ana voy a nadar. Dos d\u00edas a la semana hago gimnasia. Veo series de televisi\u00f3n, leo novelas y paso bastantes horas en el parque con mis hijos que tienen dos y cinco a\u00f1os respectivamente.<\/p>\n<p>*\u00bfCu\u00e1l es el libro m\u00e1s significativo para ti?<br \/>\nElegir uno es muy dif\u00edcil, pero CUMBRES BORRASCOSAS de Emily Bront\u00eb es uno de mis favoritos.<\/p>\n<p>*\u00bfDe peque\u00f1a te gustaba leer? \u00bfY dibujar? \u00bfAhora dibujas bien?<br \/>\nCuando era peque\u00f1a estaba muy enganchada a una serie de libros sobre una banda de amigos que estudiaban en un internado en Dinamarca. La protagonista se llamaba Puck, y era una chica intr\u00e9pida e inteligente a la que suced\u00edan montones de aventuras.<br \/>\nTambi\u00e9n me gustaba dibujar pero es una afici\u00f3n que no he cultivado y creo que hoy en d\u00eda lo har\u00eda bastante mal.<\/p>\n<p>*\u00bfQu\u00e9 preguntas te gustar\u00eda que te hici\u00e9ramos?<br \/>\nCada uno debe preguntar aquello que le interese. No a todo el mundo le interesan las mismas cosas as\u00ed que me parece perfecta esta entrevista porque seguro que hab\u00e9is preguntado lo que realmente os apetec\u00eda saber.<\/p>\n<p>Os doy las gracias por vuestro inter\u00e9s y os animo a leer mucho, siempre. Y si alguno de vosotros piensa que no le gusta leer, le digo que a\u00fan no ha encontrado el tipo de libro que le va a enamorar, pero no hay que rendirse; siempre hay un tipo de libro para cada persona, s\u00f3lo hay que seguir buscando.<\/p>\n","protected":false},"excerpt":{"rendered":"<p>Estela Chocarro es una escritora, t\u00eda de Nahia Garc\u00eda de 5\u00baB. Ahora podr\u00e9is leer una entrevista que le hemos hecho: *\u00bfCual fue tu primer libro? Mi primer libro publicado fue [&hellip;]<\/p>\n","protected":false},"author":2,"featured_media":1516,"comment_status":"open","ping_status":"open","sticky":false,"template":"","format":"standard","meta":{"_links_to":"","_links_to_target":""},"categories":[6],"tags":[101],"series":[80],"_links":{"self":[{"href":"https:\/\/cpsanjuandelacadena.educacion.navarra.es\/blogs\/revista\/wp-json\/wp\/v2\/posts\/1514"}],"collection":[{"href":"https:\/\/cpsanjuandelacadena.educacion.navarra.es\/blogs\/revista\/wp-json\/wp\/v2\/posts"}],"about":[{"href":"https:\/\/cpsanjuandelacadena.educacion.navarra.es\/blogs\/revista\/wp-json\/wp\/v2\/types\/post"}],"author":[{"embeddable":true,"href":"https:\/\/cpsanjuandelacadena.educacion.navarra.es\/blogs\/revista\/wp-json\/wp\/v2\/users\/2"}],"replies":[{"embeddable":true,"href":"https:\/\/cpsanjuandelacadena.educacion.navarra.es\/blogs\/revista\/wp-json\/wp\/v2\/comments?post=1514"}],"version-history":[{"count":0,"href":"https:\/\/cpsanjuandelacadena.educacion.navarra.es\/blogs\/revista\/wp-json\/wp\/v2\/posts\/1514\/revisions"}],"wp:featuredmedia":[{"embeddable":true,"href":"https:\/\/cpsanjuandelacadena.educacion.navarra.es\/blogs\/revista\/wp-json\/wp\/v2\/media\/1516"}],"wp:attachment":[{"href":"https:\/\/cpsanjuandelacadena.educacion.navarra.es\/blogs\/revista\/wp-json\/wp\/v2\/media?parent=1514"}],"wp:term":[{"taxonomy":"category","embeddable":true,"href":"https:\/\/cpsanjuandelacadena.educacion.navarra.es\/blogs\/revista\/wp-json\/wp\/v2\/categories?post=1514"},{"taxonomy":"post_tag","embeddable":true,"href":"https:\/\/cpsanjuandelacadena.educacion.navarra.es\/blogs\/revista\/wp-json\/wp\/v2\/tags?post=1514"},{"taxonomy":"series","embeddable":true,"href":"https:\/\/cpsanjuandelacadena.educacion.navarra.es\/blogs\/revista\/wp-json\/wp\/v2\/series?post=1514"}],"curies":[{"name":"wp","href":"https:\/\/api.w.org\/{rel}","templated":true}]}}