{"id":1306,"date":"2016-05-18T10:23:49","date_gmt":"2016-05-18T10:23:49","guid":{"rendered":"http:\/\/cpsanjuandelacadena.educacion.navarra.es\/blogs\/revista\/?p=1306"},"modified":"2016-05-18T10:23:49","modified_gmt":"2016-05-18T10:23:49","slug":"navidad","status":"publish","type":"post","link":"https:\/\/cpsanjuandelacadena.educacion.navarra.es\/blogs\/revista\/2016\/05\/18\/navidad\/","title":{"rendered":"Navidad"},"content":{"rendered":"<p>Como cada a\u00f1o, San Juan de la Cadena prepara el final del primer trimestre con diferentes actividades que giran<a href=\"https:\/\/cpsanjuandelacadena.educacion.navarra.es\/blogs\/revista\/files\/2016\/05\/navidad_2015_128.jpg\"><img loading=\"lazy\" class=\"alignright size-thumbnail wp-image-1350\" src=\"https:\/\/cpsanjuandelacadena.educacion.navarra.es\/blogs\/revista\/files\/2016\/05\/navidad_2015_128-150x150.jpg\" alt=\"navidad_2015_128\" width=\"150\" height=\"150\" srcset=\"https:\/\/cpsanjuandelacadena.educacion.navarra.es\/blogs\/revista\/files\/2016\/05\/navidad_2015_128-150x150.jpg 150w, https:\/\/cpsanjuandelacadena.educacion.navarra.es\/blogs\/revista\/files\/2016\/05\/navidad_2015_128-36x36.jpg 36w, https:\/\/cpsanjuandelacadena.educacion.navarra.es\/blogs\/revista\/files\/2016\/05\/navidad_2015_128-115x115.jpg 115w\" sizes=\"(max-width: 150px) 100vw, 150px\" \/><\/a> entorno a la festividad de Navidad. Los distintos cursos pudieron disfrutar de cuentacuentos, interpretaci\u00f3n de kamishibais y talleres. Destacamos la actuaci\u00f3n del Coro de Bara\u00f1ain bajo la direcci\u00f3n de Peio Ruiz, padre de Sara Baztan, que nos deleit\u00f3 con la interpretaci\u00f3n de villancicos de distintos lugares y que dej\u00f3 al auditorio con la boca abierta. Tanto el alumnado como el profesorado disfrutaron mucho con el concierto. Entre villancico y villancico Peio interactuaba con el p\u00fablico que estaba totalmente entregado. Al acabar el concierto, alumnos y alumnas de 6\u00ba de primaria interpretaron un kamishibai propio de estas fechas.<\/p>\n<p>Como en los \u00faltimos a\u00f1os, el alumnado de 6\u00ba visit\u00f3 el colegio Andr\u00e9s Mu\u00f1oz para cantar villancicos y celebrar con ellos\/as la Navidad.<\/p>\n<p>El \u00faltimo d\u00eda del trimestre, como ya es tradici\u00f3n, celebramos el festival de Navidad. Los alumnos y alumnas de 6\u00ba de primaria interpretaron para todo el alumnado de primaria las obras Los Reyes Magos (castellano), Rudolf el reno (ingl\u00e9s) y Olentzero (euskera). Tambi\u00e9n se cantaron villancicos en castellano, ingl\u00e9s, euskera y alem\u00e1n. Los alumnos y alumnas de 5\u00ba interpretaron una partitura con la flauta.<br \/>\nTras acabar el festival, los personajes de la Navidad recogieron las cartas con las peticiones de los alumnos y alumnas de 1\u00ba y 2\u00ba de primaria.<\/p>\n<p>Despu\u00e9s de almorzar, los actores se dirigieron al edificio de infantil, donde les esperaban lo m\u00e1s peque\u00f1os sentados y a la espera de los Reyes Magos, Pap\u00e1 Noel y Olentzero.<br \/>\nAnte la atenta mirada de los pastorcillos y pastorcillas, que se portaron muy bien, fueron apareciendo los distintos personajes.<br \/>\nAcabadas las representaciones se dirigieron a la sala de psicomotricidad para entregar sus peticiones a sus Majestades, a Pap\u00e1 Noel y a Olentzero, que les estaban esperando.<\/p>\n<p>Finalmente y como es costumbre todo el alumnado de primaria cant\u00f3 varios villancicos en el vest\u00edbulo y el tradicional \u201cFeliz Navidad\u201d, en castellano, ingl\u00e9s, euskera y alem\u00e1n.<br \/>\nEste a\u00f1o como novedad la hermanas Leache amenizaron el momento con varios villancicos joteros.<\/p>\n","protected":false},"excerpt":{"rendered":"<p>Como cada a\u00f1o, San Juan de la Cadena prepara el final del primer trimestre con diferentes actividades que giran entorno a la festividad de Navidad. Los distintos cursos pudieron disfrutar [&hellip;]<\/p>\n","protected":false},"author":2,"featured_media":1349,"comment_status":"open","ping_status":"open","sticky":false,"template":"","format":"standard","meta":{"_links_to":"","_links_to_target":""},"categories":[24],"tags":[56],"series":[80],"_links":{"self":[{"href":"https:\/\/cpsanjuandelacadena.educacion.navarra.es\/blogs\/revista\/wp-json\/wp\/v2\/posts\/1306"}],"collection":[{"href":"https:\/\/cpsanjuandelacadena.educacion.navarra.es\/blogs\/revista\/wp-json\/wp\/v2\/posts"}],"about":[{"href":"https:\/\/cpsanjuandelacadena.educacion.navarra.es\/blogs\/revista\/wp-json\/wp\/v2\/types\/post"}],"author":[{"embeddable":true,"href":"https:\/\/cpsanjuandelacadena.educacion.navarra.es\/blogs\/revista\/wp-json\/wp\/v2\/users\/2"}],"replies":[{"embeddable":true,"href":"https:\/\/cpsanjuandelacadena.educacion.navarra.es\/blogs\/revista\/wp-json\/wp\/v2\/comments?post=1306"}],"version-history":[{"count":0,"href":"https:\/\/cpsanjuandelacadena.educacion.navarra.es\/blogs\/revista\/wp-json\/wp\/v2\/posts\/1306\/revisions"}],"wp:featuredmedia":[{"embeddable":true,"href":"https:\/\/cpsanjuandelacadena.educacion.navarra.es\/blogs\/revista\/wp-json\/wp\/v2\/media\/1349"}],"wp:attachment":[{"href":"https:\/\/cpsanjuandelacadena.educacion.navarra.es\/blogs\/revista\/wp-json\/wp\/v2\/media?parent=1306"}],"wp:term":[{"taxonomy":"category","embeddable":true,"href":"https:\/\/cpsanjuandelacadena.educacion.navarra.es\/blogs\/revista\/wp-json\/wp\/v2\/categories?post=1306"},{"taxonomy":"post_tag","embeddable":true,"href":"https:\/\/cpsanjuandelacadena.educacion.navarra.es\/blogs\/revista\/wp-json\/wp\/v2\/tags?post=1306"},{"taxonomy":"series","embeddable":true,"href":"https:\/\/cpsanjuandelacadena.educacion.navarra.es\/blogs\/revista\/wp-json\/wp\/v2\/series?post=1306"}],"curies":[{"name":"wp","href":"https:\/\/api.w.org\/{rel}","templated":true}]}}