{"id":1236,"date":"2015-06-16T11:53:15","date_gmt":"2015-06-16T11:53:15","guid":{"rendered":"http:\/\/cpsanjuandelacadena.educacion.navarra.es\/blogs\/revista\/?p=1236"},"modified":"2015-06-16T11:53:15","modified_gmt":"2015-06-16T11:53:15","slug":"entrevista-a-carmen-aldama","status":"publish","type":"post","link":"https:\/\/cpsanjuandelacadena.educacion.navarra.es\/blogs\/revista\/2015\/06\/16\/entrevista-a-carmen-aldama\/","title":{"rendered":"Entrevista a Carmen Aldama"},"content":{"rendered":"<p>Carmen Aldama es una maestra jubilada que estuvo los \u00faltimos a\u00f1os de su actividad profesional en el colegio y que sigue llevando nuestro Taller de Kamishibai.<br \/>\nLa editorial Leer-e le acaba de publicar dos libros: \u201cEl Kamishibai\u201d y \u201cTaller de Kamishibai. La magia de crear y contar historias\u201d<\/p>\n<p><strong>\u00bfC\u00f3mo y cu\u00e1ndo descubriste el kamishibai?<\/strong><br \/>\nLo descubrimos en el colegio el a\u00f1o 2002, a trav\u00e9s de una madre japonesa Reiko Furuno que nos cont\u00f3 con esta t\u00e9cnica un cuento tradicional de Jap\u00f3n, Momotaro. A todos, ni\u00f1os y profesoras, nos encant\u00f3. Como solo ten\u00edamos ese kamishibai, lo contamos por todas las clases, y en las de los peque\u00f1os, varias veces.<\/p>\n<p><strong>\u00bfCu\u00e1l fue el primer kamishibai que interpretaste? \u00bfY el que creaste?<\/strong><br \/>\nC\u00f3mo os he contado anteriormente el primer kamishibai que interpretamos en el colegio, Reiko, otras profesoras y yo, fue el de Momotaro.<br \/>\nEl primer kamishibai que creamos en el taller, con la colaboraci\u00f3n de todos los participantes, el curso 2002-2003, fue una adaptaci\u00f3n de Caperucita roja. El primero que cre\u00e9, sin contar con los ni\u00f1os, lo hice con Carmen Varea, \u201cVisita a las Eretas\u201d con las ilustraciones de Beatriz Men\u00e9ndez y el asesoramiento del arque\u00f3logo Javier Armendariz que fue el que nos lo solicit\u00f3. Con dicho kamishibai se pretende motivar a los ni\u00f1os en su visita al yacimiento y museo \u201cLas Eretas\u201d de Berbinzana (Navarra).<\/p>\n<p><strong>\u00bfCrees que el kamishibai es para adultos, para ni\u00f1os o para ambos?<\/strong><br \/>\nLa mayor parte de los kamishibais est\u00e1n dirigidos a ni\u00f1os, pero hay muchos de ellos con los que pueden disfrutar tanto los ni\u00f1os como los adultos. Incluso hay algunos que est\u00e1n dirigidos preferentemente a los mayores.<\/p>\n<p><strong>\u00bfCon qui\u00e9n disfrutas m\u00e1s, con los adultos o con los ni\u00f1os?<\/strong><br \/>\nCon los peque\u00f1os, son m\u00e1s expresivos, muestran su disfrute y te contagian. Pero tambi\u00e9n me gusta ver la atenci\u00f3n que prestan los mayores, c\u00f3mo les sorprende que a trav\u00e9s del kamishibai las historias que se narran puedan impactar mucho m\u00e1s que cuando son solo contadas.<\/p>\n<p><strong>\u00bfCu\u00e1l es tu kamishibai preferido?<\/strong><br \/>\nDepende de a qui\u00e9n se lo vaya a interpretar. Para los m\u00e1s peque\u00f1os el de \u201cCrece, crece, hazte mayor\u201d de Noriko Matsui; para los ni\u00f1os mayores y adultos \u201cEl padre\u201d. Los dos son de Doshinsha la editorial m\u00e1s importante que publica kamishibais en Jap\u00f3n. Y de los creados en el colegio, el dirigido a ni\u00f1os \u201cElefantito tiene hambre\u201d que lo hicimos el curso 2004-2005 entre todos \u2013alumnos, Reiko y yo- los que particip\u00e1bamos en el taller ese curso.<\/p>\n<p><strong>\u00bfTe ha sucedido alguna an\u00e9cdota con alg\u00fan grupo de alumnos a los que has preparado?<\/strong><br \/>\nMuchas, pero quiero destacar una. El curso 2007-2008 dos ni\u00f1as estuvieron tres semanas trabajando con ah\u00ednco en la caracterizaci\u00f3n de los personajes de su kamishibai, y una vez decidido c\u00f3mo iban a ser, elaboraron un kamishibai \u201cBruno quiere jugar\u201d. Da la casualidad que es el kamishibai del que se han hecho m\u00e1s descargas del blog de \u201c<a href=\"http:\/\/kamishibai.educacion.navarra.es\/contacto-2\/amigos-del-kamishibai\/\" target=\"_blank\">Amigos del Kamishibai<\/a>\u00bb<\/p>\n<p><strong>\u00bfPor qu\u00e9 decidiste hacer un libro sobre el Kamishibai?<\/strong><br \/>\nCuando conoc\u00ed el kamishibai y quise recoger informaci\u00f3n sobre \u00e9l, s\u00f3lo la encontr\u00e9 en japon\u00e9s y aunque contaba con la ayuda de Reiko, al principio tuvimos muchas dificultades. Conseguimos establecer contacto con la Asociaci\u00f3n Internacional del Kamishibai de Jap\u00f3n, IKAJA, que a trav\u00e9s de Etsuko Nozaka -que nos visit\u00f3 en 2006- nos empez\u00f3 a mandar en ingl\u00e9s documentos que se hab\u00edan publicado en japon\u00e9s y que consideraba importantes para atender nuestras demandas.<br \/>\nPor ello, para que los dem\u00e1s no se encontraran con tantas dificultades, he sentido desde el comienzo la necesidad de compartir lo que iba aprendiendo sobre el kamishibai a nivel te\u00f3rico y con las experiencias que iba teniendo en el taller.<br \/>\nEste ofertar informaci\u00f3n sobre el kamishibai lo he ido haciendo a trav\u00e9s del blog citado anteriormente y en muchos cursos y seminarios con profesores por toda Espa\u00f1a. Pero muchas personas segu\u00edan pidi\u00e9ndome algo m\u00e1s y otras muchas me aconsejaban que lo recogiera en un libro. Al final han sido dos libros en los que presento informaci\u00f3n sacada de muchos estudios y fundamentalmente la experiencia Taller de Kamishibai que iniciamos en \u201cSan Juan de la Cadena\u201d.<br \/>\nTengo que destacar que estos libros no hubieran sido posibles sin la colaboraci\u00f3n de Carmen Varea y de todo el personal del colegio, principalmente de las ni\u00f1as y ni\u00f1os que han participado en el taller a lo largo de los a\u00f1os, as\u00ed como de la de muchos profesores de otros centros que han compartido con nosotros su experiencia.<\/p>\n<p><strong>\u00bfC\u00f3mo te sentiste al terminar los libros? \u00bfY cuando los expusiste?<\/strong><br \/>\nMe supuso un esfuerzo grande escribirlos. Por ello, cuando los termin\u00e9, me sent\u00ed liberada de una tarea que ten\u00eda que hacer, pero que no es lo que m\u00e1s me gusta hacer. Prefiero y me satisfacen mucho m\u00e1s mis relaciones e intercambios cara a cara con otras personas compartiendo conocimientos y experiencias sobre el Kamishibai.<br \/>\nCuando los present\u00e9, me sent\u00ed muy contenta, el esfuerzo que hab\u00eda hecho val\u00eda la pena. A trav\u00e9s de los libros los conocimientos y experiencias, m\u00edas y de otras personas, recogidos en ellos pod\u00edan llegar a mucha m\u00e1s gente.<\/p>\n<p><strong>\u00bfTe gustar\u00eda que el kamishibai se difundiera por todo el mundo?<\/strong><br \/>\nSi, me gustar\u00eda mucho; todo el trabajo que hago fuera del centro est\u00e1 dirigido a ello. Me encontr\u00e9 con \u00e9l por casualidad; tiene una magia que atrae a todos; y hemos descubierto que adem\u00e1s de disfrutar con \u00e9l, en el Taller de Kamishibai se pueden aprender y desarrollar muchas de las competencias clave que ayudan a desenvolverse en la vida de forma satisfactoria.<br \/>\nEs una suerte, que en estos \u00faltimos a\u00f1os, se est\u00e1 dando un gran impulso, promovido frecuentemente desde Jap\u00f3n, en la difusi\u00f3n del kamishibai en todo el mundo.<\/p>\n<p>Os animo a visitar el blog <a href=\"http:\/\/kamishibai.educacion.navarra.es\/\" target=\"_blank\">http:\/\/kamishibai.educacion.navarra.es\/<\/a> En \u00e9l encontrar\u00e9is todos los kamishibais que se han ido elaborando en nuestro Taller de Kamishibai; art\u00edculos para conocer esta t\u00e9cnica que tantas satisfacciones y oportunidades nos est\u00e1 dando al colegio -sobre todo a nuestros alumnos-; y muchas experiencias con el kamishibai de otros centros.<\/p>\n<div class=\"gallery\"><dl class='gallery-item'>\n\t\t\t<dt class='gallery-icon landscape'>\n\t\t\t\t<a href='https:\/\/cpsanjuandelacadena.educacion.navarra.es\/blogs\/revista\/files\/2015\/06\/kamishibai1.jpg'><img width=\"150\" height=\"150\" src=\"https:\/\/cpsanjuandelacadena.educacion.navarra.es\/blogs\/revista\/files\/2015\/06\/kamishibai1-150x150.jpg\" class=\"attachment-thumbnail size-thumbnail\" alt=\"\" loading=\"lazy\" srcset=\"https:\/\/cpsanjuandelacadena.educacion.navarra.es\/blogs\/revista\/files\/2015\/06\/kamishibai1-150x150.jpg 150w, https:\/\/cpsanjuandelacadena.educacion.navarra.es\/blogs\/revista\/files\/2015\/06\/kamishibai1-36x36.jpg 36w, https:\/\/cpsanjuandelacadena.educacion.navarra.es\/blogs\/revista\/files\/2015\/06\/kamishibai1-115x115.jpg 115w\" sizes=\"(max-width: 150px) 100vw, 150px\" \/><\/a>\n\t\t\t<\/dt><\/dl><dl class='gallery-item'>\n\t\t\t<dt class='gallery-icon landscape'>\n\t\t\t\t<a href='https:\/\/cpsanjuandelacadena.educacion.navarra.es\/blogs\/revista\/files\/2015\/06\/kamishibai2.jpg'><img width=\"150\" height=\"150\" src=\"https:\/\/cpsanjuandelacadena.educacion.navarra.es\/blogs\/revista\/files\/2015\/06\/kamishibai2-150x150.jpg\" class=\"attachment-thumbnail size-thumbnail\" alt=\"\" loading=\"lazy\" srcset=\"https:\/\/cpsanjuandelacadena.educacion.navarra.es\/blogs\/revista\/files\/2015\/06\/kamishibai2-150x150.jpg 150w, https:\/\/cpsanjuandelacadena.educacion.navarra.es\/blogs\/revista\/files\/2015\/06\/kamishibai2-36x36.jpg 36w, https:\/\/cpsanjuandelacadena.educacion.navarra.es\/blogs\/revista\/files\/2015\/06\/kamishibai2-115x115.jpg 115w\" sizes=\"(max-width: 150px) 100vw, 150px\" \/><\/a>\n\t\t\t<\/dt><\/dl><br style=\"clear: both\" \/><dl class='gallery-item'>\n\t\t\t<dt class='gallery-icon landscape'>\n\t\t\t\t<a href='https:\/\/cpsanjuandelacadena.educacion.navarra.es\/blogs\/revista\/files\/2015\/06\/kamishibai3.jpg'><img width=\"150\" height=\"150\" src=\"https:\/\/cpsanjuandelacadena.educacion.navarra.es\/blogs\/revista\/files\/2015\/06\/kamishibai3-150x150.jpg\" class=\"attachment-thumbnail size-thumbnail\" alt=\"\" loading=\"lazy\" srcset=\"https:\/\/cpsanjuandelacadena.educacion.navarra.es\/blogs\/revista\/files\/2015\/06\/kamishibai3-150x150.jpg 150w, https:\/\/cpsanjuandelacadena.educacion.navarra.es\/blogs\/revista\/files\/2015\/06\/kamishibai3-36x36.jpg 36w, https:\/\/cpsanjuandelacadena.educacion.navarra.es\/blogs\/revista\/files\/2015\/06\/kamishibai3-115x115.jpg 115w\" sizes=\"(max-width: 150px) 100vw, 150px\" \/><\/a>\n\t\t\t<\/dt><\/dl><dl class='gallery-item'>\n\t\t\t<dt class='gallery-icon landscape'>\n\t\t\t\t<a href='https:\/\/cpsanjuandelacadena.educacion.navarra.es\/blogs\/revista\/files\/2015\/06\/kamishibai4.jpg'><img width=\"150\" height=\"150\" src=\"https:\/\/cpsanjuandelacadena.educacion.navarra.es\/blogs\/revista\/files\/2015\/06\/kamishibai4-150x150.jpg\" class=\"attachment-thumbnail size-thumbnail\" alt=\"\" loading=\"lazy\" srcset=\"https:\/\/cpsanjuandelacadena.educacion.navarra.es\/blogs\/revista\/files\/2015\/06\/kamishibai4-150x150.jpg 150w, https:\/\/cpsanjuandelacadena.educacion.navarra.es\/blogs\/revista\/files\/2015\/06\/kamishibai4-36x36.jpg 36w, https:\/\/cpsanjuandelacadena.educacion.navarra.es\/blogs\/revista\/files\/2015\/06\/kamishibai4-115x115.jpg 115w\" sizes=\"(max-width: 150px) 100vw, 150px\" \/><\/a>\n\t\t\t<\/dt><\/dl><br style=\"clear: both\" \/>\n\t\t<\/div>\n\n","protected":false},"excerpt":{"rendered":"<p>Carmen Aldama es una maestra jubilada que estuvo los \u00faltimos a\u00f1os de su actividad profesional en el colegio y que sigue llevando nuestro Taller de Kamishibai. La editorial Leer-e le [&hellip;]<\/p>\n","protected":false},"author":2,"featured_media":1237,"comment_status":"open","ping_status":"open","sticky":false,"template":"","format":"standard","meta":{"_links_to":"","_links_to_target":""},"categories":[6],"tags":[77,67],"series":[33],"_links":{"self":[{"href":"https:\/\/cpsanjuandelacadena.educacion.navarra.es\/blogs\/revista\/wp-json\/wp\/v2\/posts\/1236"}],"collection":[{"href":"https:\/\/cpsanjuandelacadena.educacion.navarra.es\/blogs\/revista\/wp-json\/wp\/v2\/posts"}],"about":[{"href":"https:\/\/cpsanjuandelacadena.educacion.navarra.es\/blogs\/revista\/wp-json\/wp\/v2\/types\/post"}],"author":[{"embeddable":true,"href":"https:\/\/cpsanjuandelacadena.educacion.navarra.es\/blogs\/revista\/wp-json\/wp\/v2\/users\/2"}],"replies":[{"embeddable":true,"href":"https:\/\/cpsanjuandelacadena.educacion.navarra.es\/blogs\/revista\/wp-json\/wp\/v2\/comments?post=1236"}],"version-history":[{"count":0,"href":"https:\/\/cpsanjuandelacadena.educacion.navarra.es\/blogs\/revista\/wp-json\/wp\/v2\/posts\/1236\/revisions"}],"wp:featuredmedia":[{"embeddable":true,"href":"https:\/\/cpsanjuandelacadena.educacion.navarra.es\/blogs\/revista\/wp-json\/wp\/v2\/media\/1237"}],"wp:attachment":[{"href":"https:\/\/cpsanjuandelacadena.educacion.navarra.es\/blogs\/revista\/wp-json\/wp\/v2\/media?parent=1236"}],"wp:term":[{"taxonomy":"category","embeddable":true,"href":"https:\/\/cpsanjuandelacadena.educacion.navarra.es\/blogs\/revista\/wp-json\/wp\/v2\/categories?post=1236"},{"taxonomy":"post_tag","embeddable":true,"href":"https:\/\/cpsanjuandelacadena.educacion.navarra.es\/blogs\/revista\/wp-json\/wp\/v2\/tags?post=1236"},{"taxonomy":"series","embeddable":true,"href":"https:\/\/cpsanjuandelacadena.educacion.navarra.es\/blogs\/revista\/wp-json\/wp\/v2\/series?post=1236"}],"curies":[{"name":"wp","href":"https:\/\/api.w.org\/{rel}","templated":true}]}}