{"id":1125,"date":"2015-06-05T07:12:51","date_gmt":"2015-06-05T07:12:51","guid":{"rendered":"http:\/\/cpsanjuandelacadena.educacion.navarra.es\/blogs\/revista\/?p=1125"},"modified":"2015-06-05T07:12:51","modified_gmt":"2015-06-05T07:12:51","slug":"navidad-2014","status":"publish","type":"post","link":"https:\/\/cpsanjuandelacadena.educacion.navarra.es\/blogs\/revista\/2015\/06\/05\/navidad-2014\/","title":{"rendered":"Navidad 2014"},"content":{"rendered":"<p>El d\u00eda 19 de diciembre el alumnado y profesorado de San Juan de la\u00a0Cadena celebr\u00f3 la Navidad.<\/p>\n<p>Como es habitual el alumnado de 5\u00ba y 6\u00ba de la mano del profesorado prepararon el gran festival teatral que tiene lugar en el comedor del colegio y al que acude todo el alumnado de primaria y el profesorado.<\/p>\n<p>Empieza con la felicitaci\u00f3n del director y a continuaci\u00f3n la obra titulada \u201cLa foto de Navidad\u201d, preparada por Mamen y Jose de religi\u00f3n. Le sigue Santa Claus y su reno, preparado por Luc\u00eda. Posteriormente Olentzero, preparada por Marga, tambi\u00e9n contamos con Sant Nicolaus, preparado por Toni.<\/p>\n<p>Entre actuaci\u00f3n y actuaci\u00f3n se cantan villancicos en las distintas lenguas que estudiamos en el colegio y tambi\u00e9n un villancico tocado con la flauta, que prepara Blanca con el alumnado de 5\u00ba y como no pod\u00eda faltar, la interpretaci\u00f3n de un kamishibai que prepara para el evento, Carmen Aldama.<\/p>\n<p>Finalizado el acto, todos los personajes de navidad repartieron chuches al alumnado de 1\u00ba y 2\u00ba de primaria.<\/p>\n<p>Tras el almuerzo visitamos al alumnado de infantil para hacerles de nuevo el festival. Todos los peque\u00f1os estuvieron muy atentos y sorprendidos sobre todo cuando les repartimos las chuches y nos hicimos las fotos.<\/p>\n<p>Por \u00faltimo regresamos al edificio de primaria para cantar el tradicional villancico de navidad en las escaleras del hall ante la expectaci\u00f3n de las familias que se acercaron.<\/p>\n<div class=\"gallery\"><dl class='gallery-item'>\n\t\t\t<dt class='gallery-icon portrait'>\n\t\t\t\t<a href='https:\/\/cpsanjuandelacadena.educacion.navarra.es\/blogs\/revista\/files\/2015\/06\/navidad4.jpg'><img width=\"150\" height=\"150\" src=\"https:\/\/cpsanjuandelacadena.educacion.navarra.es\/blogs\/revista\/files\/2015\/06\/navidad4-150x150.jpg\" class=\"attachment-thumbnail size-thumbnail\" alt=\"\" loading=\"lazy\" srcset=\"https:\/\/cpsanjuandelacadena.educacion.navarra.es\/blogs\/revista\/files\/2015\/06\/navidad4-150x150.jpg 150w, https:\/\/cpsanjuandelacadena.educacion.navarra.es\/blogs\/revista\/files\/2015\/06\/navidad4-36x36.jpg 36w, https:\/\/cpsanjuandelacadena.educacion.navarra.es\/blogs\/revista\/files\/2015\/06\/navidad4-115x115.jpg 115w\" sizes=\"(max-width: 150px) 100vw, 150px\" \/><\/a>\n\t\t\t<\/dt><\/dl><dl class='gallery-item'>\n\t\t\t<dt class='gallery-icon landscape'>\n\t\t\t\t<a href='https:\/\/cpsanjuandelacadena.educacion.navarra.es\/blogs\/revista\/files\/2015\/06\/navidad3.jpg'><img width=\"150\" height=\"150\" src=\"https:\/\/cpsanjuandelacadena.educacion.navarra.es\/blogs\/revista\/files\/2015\/06\/navidad3-150x150.jpg\" class=\"attachment-thumbnail size-thumbnail\" alt=\"\" loading=\"lazy\" srcset=\"https:\/\/cpsanjuandelacadena.educacion.navarra.es\/blogs\/revista\/files\/2015\/06\/navidad3-150x150.jpg 150w, https:\/\/cpsanjuandelacadena.educacion.navarra.es\/blogs\/revista\/files\/2015\/06\/navidad3-36x36.jpg 36w, https:\/\/cpsanjuandelacadena.educacion.navarra.es\/blogs\/revista\/files\/2015\/06\/navidad3-115x115.jpg 115w\" sizes=\"(max-width: 150px) 100vw, 150px\" \/><\/a>\n\t\t\t<\/dt><\/dl><br style=\"clear: both\" \/><dl class='gallery-item'>\n\t\t\t<dt class='gallery-icon landscape'>\n\t\t\t\t<a href='https:\/\/cpsanjuandelacadena.educacion.navarra.es\/blogs\/revista\/files\/2015\/06\/navidad2.jpg'><img width=\"150\" height=\"150\" src=\"https:\/\/cpsanjuandelacadena.educacion.navarra.es\/blogs\/revista\/files\/2015\/06\/navidad2-150x150.jpg\" class=\"attachment-thumbnail size-thumbnail\" alt=\"\" loading=\"lazy\" srcset=\"https:\/\/cpsanjuandelacadena.educacion.navarra.es\/blogs\/revista\/files\/2015\/06\/navidad2-150x150.jpg 150w, https:\/\/cpsanjuandelacadena.educacion.navarra.es\/blogs\/revista\/files\/2015\/06\/navidad2-36x36.jpg 36w, https:\/\/cpsanjuandelacadena.educacion.navarra.es\/blogs\/revista\/files\/2015\/06\/navidad2-115x115.jpg 115w\" sizes=\"(max-width: 150px) 100vw, 150px\" \/><\/a>\n\t\t\t<\/dt><\/dl><dl class='gallery-item'>\n\t\t\t<dt class='gallery-icon landscape'>\n\t\t\t\t<a href='https:\/\/cpsanjuandelacadena.educacion.navarra.es\/blogs\/revista\/files\/2015\/06\/navidad1.jpg'><img width=\"150\" height=\"150\" src=\"https:\/\/cpsanjuandelacadena.educacion.navarra.es\/blogs\/revista\/files\/2015\/06\/navidad1-150x150.jpg\" class=\"attachment-thumbnail size-thumbnail\" alt=\"\" loading=\"lazy\" srcset=\"https:\/\/cpsanjuandelacadena.educacion.navarra.es\/blogs\/revista\/files\/2015\/06\/navidad1-150x150.jpg 150w, https:\/\/cpsanjuandelacadena.educacion.navarra.es\/blogs\/revista\/files\/2015\/06\/navidad1-36x36.jpg 36w, https:\/\/cpsanjuandelacadena.educacion.navarra.es\/blogs\/revista\/files\/2015\/06\/navidad1-115x115.jpg 115w\" sizes=\"(max-width: 150px) 100vw, 150px\" \/><\/a>\n\t\t\t<\/dt><\/dl><br style=\"clear: both\" \/>\n\t\t<\/div>\n\n","protected":false},"excerpt":{"rendered":"<p>El d\u00eda 19 de diciembre el alumnado y profesorado de San Juan de la\u00a0Cadena celebr\u00f3 la Navidad. Como es habitual el alumnado de 5\u00ba y 6\u00ba de la mano del [&hellip;]<\/p>\n","protected":false},"author":2,"featured_media":1126,"comment_status":"open","ping_status":"open","sticky":false,"template":"","format":"standard","meta":{"_links_to":"","_links_to_target":""},"categories":[24],"tags":[56],"series":[33],"_links":{"self":[{"href":"https:\/\/cpsanjuandelacadena.educacion.navarra.es\/blogs\/revista\/wp-json\/wp\/v2\/posts\/1125"}],"collection":[{"href":"https:\/\/cpsanjuandelacadena.educacion.navarra.es\/blogs\/revista\/wp-json\/wp\/v2\/posts"}],"about":[{"href":"https:\/\/cpsanjuandelacadena.educacion.navarra.es\/blogs\/revista\/wp-json\/wp\/v2\/types\/post"}],"author":[{"embeddable":true,"href":"https:\/\/cpsanjuandelacadena.educacion.navarra.es\/blogs\/revista\/wp-json\/wp\/v2\/users\/2"}],"replies":[{"embeddable":true,"href":"https:\/\/cpsanjuandelacadena.educacion.navarra.es\/blogs\/revista\/wp-json\/wp\/v2\/comments?post=1125"}],"version-history":[{"count":0,"href":"https:\/\/cpsanjuandelacadena.educacion.navarra.es\/blogs\/revista\/wp-json\/wp\/v2\/posts\/1125\/revisions"}],"wp:featuredmedia":[{"embeddable":true,"href":"https:\/\/cpsanjuandelacadena.educacion.navarra.es\/blogs\/revista\/wp-json\/wp\/v2\/media\/1126"}],"wp:attachment":[{"href":"https:\/\/cpsanjuandelacadena.educacion.navarra.es\/blogs\/revista\/wp-json\/wp\/v2\/media?parent=1125"}],"wp:term":[{"taxonomy":"category","embeddable":true,"href":"https:\/\/cpsanjuandelacadena.educacion.navarra.es\/blogs\/revista\/wp-json\/wp\/v2\/categories?post=1125"},{"taxonomy":"post_tag","embeddable":true,"href":"https:\/\/cpsanjuandelacadena.educacion.navarra.es\/blogs\/revista\/wp-json\/wp\/v2\/tags?post=1125"},{"taxonomy":"series","embeddable":true,"href":"https:\/\/cpsanjuandelacadena.educacion.navarra.es\/blogs\/revista\/wp-json\/wp\/v2\/series?post=1125"}],"curies":[{"name":"wp","href":"https:\/\/api.w.org\/{rel}","templated":true}]}}