{"id":1949,"date":"2025-03-10T16:01:10","date_gmt":"2025-03-10T16:01:10","guid":{"rendered":"https:\/\/cpsanjuandelacadena.educacion.navarra.es\/blogs\/infantil\/?p=1949"},"modified":"2025-03-10T16:01:55","modified_gmt":"2025-03-10T16:01:55","slug":"dia-de-la-mujer-la-nina-y-la-ciencia","status":"publish","type":"post","link":"https:\/\/cpsanjuandelacadena.educacion.navarra.es\/blogs\/infantil\/2025\/03\/10\/dia-de-la-mujer-la-nina-y-la-ciencia\/","title":{"rendered":"D\u00eda de la mujer, la ni\u00f1a y la ciencia"},"content":{"rendered":"\n<p>Con motivo de la celebraci\u00f3n del d\u00eda de la mujer, la ni\u00f1a y la ciencia, en infantil hemos contado con la colaboraci\u00f3n de tres madres que han llevado a cabo en el aula peque\u00f1os experimentos o experiencias relacionadas con los proyectos en los que hemos estado trabajando durante este trimestre. Por un lado los dinosaurios en 4 a\u00f1os y por otro el proyecto del Antiguo Egipto en 5 a\u00f1os.<\/p>\n\n\n\n<p>Muchas gracias Isabel, Itziar e Idoia por vuestro tiempo y disponibilidad. Hemos disfrutado mucho con vuestra visita.<\/p>\n\n\n\n<p><a href=\"https:\/\/photos.google.com\/u\/1\/share\/AF1QipOIfFa1hqczYMf2ag5FxcYdi4bPOivhwUAkPGpuzShHIZdxFUwrgC4Ya5FBDGpZAA?key=cFFqTWQtajFwMVlTSDhjRTNfNlBXcXVRVjVuUFZn\">Pincha aqu\u00ed para ver las fotos.<\/a><\/p>\n\n\n\n<figure class=\"wp-block-image size-large\"><a href=\"https:\/\/cpsanjuandelacadena.educacion.navarra.es\/blogs\/infantil\/files\/2025\/03\/Itziar.jpg\"><img loading=\"lazy\" width=\"1024\" height=\"771\" src=\"https:\/\/cpsanjuandelacadena.educacion.navarra.es\/blogs\/infantil\/files\/2025\/03\/Itziar-1024x771.jpg\" alt=\"\" class=\"wp-image-1950\" srcset=\"https:\/\/cpsanjuandelacadena.educacion.navarra.es\/blogs\/infantil\/files\/2025\/03\/Itziar-1024x771.jpg 1024w, https:\/\/cpsanjuandelacadena.educacion.navarra.es\/blogs\/infantil\/files\/2025\/03\/Itziar-300x226.jpg 300w, https:\/\/cpsanjuandelacadena.educacion.navarra.es\/blogs\/infantil\/files\/2025\/03\/Itziar-768x578.jpg 768w, https:\/\/cpsanjuandelacadena.educacion.navarra.es\/blogs\/infantil\/files\/2025\/03\/Itziar-1536x1156.jpg 1536w, https:\/\/cpsanjuandelacadena.educacion.navarra.es\/blogs\/infantil\/files\/2025\/03\/Itziar.jpg 2000w\" sizes=\"(max-width: 1024px) 100vw, 1024px\" \/><\/a><\/figure>\n","protected":false},"excerpt":{"rendered":"<p>Con motivo de la celebraci\u00f3n del d\u00eda de la mujer, la ni\u00f1a y la ciencia, en infantil hemos contado con la colaboraci\u00f3n de tres madres que han llevado a cabo [&hellip;]<\/p>\n","protected":false},"author":189,"featured_media":0,"comment_status":"open","ping_status":"open","sticky":false,"template":"","format":"standard","meta":{"_links_to":"","_links_to_target":""},"categories":[1],"tags":[],"series":[],"_links":{"self":[{"href":"https:\/\/cpsanjuandelacadena.educacion.navarra.es\/blogs\/infantil\/wp-json\/wp\/v2\/posts\/1949"}],"collection":[{"href":"https:\/\/cpsanjuandelacadena.educacion.navarra.es\/blogs\/infantil\/wp-json\/wp\/v2\/posts"}],"about":[{"href":"https:\/\/cpsanjuandelacadena.educacion.navarra.es\/blogs\/infantil\/wp-json\/wp\/v2\/types\/post"}],"author":[{"embeddable":true,"href":"https:\/\/cpsanjuandelacadena.educacion.navarra.es\/blogs\/infantil\/wp-json\/wp\/v2\/users\/189"}],"replies":[{"embeddable":true,"href":"https:\/\/cpsanjuandelacadena.educacion.navarra.es\/blogs\/infantil\/wp-json\/wp\/v2\/comments?post=1949"}],"version-history":[{"count":0,"href":"https:\/\/cpsanjuandelacadena.educacion.navarra.es\/blogs\/infantil\/wp-json\/wp\/v2\/posts\/1949\/revisions"}],"wp:attachment":[{"href":"https:\/\/cpsanjuandelacadena.educacion.navarra.es\/blogs\/infantil\/wp-json\/wp\/v2\/media?parent=1949"}],"wp:term":[{"taxonomy":"category","embeddable":true,"href":"https:\/\/cpsanjuandelacadena.educacion.navarra.es\/blogs\/infantil\/wp-json\/wp\/v2\/categories?post=1949"},{"taxonomy":"post_tag","embeddable":true,"href":"https:\/\/cpsanjuandelacadena.educacion.navarra.es\/blogs\/infantil\/wp-json\/wp\/v2\/tags?post=1949"},{"taxonomy":"series","embeddable":true,"href":"https:\/\/cpsanjuandelacadena.educacion.navarra.es\/blogs\/infantil\/wp-json\/wp\/v2\/series?post=1949"}],"curies":[{"name":"wp","href":"https:\/\/api.w.org\/{rel}","templated":true}]}}