{"id":1779,"date":"2020-11-04T18:04:56","date_gmt":"2020-11-04T18:04:56","guid":{"rendered":"http:\/\/cpsanjuandelacadena.educacion.navarra.es\/blogs\/infantil\/?p=1779"},"modified":"2020-11-04T18:04:56","modified_gmt":"2020-11-04T18:04:56","slug":"halloween-5-anos","status":"publish","type":"post","link":"https:\/\/cpsanjuandelacadena.educacion.navarra.es\/blogs\/infantil\/2020\/11\/04\/halloween-5-anos\/","title":{"rendered":"HALLOWEEN 5 A\u00d1OS"},"content":{"rendered":"\n<figure class=\"wp-block-image size-large is-resized\"><img loading=\"lazy\" src=\"https:\/\/cpsanjuandelacadena.educacion.navarra.es\/blogs\/infantil\/files\/2020\/11\/image6-1024x768.jpeg\" alt=\"\" class=\"wp-image-1780\" width=\"506\" height=\"379\" srcset=\"https:\/\/cpsanjuandelacadena.educacion.navarra.es\/blogs\/infantil\/files\/2020\/11\/image6-1024x768.jpeg 1024w, https:\/\/cpsanjuandelacadena.educacion.navarra.es\/blogs\/infantil\/files\/2020\/11\/image6-300x225.jpeg 300w, https:\/\/cpsanjuandelacadena.educacion.navarra.es\/blogs\/infantil\/files\/2020\/11\/image6-768x576.jpeg 768w, https:\/\/cpsanjuandelacadena.educacion.navarra.es\/blogs\/infantil\/files\/2020\/11\/image6-1536x1152.jpeg 1536w, https:\/\/cpsanjuandelacadena.educacion.navarra.es\/blogs\/infantil\/files\/2020\/11\/image6-2048x1536.jpeg 2048w\" sizes=\"(max-width: 506px) 100vw, 506px\" \/><\/figure>\n\n\n\n<p class=\"has-text-align-center\">El viernes 30 de Octubre, celebramos Halloween. Las clases de 5 a\u00f1os, nos lo pasamos muy bien. Empezamos el d\u00eda con la lectura de un cuento terror\u00edfico, luego hicimos el conjuro con las brujas&#8230;\u00a1\u00a1QU\u00c9 MIEDO!!<\/p>\n\n\n\n<p class=\"has-text-align-center\">Por \u00faltimo, hicimos tres talleres diferentes y&#8230;<\/p>\n\n\n\n<p>\u00a1NOS LO PASAMOS GENIAL! \u00a1FUE UN D\u00cdA TERROR\u00cdFICAMENTE DIVERTIDO!<\/p>\n\n\n\n<div class=\"wp-container-1 wp-block-buttons\">\n<div class=\"wp-block-button\"><a class=\"wp-block-button__link\" href=\"https:\/\/photos.app.goo.gl\/xYYB1CA8ttw5NCKJA\" target=\"_blank\" rel=\"noreferrer noopener\">PINCHA AQU\u00cd PARA VER LAS FOTOS<\/a><\/div>\n<\/div>\n\n\n\n<p><\/p>\n","protected":false},"excerpt":{"rendered":"<p>El viernes 30 de Octubre, celebramos Halloween. Las clases de 5 a\u00f1os, nos lo pasamos muy bien. Empezamos el d\u00eda con la lectura de un cuento terror\u00edfico, luego hicimos el [&hellip;]<\/p>\n","protected":false},"author":189,"featured_media":0,"comment_status":"open","ping_status":"open","sticky":false,"template":"","format":"standard","meta":{"_links_to":"","_links_to_target":""},"categories":[1],"tags":[43],"series":[],"_links":{"self":[{"href":"https:\/\/cpsanjuandelacadena.educacion.navarra.es\/blogs\/infantil\/wp-json\/wp\/v2\/posts\/1779"}],"collection":[{"href":"https:\/\/cpsanjuandelacadena.educacion.navarra.es\/blogs\/infantil\/wp-json\/wp\/v2\/posts"}],"about":[{"href":"https:\/\/cpsanjuandelacadena.educacion.navarra.es\/blogs\/infantil\/wp-json\/wp\/v2\/types\/post"}],"author":[{"embeddable":true,"href":"https:\/\/cpsanjuandelacadena.educacion.navarra.es\/blogs\/infantil\/wp-json\/wp\/v2\/users\/189"}],"replies":[{"embeddable":true,"href":"https:\/\/cpsanjuandelacadena.educacion.navarra.es\/blogs\/infantil\/wp-json\/wp\/v2\/comments?post=1779"}],"version-history":[{"count":0,"href":"https:\/\/cpsanjuandelacadena.educacion.navarra.es\/blogs\/infantil\/wp-json\/wp\/v2\/posts\/1779\/revisions"}],"wp:attachment":[{"href":"https:\/\/cpsanjuandelacadena.educacion.navarra.es\/blogs\/infantil\/wp-json\/wp\/v2\/media?parent=1779"}],"wp:term":[{"taxonomy":"category","embeddable":true,"href":"https:\/\/cpsanjuandelacadena.educacion.navarra.es\/blogs\/infantil\/wp-json\/wp\/v2\/categories?post=1779"},{"taxonomy":"post_tag","embeddable":true,"href":"https:\/\/cpsanjuandelacadena.educacion.navarra.es\/blogs\/infantil\/wp-json\/wp\/v2\/tags?post=1779"},{"taxonomy":"series","embeddable":true,"href":"https:\/\/cpsanjuandelacadena.educacion.navarra.es\/blogs\/infantil\/wp-json\/wp\/v2\/series?post=1779"}],"curies":[{"name":"wp","href":"https:\/\/api.w.org\/{rel}","templated":true}]}}