{"id":1714,"date":"2019-05-28T05:12:52","date_gmt":"2019-05-28T05:12:52","guid":{"rendered":"http:\/\/cpsanjuandelacadena.educacion.navarra.es\/blogs\/infantil\/?p=1714"},"modified":"2019-05-28T05:12:52","modified_gmt":"2019-05-28T05:12:52","slug":"granja-xuberoa-4-anos","status":"publish","type":"post","link":"https:\/\/cpsanjuandelacadena.educacion.navarra.es\/blogs\/infantil\/2019\/05\/28\/granja-xuberoa-4-anos\/","title":{"rendered":"GRANJA XUBEROA 4 A\u00d1OS"},"content":{"rendered":"\n<div class=\"wp-block-image\"><figure class=\"aligncenter is-resized\"><img loading=\"lazy\" src=\"https:\/\/cpsanjuandelacadena.educacion.navarra.es\/blogs\/infantil\/files\/2019\/05\/IMG-20190522-WA0019-1024x768.jpg\" alt=\"\" class=\"wp-image-1715\" width=\"484\" height=\"363\" srcset=\"https:\/\/cpsanjuandelacadena.educacion.navarra.es\/blogs\/infantil\/files\/2019\/05\/IMG-20190522-WA0019-1024x768.jpg 1024w, https:\/\/cpsanjuandelacadena.educacion.navarra.es\/blogs\/infantil\/files\/2019\/05\/IMG-20190522-WA0019-300x225.jpg 300w, https:\/\/cpsanjuandelacadena.educacion.navarra.es\/blogs\/infantil\/files\/2019\/05\/IMG-20190522-WA0019-768x576.jpg 768w, https:\/\/cpsanjuandelacadena.educacion.navarra.es\/blogs\/infantil\/files\/2019\/05\/IMG-20190522-WA0019.jpg 1600w\" sizes=\"(max-width: 484px) 100vw, 484px\" \/><\/figure><\/div>\n\n\n\n<p>Los ni\u00f1os y ni\u00f1as de 4 a\u00f1os fuimos a la Granja Xuberoa como nuestros amigos y amigas de 3. Nosotros vimos alg\u00fan animal que andaba por ah\u00ed pero nos centramos en hacer pan. <\/p>\n\n\n\n<p>Como nos gust\u00f3 revolver los ingredientes, mancharnos las manos&#8230;y el resultado fue espectacular. Despu\u00e9s, nos sobr\u00f3 algo de tiempo y pudimos volar a Mario.<\/p>\n\n\n\n<p>\u00a1Nos lo pasamos genial!<\/p>\n\n\n\n<p><a href=\"https:\/\/photos.app.goo.gl\/xScYqmHRgEBfNANH7\">https:\/\/photos.app.goo.gl\/xScYqmHRgEBfNANH7<\/a><\/p>\n","protected":false},"excerpt":{"rendered":"<p>Los ni\u00f1os y ni\u00f1as de 4 a\u00f1os fuimos a la Granja Xuberoa como nuestros amigos y amigas de 3. Nosotros vimos alg\u00fan animal que andaba por ah\u00ed pero nos centramos [&hellip;]<\/p>\n","protected":false},"author":189,"featured_media":0,"comment_status":"open","ping_status":"open","sticky":false,"template":"","format":"standard","meta":{"_links_to":"","_links_to_target":""},"categories":[18],"tags":[],"series":[],"_links":{"self":[{"href":"https:\/\/cpsanjuandelacadena.educacion.navarra.es\/blogs\/infantil\/wp-json\/wp\/v2\/posts\/1714"}],"collection":[{"href":"https:\/\/cpsanjuandelacadena.educacion.navarra.es\/blogs\/infantil\/wp-json\/wp\/v2\/posts"}],"about":[{"href":"https:\/\/cpsanjuandelacadena.educacion.navarra.es\/blogs\/infantil\/wp-json\/wp\/v2\/types\/post"}],"author":[{"embeddable":true,"href":"https:\/\/cpsanjuandelacadena.educacion.navarra.es\/blogs\/infantil\/wp-json\/wp\/v2\/users\/189"}],"replies":[{"embeddable":true,"href":"https:\/\/cpsanjuandelacadena.educacion.navarra.es\/blogs\/infantil\/wp-json\/wp\/v2\/comments?post=1714"}],"version-history":[{"count":0,"href":"https:\/\/cpsanjuandelacadena.educacion.navarra.es\/blogs\/infantil\/wp-json\/wp\/v2\/posts\/1714\/revisions"}],"wp:attachment":[{"href":"https:\/\/cpsanjuandelacadena.educacion.navarra.es\/blogs\/infantil\/wp-json\/wp\/v2\/media?parent=1714"}],"wp:term":[{"taxonomy":"category","embeddable":true,"href":"https:\/\/cpsanjuandelacadena.educacion.navarra.es\/blogs\/infantil\/wp-json\/wp\/v2\/categories?post=1714"},{"taxonomy":"post_tag","embeddable":true,"href":"https:\/\/cpsanjuandelacadena.educacion.navarra.es\/blogs\/infantil\/wp-json\/wp\/v2\/tags?post=1714"},{"taxonomy":"series","embeddable":true,"href":"https:\/\/cpsanjuandelacadena.educacion.navarra.es\/blogs\/infantil\/wp-json\/wp\/v2\/series?post=1714"}],"curies":[{"name":"wp","href":"https:\/\/api.w.org\/{rel}","templated":true}]}}