{"id":1668,"date":"2019-01-22T22:02:37","date_gmt":"2019-01-22T22:02:37","guid":{"rendered":"http:\/\/cpsanjuandelacadena.educacion.navarra.es\/blogs\/infantil\/?p=1668"},"modified":"2019-01-22T22:02:37","modified_gmt":"2019-01-22T22:02:37","slug":"festival-de-navidad-infantil-2018","status":"publish","type":"post","link":"https:\/\/cpsanjuandelacadena.educacion.navarra.es\/blogs\/infantil\/2019\/01\/22\/festival-de-navidad-infantil-2018\/","title":{"rendered":"FESTIVAL DE NAVIDAD INFANTIL 2018"},"content":{"rendered":"<p>&nbsp;<\/p>\n<p><a href=\"https:\/\/cpsanjuandelacadena.educacion.navarra.es\/blogs\/infantil\/files\/2019\/01\/FOTOS-NAVIDAD-2018-0083.jpg\"><img loading=\"lazy\" class=\"aligncenter size-medium wp-image-1669\" src=\"https:\/\/cpsanjuandelacadena.educacion.navarra.es\/blogs\/infantil\/files\/2019\/01\/FOTOS-NAVIDAD-2018-0083-300x225.jpg\" alt=\"\" width=\"300\" height=\"225\" srcset=\"https:\/\/cpsanjuandelacadena.educacion.navarra.es\/blogs\/infantil\/files\/2019\/01\/FOTOS-NAVIDAD-2018-0083-300x225.jpg 300w, https:\/\/cpsanjuandelacadena.educacion.navarra.es\/blogs\/infantil\/files\/2019\/01\/FOTOS-NAVIDAD-2018-0083.jpg 600w\" sizes=\"(max-width: 300px) 100vw, 300px\" \/><\/a><\/p>\n<p style=\"text-align: center\">Como todos los a\u00f1os, celebramos el \u00faltimo d\u00eda de clase antes de las vacaciones de Navidad, nuestro festival.<\/p>\n<p style=\"text-align: center\">Fue una ma\u00f1ana muy emocionante ya que cantamos villancicos, vimos teatros realizados por los ni\u00f1os y ni\u00f1as de sexto, etc.<\/p>\n<p style=\"text-align: center\">Sin duda, lo mejor de la ma\u00f1ana es que pudimos entregar nuestras cartas a los Reyes Magos, Olentzero y Pap\u00e1 Noel&#8230; \u00a1 Qu\u00e9 emoci\u00f3n!<\/p>\n<p style=\"text-align: center\">Aqu\u00ed ten\u00e9is una selecci\u00f3n de fotos que esperemos que disfrut\u00e9is.<\/p>\n<p style=\"text-align: center\"><a href=\"https:\/\/flic.kr\/s\/aHsmzxxmaT\">\u00a1 PINCHA AQU\u00cd PARA VER LAS FOTOS!<\/a><\/p>\n","protected":false},"excerpt":{"rendered":"<p>&nbsp; Como todos los a\u00f1os, celebramos el \u00faltimo d\u00eda de clase antes de las vacaciones de Navidad, nuestro festival. Fue una ma\u00f1ana muy emocionante ya que cantamos villancicos, vimos teatros [&hellip;]<\/p>\n","protected":false},"author":189,"featured_media":0,"comment_status":"open","ping_status":"open","sticky":false,"template":"","format":"standard","meta":{"_links_to":"","_links_to_target":""},"categories":[10],"tags":[],"series":[],"_links":{"self":[{"href":"https:\/\/cpsanjuandelacadena.educacion.navarra.es\/blogs\/infantil\/wp-json\/wp\/v2\/posts\/1668"}],"collection":[{"href":"https:\/\/cpsanjuandelacadena.educacion.navarra.es\/blogs\/infantil\/wp-json\/wp\/v2\/posts"}],"about":[{"href":"https:\/\/cpsanjuandelacadena.educacion.navarra.es\/blogs\/infantil\/wp-json\/wp\/v2\/types\/post"}],"author":[{"embeddable":true,"href":"https:\/\/cpsanjuandelacadena.educacion.navarra.es\/blogs\/infantil\/wp-json\/wp\/v2\/users\/189"}],"replies":[{"embeddable":true,"href":"https:\/\/cpsanjuandelacadena.educacion.navarra.es\/blogs\/infantil\/wp-json\/wp\/v2\/comments?post=1668"}],"version-history":[{"count":0,"href":"https:\/\/cpsanjuandelacadena.educacion.navarra.es\/blogs\/infantil\/wp-json\/wp\/v2\/posts\/1668\/revisions"}],"wp:attachment":[{"href":"https:\/\/cpsanjuandelacadena.educacion.navarra.es\/blogs\/infantil\/wp-json\/wp\/v2\/media?parent=1668"}],"wp:term":[{"taxonomy":"category","embeddable":true,"href":"https:\/\/cpsanjuandelacadena.educacion.navarra.es\/blogs\/infantil\/wp-json\/wp\/v2\/categories?post=1668"},{"taxonomy":"post_tag","embeddable":true,"href":"https:\/\/cpsanjuandelacadena.educacion.navarra.es\/blogs\/infantil\/wp-json\/wp\/v2\/tags?post=1668"},{"taxonomy":"series","embeddable":true,"href":"https:\/\/cpsanjuandelacadena.educacion.navarra.es\/blogs\/infantil\/wp-json\/wp\/v2\/series?post=1668"}],"curies":[{"name":"wp","href":"https:\/\/api.w.org\/{rel}","templated":true}]}}