{"id":1595,"date":"2018-05-11T08:44:12","date_gmt":"2018-05-11T08:44:12","guid":{"rendered":"http:\/\/cpsanjuandelacadena.educacion.navarra.es\/blogs\/infantil\/?p=1595"},"modified":"2018-05-11T08:44:12","modified_gmt":"2018-05-11T08:44:12","slug":"las-gallinas-del-abuelo-antonio","status":"publish","type":"post","link":"https:\/\/cpsanjuandelacadena.educacion.navarra.es\/blogs\/infantil\/2018\/05\/11\/las-gallinas-del-abuelo-antonio\/","title":{"rendered":"Las gallinas del abuelo Antonio"},"content":{"rendered":"<p><a href=\"https:\/\/cpsanjuandelacadena.educacion.navarra.es\/blogs\/infantil\/files\/2018\/05\/DSC00931.jpg\"><img loading=\"lazy\" class=\"aligncenter size-medium wp-image-1596\" src=\"https:\/\/cpsanjuandelacadena.educacion.navarra.es\/blogs\/infantil\/files\/2018\/05\/DSC00931-300x225.jpg\" alt=\"\" width=\"300\" height=\"225\" srcset=\"https:\/\/cpsanjuandelacadena.educacion.navarra.es\/blogs\/infantil\/files\/2018\/05\/DSC00931-300x225.jpg 300w, https:\/\/cpsanjuandelacadena.educacion.navarra.es\/blogs\/infantil\/files\/2018\/05\/DSC00931.jpg 600w\" sizes=\"(max-width: 300px) 100vw, 300px\" \/><\/a><\/p>\n<p>Mam\u00e1s y pap\u00e1s, hoy hemos tenido una visita \u00a1\u00a1\u00a1s\u00faper especial!!!<\/p>\n<p>Han venido los abuelos de <strong>Maite<\/strong> con una sorpresa que nos ha dejado con la boca abierta &#8230; Eran unos animalitos que estaban dentro de una caja de cart\u00f3n que parec\u00eda una televisi\u00f3n. Eran much\u00edsimos, y no todos nosotros hab\u00edamos visto antes tantos juntos y tan peque\u00f1os. Nos han encantado.<\/p>\n<p>\u00bfQuer\u00e9is saber qu\u00e9?<\/p>\n<p><strong>\u00a1\u00a1\u00a1UNOS POLLITOS DE TAN S\u00d3LO 10 D\u00cdAS!!!<\/strong><\/p>\n<p>Adem\u00e1s, nos han ense\u00f1ado en un v\u00eddeo que las gallinas est\u00e1n sueltas por la huerta y que hace falta que tambi\u00e9n haya un gallo para que de los huevos nazcan los pollitos. Para poder ense\u00f1arnos el nacimiento, tuvieron que poner los huevos en una incubadora y en s\u00f3lo 21 d\u00edas naci\u00f3 el primero,\u00a0Calimero. Hemos podido ver c\u00f3mo romp\u00edan los huevos e iban saliendo poco a poco, e incluso c\u00f3mo entre los hermanos peleaban antes de salir del todo.\u00a0Tambi\u00e9n nos ha explicado que necesitan calor, por eso tienen una bombilla en la caja, y que hay que darles de comer (pienso, lombrices, hierba&#8230;) y beber (agua).\u00a0Nos ha dejado acariciarlos y hemos comparado los diferentes tama\u00f1os y los distintos colores de los huevos.<\/p>\n<p>Como en este cole somos todos s\u00faper amigos y muy buenos compa\u00f1eros, y como sab\u00edamos que nuestros peque\u00f1os de 3 a\u00f1os empiezan ahora el proyecto de la granja, les hemos invitado a nuestra clase para que disfrutasen con nosotros de la estupend\u00edsima visita que hemos tenido.<\/p>\n<p><a href=\"https:\/\/flic.kr\/s\/aHsmfAyzH3\">PINCHAD AQU\u00cd PARA VER LAS FOTOS<\/a><\/p>\n<p>\u00a1\u00a1MUCH\u00cdSIMAS GRACIAS!!<\/p>\n","protected":false},"excerpt":{"rendered":"<p>Mam\u00e1s y pap\u00e1s, hoy hemos tenido una visita \u00a1\u00a1\u00a1s\u00faper especial!!! Han venido los abuelos de Maite con una sorpresa que nos ha dejado con la boca abierta &#8230; Eran unos [&hellip;]<\/p>\n","protected":false},"author":189,"featured_media":0,"comment_status":"open","ping_status":"open","sticky":false,"template":"","format":"standard","meta":{"_links_to":"","_links_to_target":""},"categories":[60],"tags":[],"series":[],"_links":{"self":[{"href":"https:\/\/cpsanjuandelacadena.educacion.navarra.es\/blogs\/infantil\/wp-json\/wp\/v2\/posts\/1595"}],"collection":[{"href":"https:\/\/cpsanjuandelacadena.educacion.navarra.es\/blogs\/infantil\/wp-json\/wp\/v2\/posts"}],"about":[{"href":"https:\/\/cpsanjuandelacadena.educacion.navarra.es\/blogs\/infantil\/wp-json\/wp\/v2\/types\/post"}],"author":[{"embeddable":true,"href":"https:\/\/cpsanjuandelacadena.educacion.navarra.es\/blogs\/infantil\/wp-json\/wp\/v2\/users\/189"}],"replies":[{"embeddable":true,"href":"https:\/\/cpsanjuandelacadena.educacion.navarra.es\/blogs\/infantil\/wp-json\/wp\/v2\/comments?post=1595"}],"version-history":[{"count":0,"href":"https:\/\/cpsanjuandelacadena.educacion.navarra.es\/blogs\/infantil\/wp-json\/wp\/v2\/posts\/1595\/revisions"}],"wp:attachment":[{"href":"https:\/\/cpsanjuandelacadena.educacion.navarra.es\/blogs\/infantil\/wp-json\/wp\/v2\/media?parent=1595"}],"wp:term":[{"taxonomy":"category","embeddable":true,"href":"https:\/\/cpsanjuandelacadena.educacion.navarra.es\/blogs\/infantil\/wp-json\/wp\/v2\/categories?post=1595"},{"taxonomy":"post_tag","embeddable":true,"href":"https:\/\/cpsanjuandelacadena.educacion.navarra.es\/blogs\/infantil\/wp-json\/wp\/v2\/tags?post=1595"},{"taxonomy":"series","embeddable":true,"href":"https:\/\/cpsanjuandelacadena.educacion.navarra.es\/blogs\/infantil\/wp-json\/wp\/v2\/series?post=1595"}],"curies":[{"name":"wp","href":"https:\/\/api.w.org\/{rel}","templated":true}]}}