{"id":1573,"date":"2018-03-16T09:51:02","date_gmt":"2018-03-16T09:51:02","guid":{"rendered":"http:\/\/cpsanjuandelacadena.educacion.navarra.es\/blogs\/infantil\/?p=1573"},"modified":"2018-03-16T09:51:02","modified_gmt":"2018-03-16T09:51:02","slug":"4-anos-plastica-2o-trimestre","status":"publish","type":"post","link":"https:\/\/cpsanjuandelacadena.educacion.navarra.es\/blogs\/infantil\/2018\/03\/16\/4-anos-plastica-2o-trimestre\/","title":{"rendered":"4 A\u00d1OS PL\u00c1STICA- 2\u00ba TRIMESTRE"},"content":{"rendered":"<p align=\"justify\"><a href=\"https:\/\/cpsanjuandelacadena.educacion.navarra.es\/blogs\/infantil\/files\/2018\/03\/4-A\u00d1OS-PL\u00c1STICA-2\u00ba-TRIMESTRE0009.jpg\"><img loading=\"lazy\" class=\"aligncenter size-medium wp-image-1574\" src=\"https:\/\/cpsanjuandelacadena.educacion.navarra.es\/blogs\/infantil\/files\/2018\/03\/4-A\u00d1OS-PL\u00c1STICA-2\u00ba-TRIMESTRE0009-300x225.jpg\" alt=\"\" width=\"300\" height=\"225\" srcset=\"https:\/\/cpsanjuandelacadena.educacion.navarra.es\/blogs\/infantil\/files\/2018\/03\/4-A\u00d1OS-PL\u00c1STICA-2\u00ba-TRIMESTRE0009-300x225.jpg 300w, https:\/\/cpsanjuandelacadena.educacion.navarra.es\/blogs\/infantil\/files\/2018\/03\/4-A\u00d1OS-PL\u00c1STICA-2\u00ba-TRIMESTRE0009.jpg 600w\" sizes=\"(max-width: 300px) 100vw, 300px\" \/><\/a><\/p>\n<p align=\"justify\"><span style=\"color: #333333\"><span style=\"font-family: Arial, serif\"><span style=\"font-size: large\">En Pl\u00e1stica, este segundo trimestre, hemos realizado los siguientes trabajos:<\/span><\/span><\/span><\/p>\n<ul>\n<li>\n<p align=\"justify\"><span style=\"font-family: Arial, serif\"><span style=\"font-size: large\">CARTELERA DEL INVIERNO<\/span><\/span><\/p>\n<\/li>\n<\/ul>\n<ul>\n<li>\n<p align=\"justify\"><span style=\"font-family: Arial, serif\"><span style=\"font-size: large\">Pintamos con t\u00e9mperas, en tonos gris- azulados.<\/span><\/span><\/p>\n<\/li>\n<\/ul>\n<ul>\n<li>\n<p align=\"justify\"><span style=\"font-family: Arial, serif\"><span style=\"font-size: large\">COLABORACI\u00d3N EN LOS DISFRACES DEL CARNAVAL<\/span><\/span><\/p>\n<\/li>\n<\/ul>\n<p align=\"justify\"><span style=\"font-family: Arial, serif\"><span style=\"font-size: large\">Ayudamos a decorar las vestimentas de caldereros.<\/span><\/span><\/p>\n<ul>\n<li>\n<p align=\"justify\"><span style=\"font-family: Arial, serif\"><span style=\"font-size: large\">RECORRIDOS<\/span><\/span><\/p>\n<\/li>\n<\/ul>\n<ul>\n<li>\n<p align=\"justify\"><span style=\"font-family: Arial, serif\"><span style=\"font-size: large\">Trazamos l\u00edneas onduladas, espirales, etc\u2026 con t\u00e9mpera azul sobre fondo de t\u00e9mpera de colores fr\u00edos, diluida en agua.<\/span><\/span><\/p>\n<\/li>\n<\/ul>\n<p align=\"justify\"><span style=\"font-family: Arial, serif\"><span style=\"font-size: large\">Finalmente, incidimos con pincel y colores vivos, haciendo puntos sobre la l\u00ednea.<\/span><\/span><\/p>\n<ul>\n<li>\n<p align=\"justify\"><span style=\"font-family: Arial, serif\"><span style=\"font-size: large\">SIMETR\u00cdAS<\/span><\/span><\/p>\n<\/li>\n<\/ul>\n<ul>\n<li>\n<p align=\"justify\"><span style=\"font-family: Arial, serif\"><span style=\"font-size: large\">Pintamos manchas de t\u00e9mpera y acuarela l\u00edquida en un lado del papel.<\/span><\/span><\/p>\n<\/li>\n<li>\n<p align=\"justify\"><span style=\"font-family: Arial, serif\"><span style=\"font-size: large\">Doblamos por la mitad y presionamos las manchas.<\/span><\/span><\/p>\n<\/li>\n<\/ul>\n<p align=\"justify\"><span style=\"font-family: Arial, serif\"><span style=\"font-size: large\">Se abre el papel para obtener el efecto sim\u00e9trico.<\/span><\/span><\/p>\n<p align=\"justify\"><span style=\"font-family: Arial, serif\"><span style=\"font-size: large\"><a href=\"https:\/\/flic.kr\/s\/aHsmcrBz1y\">\u00a1 PINCHA AQU\u00cd PARA VER LAS FOTOS!<\/a><\/span><\/span><\/p>\n<p align=\"justify\">\n","protected":false},"excerpt":{"rendered":"<p>En Pl\u00e1stica, este segundo trimestre, hemos realizado los siguientes trabajos: CARTELERA DEL INVIERNO Pintamos con t\u00e9mperas, en tonos gris- azulados. COLABORACI\u00d3N EN LOS DISFRACES DEL CARNAVAL Ayudamos a decorar las [&hellip;]<\/p>\n","protected":false},"author":189,"featured_media":0,"comment_status":"open","ping_status":"open","sticky":false,"template":"","format":"standard","meta":{"_links_to":"","_links_to_target":""},"categories":[60],"tags":[],"series":[],"_links":{"self":[{"href":"https:\/\/cpsanjuandelacadena.educacion.navarra.es\/blogs\/infantil\/wp-json\/wp\/v2\/posts\/1573"}],"collection":[{"href":"https:\/\/cpsanjuandelacadena.educacion.navarra.es\/blogs\/infantil\/wp-json\/wp\/v2\/posts"}],"about":[{"href":"https:\/\/cpsanjuandelacadena.educacion.navarra.es\/blogs\/infantil\/wp-json\/wp\/v2\/types\/post"}],"author":[{"embeddable":true,"href":"https:\/\/cpsanjuandelacadena.educacion.navarra.es\/blogs\/infantil\/wp-json\/wp\/v2\/users\/189"}],"replies":[{"embeddable":true,"href":"https:\/\/cpsanjuandelacadena.educacion.navarra.es\/blogs\/infantil\/wp-json\/wp\/v2\/comments?post=1573"}],"version-history":[{"count":0,"href":"https:\/\/cpsanjuandelacadena.educacion.navarra.es\/blogs\/infantil\/wp-json\/wp\/v2\/posts\/1573\/revisions"}],"wp:attachment":[{"href":"https:\/\/cpsanjuandelacadena.educacion.navarra.es\/blogs\/infantil\/wp-json\/wp\/v2\/media?parent=1573"}],"wp:term":[{"taxonomy":"category","embeddable":true,"href":"https:\/\/cpsanjuandelacadena.educacion.navarra.es\/blogs\/infantil\/wp-json\/wp\/v2\/categories?post=1573"},{"taxonomy":"post_tag","embeddable":true,"href":"https:\/\/cpsanjuandelacadena.educacion.navarra.es\/blogs\/infantil\/wp-json\/wp\/v2\/tags?post=1573"},{"taxonomy":"series","embeddable":true,"href":"https:\/\/cpsanjuandelacadena.educacion.navarra.es\/blogs\/infantil\/wp-json\/wp\/v2\/series?post=1573"}],"curies":[{"name":"wp","href":"https:\/\/api.w.org\/{rel}","templated":true}]}}