{"id":1542,"date":"2018-01-15T15:41:30","date_gmt":"2018-01-15T15:41:30","guid":{"rendered":"http:\/\/cpsanjuandelacadena.educacion.navarra.es\/blogs\/infantil\/?p=1542"},"modified":"2018-01-15T15:54:44","modified_gmt":"2018-01-15T15:54:44","slug":"festival-de-navidad-2017-2018","status":"publish","type":"post","link":"https:\/\/cpsanjuandelacadena.educacion.navarra.es\/blogs\/infantil\/2018\/01\/15\/festival-de-navidad-2017-2018\/","title":{"rendered":"FESTIVAL DE NAVIDAD 2017-2018"},"content":{"rendered":"<p>El pasado 22 de Diciembre fue un d\u00eda muy especial para todos y todas en el cole.<\/p>\n<p>Para empezar el d\u00eda ,para nuestros compa\u00f1eros de infantil, representamos varias canciones preparadas con ilusi\u00f3n para este d\u00eda festivo.<\/p>\n<p>Ataviados con nuestros mejores trajes de pastorcillos recibimos la visita del alumnado de primaria, que represent\u00f3 para nosotros un teatro en euskera, ingl\u00e9s y castellano.<\/p>\n<p>Despu\u00e9s pudimos entregar personalmente nuestras cartas de grupo a Olentzero, Santa y los pajes de los reyes que fueron muy cari\u00f1osos con nosotros\/as.<\/p>\n<p>Un d\u00eda entra\u00f1able que disfrutamos mucho, y que cerr\u00f3 un primer trimestre para dar paso al siguiente.<\/p>\n<p><a href=\"https:\/\/cpsanjuandelacadena.educacion.navarra.es\/blogs\/infantil\/files\/2018\/01\/FESTIVAL-DE-NAVIDAD-2017-2018-0004.jpg\"><img loading=\"lazy\" class=\"alignnone size-medium wp-image-1549\" src=\"https:\/\/cpsanjuandelacadena.educacion.navarra.es\/blogs\/infantil\/files\/2018\/01\/FESTIVAL-DE-NAVIDAD-2017-2018-0004-300x225.jpg\" alt=\"\" width=\"300\" height=\"225\" srcset=\"https:\/\/cpsanjuandelacadena.educacion.navarra.es\/blogs\/infantil\/files\/2018\/01\/FESTIVAL-DE-NAVIDAD-2017-2018-0004-300x225.jpg 300w, https:\/\/cpsanjuandelacadena.educacion.navarra.es\/blogs\/infantil\/files\/2018\/01\/FESTIVAL-DE-NAVIDAD-2017-2018-0004.jpg 600w\" sizes=\"(max-width: 300px) 100vw, 300px\" \/><\/a><\/p>\n<p><a href=\"https:\/\/flic.kr\/s\/aHsmb9rFQz\">\u00a1 PINCHA AQU\u00cd!<\/a><\/p>\n<p>&nbsp;<\/p>\n","protected":false},"excerpt":{"rendered":"<p>El pasado 22 de Diciembre fue un d\u00eda muy especial para todos y todas en el cole. Para empezar el d\u00eda ,para nuestros compa\u00f1eros de infantil, representamos varias canciones preparadas [&hellip;]<\/p>\n","protected":false},"author":189,"featured_media":0,"comment_status":"open","ping_status":"open","sticky":false,"template":"","format":"standard","meta":{"_links_to":"","_links_to_target":""},"categories":[10],"tags":[],"series":[],"_links":{"self":[{"href":"https:\/\/cpsanjuandelacadena.educacion.navarra.es\/blogs\/infantil\/wp-json\/wp\/v2\/posts\/1542"}],"collection":[{"href":"https:\/\/cpsanjuandelacadena.educacion.navarra.es\/blogs\/infantil\/wp-json\/wp\/v2\/posts"}],"about":[{"href":"https:\/\/cpsanjuandelacadena.educacion.navarra.es\/blogs\/infantil\/wp-json\/wp\/v2\/types\/post"}],"author":[{"embeddable":true,"href":"https:\/\/cpsanjuandelacadena.educacion.navarra.es\/blogs\/infantil\/wp-json\/wp\/v2\/users\/189"}],"replies":[{"embeddable":true,"href":"https:\/\/cpsanjuandelacadena.educacion.navarra.es\/blogs\/infantil\/wp-json\/wp\/v2\/comments?post=1542"}],"version-history":[{"count":0,"href":"https:\/\/cpsanjuandelacadena.educacion.navarra.es\/blogs\/infantil\/wp-json\/wp\/v2\/posts\/1542\/revisions"}],"wp:attachment":[{"href":"https:\/\/cpsanjuandelacadena.educacion.navarra.es\/blogs\/infantil\/wp-json\/wp\/v2\/media?parent=1542"}],"wp:term":[{"taxonomy":"category","embeddable":true,"href":"https:\/\/cpsanjuandelacadena.educacion.navarra.es\/blogs\/infantil\/wp-json\/wp\/v2\/categories?post=1542"},{"taxonomy":"post_tag","embeddable":true,"href":"https:\/\/cpsanjuandelacadena.educacion.navarra.es\/blogs\/infantil\/wp-json\/wp\/v2\/tags?post=1542"},{"taxonomy":"series","embeddable":true,"href":"https:\/\/cpsanjuandelacadena.educacion.navarra.es\/blogs\/infantil\/wp-json\/wp\/v2\/series?post=1542"}],"curies":[{"name":"wp","href":"https:\/\/api.w.org\/{rel}","templated":true}]}}