{"id":1418,"date":"2017-03-01T18:41:24","date_gmt":"2017-03-01T18:41:24","guid":{"rendered":"http:\/\/cpsanjuandelacadena.educacion.navarra.es\/blogs\/infantil\/?p=1418"},"modified":"2017-03-01T18:55:20","modified_gmt":"2017-03-01T18:55:20","slug":"navidad-2016","status":"publish","type":"post","link":"https:\/\/cpsanjuandelacadena.educacion.navarra.es\/blogs\/infantil\/2017\/03\/01\/navidad-2016\/","title":{"rendered":"NAVIDAD 2016"},"content":{"rendered":"<p><a href=\"https:\/\/cpsanjuandelacadena.educacion.navarra.es\/blogs\/infantil\/files\/2017\/03\/NAVIDAD-2016-001.jpg\"><img loading=\"lazy\" class=\"alignnone size-medium wp-image-1419\" src=\"https:\/\/cpsanjuandelacadena.educacion.navarra.es\/blogs\/infantil\/files\/2017\/03\/NAVIDAD-2016-001-300x169.jpg\" alt=\"\" width=\"300\" height=\"169\" srcset=\"https:\/\/cpsanjuandelacadena.educacion.navarra.es\/blogs\/infantil\/files\/2017\/03\/NAVIDAD-2016-001-300x169.jpg 300w, https:\/\/cpsanjuandelacadena.educacion.navarra.es\/blogs\/infantil\/files\/2017\/03\/NAVIDAD-2016-001-195x110.jpg 195w, https:\/\/cpsanjuandelacadena.educacion.navarra.es\/blogs\/infantil\/files\/2017\/03\/NAVIDAD-2016-001.jpg 600w\" sizes=\"(max-width: 300px) 100vw, 300px\" \/><\/a><\/p>\n<p>El pasado 22 de Diciembre fue un d\u00eda muy especial para todos y todas en el cole.<\/p>\n<p>Ataviados con nuestros mejores trajes de pastorcillos recibimos la visita del alumnado de primaria, que represent\u00f3 para nosotros un teatro en euskera, ingl\u00e9s y castellano.<\/p>\n<p>Despu\u00e9s pudimos entregar personalmente nuestras cartas de grupo a Olentzero, Santa y los pajes de los reyes que fueron muy cari\u00f1osos con nosotros\/as.<\/p>\n<p>Para terminar el d\u00eda y ya solo para nuestros compa\u00f1eros de infantil, representamos varias canciones preparadas con ilusi\u00f3n para este d\u00eda festivo.<\/p>\n<p>Un d\u00eda entra\u00f1able que disfrutamos mucho, y que cerr\u00f3 un primer trimestre para dar paso al siguiente.<\/p>\n<p><a href=\"https:\/\/flic.kr\/s\/aHskVmHSaH\">Para ver las fotos \u00a1PINCHA AQU\u00cd!<\/a><\/p>\n","protected":false},"excerpt":{"rendered":"<p>El pasado 22 de Diciembre fue un d\u00eda muy especial para todos y todas en el cole. Ataviados con nuestros mejores trajes de pastorcillos recibimos la visita del alumnado de [&hellip;]<\/p>\n","protected":false},"author":189,"featured_media":0,"comment_status":"open","ping_status":"open","sticky":false,"template":"","format":"standard","meta":{"_links_to":"","_links_to_target":""},"categories":[10],"tags":[],"series":[],"_links":{"self":[{"href":"https:\/\/cpsanjuandelacadena.educacion.navarra.es\/blogs\/infantil\/wp-json\/wp\/v2\/posts\/1418"}],"collection":[{"href":"https:\/\/cpsanjuandelacadena.educacion.navarra.es\/blogs\/infantil\/wp-json\/wp\/v2\/posts"}],"about":[{"href":"https:\/\/cpsanjuandelacadena.educacion.navarra.es\/blogs\/infantil\/wp-json\/wp\/v2\/types\/post"}],"author":[{"embeddable":true,"href":"https:\/\/cpsanjuandelacadena.educacion.navarra.es\/blogs\/infantil\/wp-json\/wp\/v2\/users\/189"}],"replies":[{"embeddable":true,"href":"https:\/\/cpsanjuandelacadena.educacion.navarra.es\/blogs\/infantil\/wp-json\/wp\/v2\/comments?post=1418"}],"version-history":[{"count":0,"href":"https:\/\/cpsanjuandelacadena.educacion.navarra.es\/blogs\/infantil\/wp-json\/wp\/v2\/posts\/1418\/revisions"}],"wp:attachment":[{"href":"https:\/\/cpsanjuandelacadena.educacion.navarra.es\/blogs\/infantil\/wp-json\/wp\/v2\/media?parent=1418"}],"wp:term":[{"taxonomy":"category","embeddable":true,"href":"https:\/\/cpsanjuandelacadena.educacion.navarra.es\/blogs\/infantil\/wp-json\/wp\/v2\/categories?post=1418"},{"taxonomy":"post_tag","embeddable":true,"href":"https:\/\/cpsanjuandelacadena.educacion.navarra.es\/blogs\/infantil\/wp-json\/wp\/v2\/tags?post=1418"},{"taxonomy":"series","embeddable":true,"href":"https:\/\/cpsanjuandelacadena.educacion.navarra.es\/blogs\/infantil\/wp-json\/wp\/v2\/series?post=1418"}],"curies":[{"name":"wp","href":"https:\/\/api.w.org\/{rel}","templated":true}]}}