{"id":1201,"date":"2015-01-26T15:01:19","date_gmt":"2015-01-26T15:01:19","guid":{"rendered":"http:\/\/cpsanjuandelacadena.educacion.navarra.es\/blogs\/infantil\/?p=1201"},"modified":"2015-01-26T15:04:06","modified_gmt":"2015-01-26T15:04:06","slug":"4-anos-comparsa-pamplona","status":"publish","type":"post","link":"https:\/\/cpsanjuandelacadena.educacion.navarra.es\/blogs\/infantil\/2015\/01\/26\/4-anos-comparsa-pamplona\/","title":{"rendered":"4 a\u00f1os &#8211; Comparsa Pamplona"},"content":{"rendered":"<p>El 15 de octubre los ni\u00f1os y ni\u00f1as de 4 a\u00f1os visitamos a los gigantes, cabezudos, kilikis y zaldikos de Pamplona.<\/p>\n<p>Disfrutamos del paseo por la Vuelta del Castillo hasta la estaci\u00f3n de autobuses. El encuentro fue muy emocionante.<\/p>\n<p>&nbsp;<\/p>\n<p><a href=\"https:\/\/cpsanjuandelacadena.educacion.navarra.es\/blogs\/infantil\/files\/2015\/01\/Gigantes-y-Kilikis-020.jpg\"><img loading=\"lazy\" class=\"alignnone size-medium wp-image-1203\" src=\"https:\/\/cpsanjuandelacadena.educacion.navarra.es\/blogs\/infantil\/files\/2015\/01\/Gigantes-y-Kilikis-020-225x300.jpg\" alt=\"Gigantes y Kilikis 020\" width=\"225\" height=\"300\" srcset=\"https:\/\/cpsanjuandelacadena.educacion.navarra.es\/blogs\/infantil\/files\/2015\/01\/Gigantes-y-Kilikis-020-225x300.jpg 225w, https:\/\/cpsanjuandelacadena.educacion.navarra.es\/blogs\/infantil\/files\/2015\/01\/Gigantes-y-Kilikis-020-768x1024.jpg 768w\" sizes=\"(max-width: 225px) 100vw, 225px\" \/><\/a><\/p>\n<p>&nbsp;<\/p>\n<p><a href=\"https:\/\/www.flickr.com\/photos\/128696735@N03\/sets\/72157649325424452\/\">Aqu\u00ed os dejamos unas fotos de la visita!<\/a><\/p>\n","protected":false},"excerpt":{"rendered":"<p>El 15 de octubre los ni\u00f1os y ni\u00f1as de 4 a\u00f1os visitamos a los gigantes, cabezudos, kilikis y zaldikos de Pamplona. Disfrutamos del paseo por la Vuelta del Castillo hasta [&hellip;]<\/p>\n","protected":false},"author":186,"featured_media":0,"comment_status":"open","ping_status":"open","sticky":false,"template":"","format":"standard","meta":{"_links_to":"","_links_to_target":""},"categories":[19],"tags":[],"series":[],"_links":{"self":[{"href":"https:\/\/cpsanjuandelacadena.educacion.navarra.es\/blogs\/infantil\/wp-json\/wp\/v2\/posts\/1201"}],"collection":[{"href":"https:\/\/cpsanjuandelacadena.educacion.navarra.es\/blogs\/infantil\/wp-json\/wp\/v2\/posts"}],"about":[{"href":"https:\/\/cpsanjuandelacadena.educacion.navarra.es\/blogs\/infantil\/wp-json\/wp\/v2\/types\/post"}],"author":[{"embeddable":true,"href":"https:\/\/cpsanjuandelacadena.educacion.navarra.es\/blogs\/infantil\/wp-json\/wp\/v2\/users\/186"}],"replies":[{"embeddable":true,"href":"https:\/\/cpsanjuandelacadena.educacion.navarra.es\/blogs\/infantil\/wp-json\/wp\/v2\/comments?post=1201"}],"version-history":[{"count":0,"href":"https:\/\/cpsanjuandelacadena.educacion.navarra.es\/blogs\/infantil\/wp-json\/wp\/v2\/posts\/1201\/revisions"}],"wp:attachment":[{"href":"https:\/\/cpsanjuandelacadena.educacion.navarra.es\/blogs\/infantil\/wp-json\/wp\/v2\/media?parent=1201"}],"wp:term":[{"taxonomy":"category","embeddable":true,"href":"https:\/\/cpsanjuandelacadena.educacion.navarra.es\/blogs\/infantil\/wp-json\/wp\/v2\/categories?post=1201"},{"taxonomy":"post_tag","embeddable":true,"href":"https:\/\/cpsanjuandelacadena.educacion.navarra.es\/blogs\/infantil\/wp-json\/wp\/v2\/tags?post=1201"},{"taxonomy":"series","embeddable":true,"href":"https:\/\/cpsanjuandelacadena.educacion.navarra.es\/blogs\/infantil\/wp-json\/wp\/v2\/series?post=1201"}],"curies":[{"name":"wp","href":"https:\/\/api.w.org\/{rel}","templated":true}]}}