{"id":1038,"date":"2014-06-11T11:56:28","date_gmt":"2014-06-11T11:56:28","guid":{"rendered":"http:\/\/cpsanjuandelacadena.educacion.navarra.es\/blogs\/infantil\/?p=1038"},"modified":"2014-06-11T11:56:28","modified_gmt":"2014-06-11T11:56:28","slug":"decoracion-navidena","status":"publish","type":"post","link":"https:\/\/cpsanjuandelacadena.educacion.navarra.es\/blogs\/infantil\/2014\/06\/11\/decoracion-navidena\/","title":{"rendered":"Decoraci\u00f3n Navide\u00f1a"},"content":{"rendered":"<p>&nbsp;<\/p>\n<p>&nbsp;<\/p>\n<p><a href=\"https:\/\/cpsanjuandelacadena.educacion.navarra.es\/blogs\/infantil\/files\/2014\/06\/2013-12-13-15.26.36.jpg\"><img loading=\"lazy\" class=\"alignnone size-medium wp-image-1039\" src=\"https:\/\/cpsanjuandelacadena.educacion.navarra.es\/blogs\/infantil\/files\/2014\/06\/2013-12-13-15.26.36-300x225.jpg\" alt=\"Colaboraci\u00f3n padres en Navidad\" width=\"300\" height=\"225\" srcset=\"https:\/\/cpsanjuandelacadena.educacion.navarra.es\/blogs\/infantil\/files\/2014\/06\/2013-12-13-15.26.36-300x225.jpg 300w, https:\/\/cpsanjuandelacadena.educacion.navarra.es\/blogs\/infantil\/files\/2014\/06\/2013-12-13-15.26.36-1024x768.jpg 1024w\" sizes=\"(max-width: 300px) 100vw, 300px\" \/><\/a> <a href=\"https:\/\/cpsanjuandelacadena.educacion.navarra.es\/blogs\/infantil\/files\/2014\/06\/2013-12-13-15.27.03.jpg\"><img loading=\"lazy\" class=\"alignnone size-medium wp-image-1040\" src=\"https:\/\/cpsanjuandelacadena.educacion.navarra.es\/blogs\/infantil\/files\/2014\/06\/2013-12-13-15.27.03-300x225.jpg\" alt=\"2013-12-13 15.27.03\" width=\"300\" height=\"225\" srcset=\"https:\/\/cpsanjuandelacadena.educacion.navarra.es\/blogs\/infantil\/files\/2014\/06\/2013-12-13-15.27.03-300x225.jpg 300w, https:\/\/cpsanjuandelacadena.educacion.navarra.es\/blogs\/infantil\/files\/2014\/06\/2013-12-13-15.27.03-1024x768.jpg 1024w\" sizes=\"(max-width: 300px) 100vw, 300px\" \/><\/a> <a href=\"https:\/\/cpsanjuandelacadena.educacion.navarra.es\/blogs\/infantil\/files\/2014\/06\/2013-12-13-15.28.19.jpg\"><img loading=\"lazy\" class=\"alignnone size-medium wp-image-1041\" src=\"https:\/\/cpsanjuandelacadena.educacion.navarra.es\/blogs\/infantil\/files\/2014\/06\/2013-12-13-15.28.19-300x225.jpg\" alt=\"2013-12-13 15.28.19\" width=\"300\" height=\"225\" srcset=\"https:\/\/cpsanjuandelacadena.educacion.navarra.es\/blogs\/infantil\/files\/2014\/06\/2013-12-13-15.28.19-300x225.jpg 300w, https:\/\/cpsanjuandelacadena.educacion.navarra.es\/blogs\/infantil\/files\/2014\/06\/2013-12-13-15.28.19-1024x768.jpg 1024w\" sizes=\"(max-width: 300px) 100vw, 300px\" \/><\/a> <a href=\"https:\/\/cpsanjuandelacadena.educacion.navarra.es\/blogs\/infantil\/files\/2014\/06\/2013-12-13-16.06.38.jpg\"><img loading=\"lazy\" class=\"alignnone size-medium wp-image-1042\" src=\"https:\/\/cpsanjuandelacadena.educacion.navarra.es\/blogs\/infantil\/files\/2014\/06\/2013-12-13-16.06.38-300x225.jpg\" alt=\"2013-12-13 16.06.38\" width=\"300\" height=\"225\" srcset=\"https:\/\/cpsanjuandelacadena.educacion.navarra.es\/blogs\/infantil\/files\/2014\/06\/2013-12-13-16.06.38-300x225.jpg 300w, https:\/\/cpsanjuandelacadena.educacion.navarra.es\/blogs\/infantil\/files\/2014\/06\/2013-12-13-16.06.38-1024x768.jpg 1024w\" sizes=\"(max-width: 300px) 100vw, 300px\" \/><\/a><\/p>\n<p><b>Durante la \u00e9poca navide\u00f1a, los padres de Cristina Estevez no dudaron en colaborar durante una tarde en la decoraci\u00f3n del aula. Usamos papeles de revista para decorar una estrella, un bast\u00f3n navide\u00f1o, un \u00e1rbol y una bota de Santa Claus. \u00a1Muchas gracias por todo!<\/b><\/p>\n","protected":false},"excerpt":{"rendered":"<p>&nbsp; &nbsp; Durante la \u00e9poca navide\u00f1a, los padres de Cristina Estevez no dudaron en colaborar durante una tarde en la decoraci\u00f3n del aula. Usamos papeles de revista para decorar una [&hellip;]<\/p>\n","protected":false},"author":183,"featured_media":0,"comment_status":"open","ping_status":"open","sticky":false,"template":"","format":"standard","meta":{"_links_to":"","_links_to_target":""},"categories":[20],"tags":[56],"series":[44],"_links":{"self":[{"href":"https:\/\/cpsanjuandelacadena.educacion.navarra.es\/blogs\/infantil\/wp-json\/wp\/v2\/posts\/1038"}],"collection":[{"href":"https:\/\/cpsanjuandelacadena.educacion.navarra.es\/blogs\/infantil\/wp-json\/wp\/v2\/posts"}],"about":[{"href":"https:\/\/cpsanjuandelacadena.educacion.navarra.es\/blogs\/infantil\/wp-json\/wp\/v2\/types\/post"}],"author":[{"embeddable":true,"href":"https:\/\/cpsanjuandelacadena.educacion.navarra.es\/blogs\/infantil\/wp-json\/wp\/v2\/users\/183"}],"replies":[{"embeddable":true,"href":"https:\/\/cpsanjuandelacadena.educacion.navarra.es\/blogs\/infantil\/wp-json\/wp\/v2\/comments?post=1038"}],"version-history":[{"count":0,"href":"https:\/\/cpsanjuandelacadena.educacion.navarra.es\/blogs\/infantil\/wp-json\/wp\/v2\/posts\/1038\/revisions"}],"wp:attachment":[{"href":"https:\/\/cpsanjuandelacadena.educacion.navarra.es\/blogs\/infantil\/wp-json\/wp\/v2\/media?parent=1038"}],"wp:term":[{"taxonomy":"category","embeddable":true,"href":"https:\/\/cpsanjuandelacadena.educacion.navarra.es\/blogs\/infantil\/wp-json\/wp\/v2\/categories?post=1038"},{"taxonomy":"post_tag","embeddable":true,"href":"https:\/\/cpsanjuandelacadena.educacion.navarra.es\/blogs\/infantil\/wp-json\/wp\/v2\/tags?post=1038"},{"taxonomy":"series","embeddable":true,"href":"https:\/\/cpsanjuandelacadena.educacion.navarra.es\/blogs\/infantil\/wp-json\/wp\/v2\/series?post=1038"}],"curies":[{"name":"wp","href":"https:\/\/api.w.org\/{rel}","templated":true}]}}