{"id":1474,"date":"2024-05-09T16:02:14","date_gmt":"2024-05-09T16:02:14","guid":{"rendered":"https:\/\/cpsanjuandelacadena.educacion.navarra.es\/blogs\/ciclo3\/?p=1474"},"modified":"2024-05-09T16:02:14","modified_gmt":"2024-05-09T16:02:14","slug":"yo-quiero-ser-cientifica","status":"publish","type":"post","link":"https:\/\/cpsanjuandelacadena.educacion.navarra.es\/blogs\/ciclo3\/2024\/05\/09\/yo-quiero-ser-cientifica\/","title":{"rendered":"Yo quiero ser cient\u00edfica"},"content":{"rendered":"\n<p>El 9 de mayo el alumnado de 5\u00ba de Educaci\u00f3n Primaria presenciamos una representaci\u00f3n teatral titulada \u00abYo quiero ser cient\u00edfica\u00bb que busca visibilizar modelos para que podamos identificarnos, inspirarnos e incrementar nuestro inter\u00e9s por la ciencia y la tecnolog\u00eda. Las propias investigadoras dieron vida a algunas cient\u00edficas hist\u00f3ricas. Nos gust\u00f3 mucho la obra de teatro y pudimos hacerles preguntas a las investigadoras. Despu\u00e9s almorzamos en los jardines de la Universidad P\u00fablica de Navarra y disfrutamos del buen d\u00eda que nos hizo jugando al aire libre con nuestros compa\u00f1eros y compa\u00f1eras.<\/p>\n\n\n\n<div class=\"wp-block-image\"><figure class=\"aligncenter size-full\"><a href=\"https:\/\/photos.app.goo.gl\/Ybz3v8iFbjfNVEzG9\" target=\"_blank\" rel=\"noopener\"><img loading=\"lazy\" width=\"914\" height=\"924\" src=\"https:\/\/cpsanjuandelacadena.educacion.navarra.es\/blogs\/ciclo3\/files\/2024\/05\/Captura-de-pantalla-2024-05-09-a-las-17.49.28-1.png\" alt=\"\" class=\"wp-image-1475\" srcset=\"https:\/\/cpsanjuandelacadena.educacion.navarra.es\/blogs\/ciclo3\/files\/2024\/05\/Captura-de-pantalla-2024-05-09-a-las-17.49.28-1.png 914w, https:\/\/cpsanjuandelacadena.educacion.navarra.es\/blogs\/ciclo3\/files\/2024\/05\/Captura-de-pantalla-2024-05-09-a-las-17.49.28-1-297x300.png 297w, https:\/\/cpsanjuandelacadena.educacion.navarra.es\/blogs\/ciclo3\/files\/2024\/05\/Captura-de-pantalla-2024-05-09-a-las-17.49.28-1-768x776.png 768w, https:\/\/cpsanjuandelacadena.educacion.navarra.es\/blogs\/ciclo3\/files\/2024\/05\/Captura-de-pantalla-2024-05-09-a-las-17.49.28-1-847x856.png 847w\" sizes=\"(max-width: 914px) 100vw, 914px\" \/><\/a><figcaption>Haz clic en la imagen para ver el \u00e1lbum.<\/figcaption><\/figure><\/div>\n\n\n\n<p><\/p>\n","protected":false},"excerpt":{"rendered":"<p>El 9 de mayo el alumnado de 5\u00ba de Educaci\u00f3n Primaria presenciamos una representaci\u00f3n teatral titulada \u00abYo quiero ser cient\u00edfica\u00bb que busca visibilizar modelos para que podamos identificarnos, inspirarnos e [&hellip;]<\/p>\n","protected":false},"author":22,"featured_media":0,"comment_status":"open","ping_status":"open","sticky":false,"template":"","format":"standard","meta":{"_links_to":"","_links_to_target":""},"categories":[1],"tags":[],"_links":{"self":[{"href":"https:\/\/cpsanjuandelacadena.educacion.navarra.es\/blogs\/ciclo3\/wp-json\/wp\/v2\/posts\/1474"}],"collection":[{"href":"https:\/\/cpsanjuandelacadena.educacion.navarra.es\/blogs\/ciclo3\/wp-json\/wp\/v2\/posts"}],"about":[{"href":"https:\/\/cpsanjuandelacadena.educacion.navarra.es\/blogs\/ciclo3\/wp-json\/wp\/v2\/types\/post"}],"author":[{"embeddable":true,"href":"https:\/\/cpsanjuandelacadena.educacion.navarra.es\/blogs\/ciclo3\/wp-json\/wp\/v2\/users\/22"}],"replies":[{"embeddable":true,"href":"https:\/\/cpsanjuandelacadena.educacion.navarra.es\/blogs\/ciclo3\/wp-json\/wp\/v2\/comments?post=1474"}],"version-history":[{"count":0,"href":"https:\/\/cpsanjuandelacadena.educacion.navarra.es\/blogs\/ciclo3\/wp-json\/wp\/v2\/posts\/1474\/revisions"}],"wp:attachment":[{"href":"https:\/\/cpsanjuandelacadena.educacion.navarra.es\/blogs\/ciclo3\/wp-json\/wp\/v2\/media?parent=1474"}],"wp:term":[{"taxonomy":"category","embeddable":true,"href":"https:\/\/cpsanjuandelacadena.educacion.navarra.es\/blogs\/ciclo3\/wp-json\/wp\/v2\/categories?post=1474"},{"taxonomy":"post_tag","embeddable":true,"href":"https:\/\/cpsanjuandelacadena.educacion.navarra.es\/blogs\/ciclo3\/wp-json\/wp\/v2\/tags?post=1474"}],"curies":[{"name":"wp","href":"https:\/\/api.w.org\/{rel}","templated":true}]}}