{"id":1250,"date":"2022-03-17T12:47:15","date_gmt":"2022-03-17T12:47:15","guid":{"rendered":"https:\/\/cpsanjuandelacadena.educacion.navarra.es\/blogs\/ciclo3\/?p=1250"},"modified":"2022-03-17T12:47:16","modified_gmt":"2022-03-17T12:47:16","slug":"educando","status":"publish","type":"post","link":"https:\/\/cpsanjuandelacadena.educacion.navarra.es\/blogs\/ciclo3\/2022\/03\/17\/educando\/","title":{"rendered":"\u00a1EDUCANDO!"},"content":{"rendered":"\n<p>En el mes de febrero recibimos la visita de una educadora del CASSYR de Ermitaga\u00f1a-Bara\u00f1ain (Centro de Atenci\u00f3n a la Salud Sexual y Reproductiva) sobre educaci\u00f3n sexual, desde un punto informativo, saludable y respetuoso; aprovechando que en Ciencias est\u00e1bamos trabajando \u00abLa reproducci\u00f3n humana\u00bb. En marzo lo complementamos tambi\u00e9n con el taller de Nora Pascual \u00abMenstrualmente hablando\u00bb en edad escolar. El taller estuvo dividido en 4 partes:<\/p>\n\n\n\n<ul><li>Cuerpo: anatom\u00eda interna y externa y entender la funci\u00f3n de cada parte.<\/li><li>Procesos: entender que el cuerpo femenino es c\u00edclico, conocer el ciclo menstrual y sus fases y aprender a anotarlo en un calendario\/agenda\/ciclograma.<\/li><li>Cuidados: aprender t\u00e9cnicas para paliar las molestias y conocer los diferentes productos menstruales.<\/li><li>Erradicaci\u00f3n de mitos sobre la menstruaci\u00f3n y ampliar nuestra bibliograf\u00eda.<\/li><\/ul>\n\n\n\n<p>\u00a1Qu\u00e9 bien recibir informaci\u00f3n educativa, adecuada, saludable y tan necesaria!<\/p>\n\n\n\n<figure class=\"wp-block-image size-large\"><a href=\"https:\/\/photos.app.goo.gl\/XC6ec9eexWuiGady6\"><img loading=\"lazy\" width=\"1024\" height=\"768\" src=\"https:\/\/cpsanjuandelacadena.educacion.navarra.es\/blogs\/ciclo3\/files\/2022\/03\/IMG_20220315_121136-1-1024x768.jpg\" alt=\"\" class=\"wp-image-1251\" srcset=\"https:\/\/cpsanjuandelacadena.educacion.navarra.es\/blogs\/ciclo3\/files\/2022\/03\/IMG_20220315_121136-1-1024x768.jpg 1024w, https:\/\/cpsanjuandelacadena.educacion.navarra.es\/blogs\/ciclo3\/files\/2022\/03\/IMG_20220315_121136-1-300x225.jpg 300w, https:\/\/cpsanjuandelacadena.educacion.navarra.es\/blogs\/ciclo3\/files\/2022\/03\/IMG_20220315_121136-1-768x576.jpg 768w, https:\/\/cpsanjuandelacadena.educacion.navarra.es\/blogs\/ciclo3\/files\/2022\/03\/IMG_20220315_121136-1-1536x1152.jpg 1536w, https:\/\/cpsanjuandelacadena.educacion.navarra.es\/blogs\/ciclo3\/files\/2022\/03\/IMG_20220315_121136-1-2048x1536.jpg 2048w, https:\/\/cpsanjuandelacadena.educacion.navarra.es\/blogs\/ciclo3\/files\/2022\/03\/IMG_20220315_121136-1-847x635.jpg 847w\" sizes=\"(max-width: 1024px) 100vw, 1024px\" \/><\/a><figcaption>Clicar en la foto para ver el \u00e1lbum completo.<\/figcaption><\/figure>\n","protected":false},"excerpt":{"rendered":"<p>En el mes de febrero recibimos la visita de una educadora del CASSYR de Ermitaga\u00f1a-Bara\u00f1ain (Centro de Atenci\u00f3n a la Salud Sexual y Reproductiva) sobre educaci\u00f3n sexual, desde un punto [&hellip;]<\/p>\n","protected":false},"author":22,"featured_media":0,"comment_status":"open","ping_status":"open","sticky":false,"template":"","format":"standard","meta":{"_links_to":"","_links_to_target":""},"categories":[1],"tags":[],"_links":{"self":[{"href":"https:\/\/cpsanjuandelacadena.educacion.navarra.es\/blogs\/ciclo3\/wp-json\/wp\/v2\/posts\/1250"}],"collection":[{"href":"https:\/\/cpsanjuandelacadena.educacion.navarra.es\/blogs\/ciclo3\/wp-json\/wp\/v2\/posts"}],"about":[{"href":"https:\/\/cpsanjuandelacadena.educacion.navarra.es\/blogs\/ciclo3\/wp-json\/wp\/v2\/types\/post"}],"author":[{"embeddable":true,"href":"https:\/\/cpsanjuandelacadena.educacion.navarra.es\/blogs\/ciclo3\/wp-json\/wp\/v2\/users\/22"}],"replies":[{"embeddable":true,"href":"https:\/\/cpsanjuandelacadena.educacion.navarra.es\/blogs\/ciclo3\/wp-json\/wp\/v2\/comments?post=1250"}],"version-history":[{"count":0,"href":"https:\/\/cpsanjuandelacadena.educacion.navarra.es\/blogs\/ciclo3\/wp-json\/wp\/v2\/posts\/1250\/revisions"}],"wp:attachment":[{"href":"https:\/\/cpsanjuandelacadena.educacion.navarra.es\/blogs\/ciclo3\/wp-json\/wp\/v2\/media?parent=1250"}],"wp:term":[{"taxonomy":"category","embeddable":true,"href":"https:\/\/cpsanjuandelacadena.educacion.navarra.es\/blogs\/ciclo3\/wp-json\/wp\/v2\/categories?post=1250"},{"taxonomy":"post_tag","embeddable":true,"href":"https:\/\/cpsanjuandelacadena.educacion.navarra.es\/blogs\/ciclo3\/wp-json\/wp\/v2\/tags?post=1250"}],"curies":[{"name":"wp","href":"https:\/\/api.w.org\/{rel}","templated":true}]}}