{"id":1020,"date":"2020-03-08T18:16:59","date_gmt":"2020-03-08T18:16:59","guid":{"rendered":"http:\/\/cpsanjuandelacadena.educacion.navarra.es\/blogs\/ciclo3\/?p=1020"},"modified":"2020-03-08T18:19:39","modified_gmt":"2020-03-08T18:19:39","slug":"interescolar-2019","status":"publish","type":"post","link":"https:\/\/cpsanjuandelacadena.educacion.navarra.es\/blogs\/ciclo3\/2020\/03\/08\/interescolar-2019\/","title":{"rendered":"Interescolar 2019"},"content":{"rendered":"\n<p>Nuestro colegio fue nuevamente representado en el Campeonato Interescolar de Navidad 2019. <\/p>\n\n\n\n<p>Desde aqu\u00ed agradecer a todas y a todos ellos por el coraje y esfuerzo, as\u00ed como a todas las familias que acompa\u00f1aron a sus hijos e hijas cada ma\u00f1ana.<\/p>\n\n\n\n<p>Agradecimiento especial a los entrenadores, Andr\u00e9s y David Arilla, por su trabajo e implicaci\u00f3n.<\/p>\n\n\n\n<div class=\"wp-block-image\"><figure class=\"aligncenter size-large is-resized\"><img loading=\"lazy\" src=\"https:\/\/cpsanjuandelacadena.educacion.navarra.es\/blogs\/ciclo3\/files\/2020\/03\/Interescolar_SAN-JUAN-DE-LA-CADENA.jpg\" alt=\"\" class=\"wp-image-1021\" width=\"824\" height=\"616\"\/><\/figure><\/div>\n","protected":false},"excerpt":{"rendered":"<p>Nuestro colegio fue nuevamente representado en el Campeonato Interescolar de Navidad 2019. Desde aqu\u00ed agradecer a todas y a todos ellos por el coraje y esfuerzo, as\u00ed como a todas [&hellip;]<\/p>\n","protected":false},"author":22,"featured_media":1021,"comment_status":"open","ping_status":"open","sticky":false,"template":"","format":"standard","meta":{"_links_to":"","_links_to_target":""},"categories":[1],"tags":[169,203,39],"_links":{"self":[{"href":"https:\/\/cpsanjuandelacadena.educacion.navarra.es\/blogs\/ciclo3\/wp-json\/wp\/v2\/posts\/1020"}],"collection":[{"href":"https:\/\/cpsanjuandelacadena.educacion.navarra.es\/blogs\/ciclo3\/wp-json\/wp\/v2\/posts"}],"about":[{"href":"https:\/\/cpsanjuandelacadena.educacion.navarra.es\/blogs\/ciclo3\/wp-json\/wp\/v2\/types\/post"}],"author":[{"embeddable":true,"href":"https:\/\/cpsanjuandelacadena.educacion.navarra.es\/blogs\/ciclo3\/wp-json\/wp\/v2\/users\/22"}],"replies":[{"embeddable":true,"href":"https:\/\/cpsanjuandelacadena.educacion.navarra.es\/blogs\/ciclo3\/wp-json\/wp\/v2\/comments?post=1020"}],"version-history":[{"count":0,"href":"https:\/\/cpsanjuandelacadena.educacion.navarra.es\/blogs\/ciclo3\/wp-json\/wp\/v2\/posts\/1020\/revisions"}],"wp:featuredmedia":[{"embeddable":true,"href":"https:\/\/cpsanjuandelacadena.educacion.navarra.es\/blogs\/ciclo3\/wp-json\/wp\/v2\/media\/1021"}],"wp:attachment":[{"href":"https:\/\/cpsanjuandelacadena.educacion.navarra.es\/blogs\/ciclo3\/wp-json\/wp\/v2\/media?parent=1020"}],"wp:term":[{"taxonomy":"category","embeddable":true,"href":"https:\/\/cpsanjuandelacadena.educacion.navarra.es\/blogs\/ciclo3\/wp-json\/wp\/v2\/categories?post=1020"},{"taxonomy":"post_tag","embeddable":true,"href":"https:\/\/cpsanjuandelacadena.educacion.navarra.es\/blogs\/ciclo3\/wp-json\/wp\/v2\/tags?post=1020"}],"curies":[{"name":"wp","href":"https:\/\/api.w.org\/{rel}","templated":true}]}}