{"id":815,"date":"2020-02-28T19:57:24","date_gmt":"2020-02-28T18:57:24","guid":{"rendered":"http:\/\/cpsanjuandelacadena.educacion.navarra.es\/blogs\/ciclo2\/?p=815"},"modified":"2020-02-28T19:57:24","modified_gmt":"2020-02-28T18:57:24","slug":"taller-de-primeros-auxilios","status":"publish","type":"post","link":"https:\/\/cpsanjuandelacadena.educacion.navarra.es\/blogs\/ciclo2\/2020\/02\/28\/taller-de-primeros-auxilios\/","title":{"rendered":"Taller de primeros auxilios"},"content":{"rendered":"\n<h2>4\u00ba EP <\/h2>\n\n\n\n<p>El pasado 18 de febrero Mikel y Vanessa, el padre y la madre de Nahia, vinieron al colegio a darnos un taller sobre primeros auxilios. Ambos son enfermeros y llevan muchos a\u00f1os ejerciendo en el Hospital de Navarra por lo que tienen experiencia.<br>Como hemos trabajado el tema del cuerpo humano, este taller nos ven\u00eda muy bien para adquirir nociones b\u00e1sicas en caso de emergencias como: hemorragias, cortes, golpes, atragantamientos&#8230; Podemos ser una pieza fundamental si sabemos c\u00f3mo actuar en caso de que una persona se encuentre en peligro.<br>El taller tuvo dos partes. La primera fue te\u00f3rica, nos mostraron una presentaci\u00f3n en la pizarra digital y nos fueron explicando c\u00f3mo actuar ante cada caso. Pudimos hacerles preguntas y comentarles situaciones que hab\u00edamos vivido.<br>La segunda parte fue la pr\u00e1ctica. Con unos mu\u00f1ecos que hab\u00edan tra\u00eddo\u00a0fuimos probando maniobras de RCP (reanimaci\u00f3n cardiopulmonar).<\/p>\n\n\n\n<p>Se pasaron las dos horas volando ya que fue un taller muy pr\u00e1ctico y ameno.<\/p>\n\n\n\n<p><br>\u00a1Muchas gracias Vanessa y Mikel!<\/p>\n\n\n\n<p>Pincha en la foto para ver m\u00e1s.<\/p>\n\n\n\n<figure class=\"wp-block-image size-large\"><a href=\"https:\/\/photos.app.goo.gl\/JyQupVR2vfuzyya17\"><img loading=\"lazy\" width=\"1024\" height=\"770\" src=\"https:\/\/cpsanjuandelacadena.educacion.navarra.es\/blogs\/ciclo2\/files\/2020\/02\/20200218_114227-1024x770.jpg\" alt=\"\" class=\"wp-image-816\" srcset=\"https:\/\/cpsanjuandelacadena.educacion.navarra.es\/blogs\/ciclo2\/files\/2020\/02\/20200218_114227-1024x770.jpg 1024w, https:\/\/cpsanjuandelacadena.educacion.navarra.es\/blogs\/ciclo2\/files\/2020\/02\/20200218_114227-300x226.jpg 300w, https:\/\/cpsanjuandelacadena.educacion.navarra.es\/blogs\/ciclo2\/files\/2020\/02\/20200218_114227-768x577.jpg 768w, https:\/\/cpsanjuandelacadena.educacion.navarra.es\/blogs\/ciclo2\/files\/2020\/02\/20200218_114227-1536x1155.jpg 1536w, https:\/\/cpsanjuandelacadena.educacion.navarra.es\/blogs\/ciclo2\/files\/2020\/02\/20200218_114227-2048x1540.jpg 2048w\" sizes=\"(max-width: 1024px) 100vw, 1024px\" \/><\/a><\/figure>\n","protected":false},"excerpt":{"rendered":"<p>4\u00ba EP El pasado 18 de febrero Mikel y Vanessa, el padre y la madre de Nahia, vinieron al colegio a darnos un taller sobre primeros auxilios. Ambos son enfermeros [&hellip;]<\/p>\n","protected":false},"author":22,"featured_media":0,"comment_status":"closed","ping_status":"open","sticky":false,"template":"","format":"standard","meta":{"_links_to":"","_links_to_target":""},"categories":[2],"tags":[],"_links":{"self":[{"href":"https:\/\/cpsanjuandelacadena.educacion.navarra.es\/blogs\/ciclo2\/wp-json\/wp\/v2\/posts\/815"}],"collection":[{"href":"https:\/\/cpsanjuandelacadena.educacion.navarra.es\/blogs\/ciclo2\/wp-json\/wp\/v2\/posts"}],"about":[{"href":"https:\/\/cpsanjuandelacadena.educacion.navarra.es\/blogs\/ciclo2\/wp-json\/wp\/v2\/types\/post"}],"author":[{"embeddable":true,"href":"https:\/\/cpsanjuandelacadena.educacion.navarra.es\/blogs\/ciclo2\/wp-json\/wp\/v2\/users\/22"}],"replies":[{"embeddable":true,"href":"https:\/\/cpsanjuandelacadena.educacion.navarra.es\/blogs\/ciclo2\/wp-json\/wp\/v2\/comments?post=815"}],"version-history":[{"count":0,"href":"https:\/\/cpsanjuandelacadena.educacion.navarra.es\/blogs\/ciclo2\/wp-json\/wp\/v2\/posts\/815\/revisions"}],"wp:attachment":[{"href":"https:\/\/cpsanjuandelacadena.educacion.navarra.es\/blogs\/ciclo2\/wp-json\/wp\/v2\/media?parent=815"}],"wp:term":[{"taxonomy":"category","embeddable":true,"href":"https:\/\/cpsanjuandelacadena.educacion.navarra.es\/blogs\/ciclo2\/wp-json\/wp\/v2\/categories?post=815"},{"taxonomy":"post_tag","embeddable":true,"href":"https:\/\/cpsanjuandelacadena.educacion.navarra.es\/blogs\/ciclo2\/wp-json\/wp\/v2\/tags?post=815"}],"curies":[{"name":"wp","href":"https:\/\/api.w.org\/{rel}","templated":true}]}}