{"id":73,"date":"2016-02-29T11:47:17","date_gmt":"2016-02-29T10:47:17","guid":{"rendered":"http:\/\/cpsanjuandelacadena.educacion.navarra.es\/blogs\/ciclo2\/?p=73"},"modified":"2016-02-29T11:47:17","modified_gmt":"2016-02-29T10:47:17","slug":"museo-de-la-miel","status":"publish","type":"post","link":"https:\/\/cpsanjuandelacadena.educacion.navarra.es\/blogs\/ciclo2\/2016\/02\/29\/museo-de-la-miel\/","title":{"rendered":"MUSEO DE LA MIEL"},"content":{"rendered":"<p>El mi\u00e9rcoles 24 de febrero, los alumnos y alumnas de 4\u00ba junto con nuestras profesoras fuimos de excursi\u00f3n al museo de la miel en Eltso.<\/p>\n<p>Nos explicaron muchas cosas: como se reproducen las abejas, c\u00f3mo hacen la miel. Si se mor\u00eda la reina c\u00f3mo eleg\u00edan otra.<\/p>\n<p>Nos\u00a0ense\u00f1aron paneles, tocamos cera, nos dieron de comer polen.<\/p>\n<p>Aprendimos muchas palabras: reina, obreras, z\u00e1nganos, prop\u00f3leo, jalea real\u2026<\/p>\n<p>Al final nos dieron a probar un trocito de pan con distintas mieles.<\/p>\n<p>Nos encant\u00f3 la miel y claro est\u00e1, la excursi\u00f3n.<\/p>\n<p>Fue fant\u00e1stica y espectacular.<\/p>\n<p>&nbsp;<\/p>\n<p>Alumnado de 4\u00ba de primaria.<\/p>\n<p>&nbsp;<\/p>\n<div id=\"attachment_74\" style=\"width: 160px\" class=\"wp-caption aligncenter\"><a href=\"https:\/\/www.flickr.com\/photos\/128696735@N03\/albums\/72157662729937174\"><img aria-describedby=\"caption-attachment-74\" loading=\"lazy\" class=\"size-thumbnail wp-image-74\" src=\"https:\/\/cpsanjuandelacadena.educacion.navarra.es\/blogs\/ciclo2\/files\/2016\/02\/miel_eltso_05-150x150.jpg\" alt=\"CP San Juan de la Cadena\" width=\"150\" height=\"150\" \/><\/a><p id=\"caption-attachment-74\" class=\"wp-caption-text\">Alumnado de 4\u00ba San Juan de la Cadena en Eltso. Museo de la miel.<\/p><\/div>\n<p>&nbsp;<\/p>\n","protected":false},"excerpt":{"rendered":"<p>El mi\u00e9rcoles 24 de febrero, los alumnos y alumnas de 4\u00ba junto con nuestras profesoras fuimos de excursi\u00f3n al museo de la miel en Eltso. Nos explicaron muchas cosas: como [&hellip;]<\/p>\n","protected":false},"author":22,"featured_media":74,"comment_status":"closed","ping_status":"open","sticky":false,"template":"","format":"standard","meta":{"_links_to":"","_links_to_target":""},"categories":[6,2],"tags":[],"_links":{"self":[{"href":"https:\/\/cpsanjuandelacadena.educacion.navarra.es\/blogs\/ciclo2\/wp-json\/wp\/v2\/posts\/73"}],"collection":[{"href":"https:\/\/cpsanjuandelacadena.educacion.navarra.es\/blogs\/ciclo2\/wp-json\/wp\/v2\/posts"}],"about":[{"href":"https:\/\/cpsanjuandelacadena.educacion.navarra.es\/blogs\/ciclo2\/wp-json\/wp\/v2\/types\/post"}],"author":[{"embeddable":true,"href":"https:\/\/cpsanjuandelacadena.educacion.navarra.es\/blogs\/ciclo2\/wp-json\/wp\/v2\/users\/22"}],"replies":[{"embeddable":true,"href":"https:\/\/cpsanjuandelacadena.educacion.navarra.es\/blogs\/ciclo2\/wp-json\/wp\/v2\/comments?post=73"}],"version-history":[{"count":0,"href":"https:\/\/cpsanjuandelacadena.educacion.navarra.es\/blogs\/ciclo2\/wp-json\/wp\/v2\/posts\/73\/revisions"}],"wp:featuredmedia":[{"embeddable":true,"href":"https:\/\/cpsanjuandelacadena.educacion.navarra.es\/blogs\/ciclo2\/wp-json\/wp\/v2\/media\/74"}],"wp:attachment":[{"href":"https:\/\/cpsanjuandelacadena.educacion.navarra.es\/blogs\/ciclo2\/wp-json\/wp\/v2\/media?parent=73"}],"wp:term":[{"taxonomy":"category","embeddable":true,"href":"https:\/\/cpsanjuandelacadena.educacion.navarra.es\/blogs\/ciclo2\/wp-json\/wp\/v2\/categories?post=73"},{"taxonomy":"post_tag","embeddable":true,"href":"https:\/\/cpsanjuandelacadena.educacion.navarra.es\/blogs\/ciclo2\/wp-json\/wp\/v2\/tags?post=73"}],"curies":[{"name":"wp","href":"https:\/\/api.w.org\/{rel}","templated":true}]}}