{"id":53,"date":"2015-10-22T15:09:15","date_gmt":"2015-10-22T14:09:15","guid":{"rendered":"http:\/\/cpsanjuandelacadena.educacion.navarra.es\/blogs\/ciclo2\/?p=53"},"modified":"2015-10-26T06:55:26","modified_gmt":"2015-10-26T05:55:26","slug":"teranga","status":"publish","type":"post","link":"https:\/\/cpsanjuandelacadena.educacion.navarra.es\/blogs\/ciclo2\/2015\/10\/22\/teranga\/","title":{"rendered":"TERANGA"},"content":{"rendered":"<p>El 22 de octubre hemos ido al auditorio de Bara\u00f1\u00e1in para ver el espect\u00e1culo \u00abTeranga\u00bb. Hemos visto muchas danzas muy bonitas. Los actores eran de Senegal, llevaban trajes preciosos y coloridos. Cantaron y bailaron. Para acompa\u00f1ar las canciones tocaban un t<span style=\"line-height: 1.5;\">ambor llamado Tama. \u00a0Nos han ense\u00f1ado una palabra que se pronuncia: malu mala, y que en espa\u00f1ol significa: te quiero.<\/span><\/p>\n<p>Al final nos hemos levantado de la silla y hemos bailado.<\/p>\n<p>\u00a1Ha sido genial<\/p>\n<p>Alumnado de 4\u00ba<\/p>\n<p><a href=\"https:\/\/cpsanjuandelacadena.educacion.navarra.es\/blogs\/ciclo2\/files\/2015\/10\/auditorio_3\u00ba_4\u00ba_03.jpg\"><img loading=\"lazy\" class=\"size-thumbnail wp-image-56 alignleft\" src=\"https:\/\/cpsanjuandelacadena.educacion.navarra.es\/blogs\/ciclo2\/files\/2015\/10\/auditorio_3\u00ba_4\u00ba_03-150x150.jpg\" alt=\"auditorio_3\u00ba_4\u00ba_03\" width=\"150\" height=\"150\" \/><\/a> <a href=\"https:\/\/cpsanjuandelacadena.educacion.navarra.es\/blogs\/ciclo2\/files\/2015\/10\/auditorio_3\u00ba_4\u00ba_04.jpg\"><img loading=\"lazy\" class=\"size-thumbnail wp-image-57 alignright\" src=\"https:\/\/cpsanjuandelacadena.educacion.navarra.es\/blogs\/ciclo2\/files\/2015\/10\/auditorio_3\u00ba_4\u00ba_04-150x150.jpg\" alt=\"auditorio_3\u00ba_4\u00ba_04\" width=\"150\" height=\"150\" \/><\/a><\/p>\n<p>&nbsp;<\/p>\n<p><a href=\"https:\/\/cpsanjuandelacadena.educacion.navarra.es\/blogs\/ciclo2\/files\/2015\/10\/auditorio_3\u00ba_4\u00ba.jpg\"><img loading=\"lazy\" class=\"alignright size-thumbnail wp-image-54\" src=\"https:\/\/cpsanjuandelacadena.educacion.navarra.es\/blogs\/ciclo2\/files\/2015\/10\/auditorio_3\u00ba_4\u00ba-150x150.jpg\" alt=\"auditorio_3\u00ba_4\u00ba\" width=\"150\" height=\"150\" \/><\/a><img loading=\"lazy\" class=\"size-thumbnail wp-image-55 alignleft\" src=\"https:\/\/cpsanjuandelacadena.educacion.navarra.es\/blogs\/ciclo2\/files\/2015\/10\/auditorio_3\u00ba_4\u00ba_02-150x150.jpg\" alt=\"auditorio_3\u00ba_4\u00ba_02\" width=\"150\" height=\"150\" \/><\/p>\n<p>&nbsp;<\/p>\n<p>&nbsp;<\/p>\n","protected":false},"excerpt":{"rendered":"<p>El 22 de octubre hemos ido al auditorio de Bara\u00f1\u00e1in para ver el espect\u00e1culo \u00abTeranga\u00bb. Hemos visto muchas danzas muy bonitas. Los actores eran de Senegal, llevaban trajes preciosos y [&hellip;]<\/p>\n","protected":false},"author":22,"featured_media":57,"comment_status":"closed","ping_status":"open","sticky":false,"template":"","format":"standard","meta":{"_links_to":"","_links_to_target":""},"categories":[5,6,4],"tags":[],"_links":{"self":[{"href":"https:\/\/cpsanjuandelacadena.educacion.navarra.es\/blogs\/ciclo2\/wp-json\/wp\/v2\/posts\/53"}],"collection":[{"href":"https:\/\/cpsanjuandelacadena.educacion.navarra.es\/blogs\/ciclo2\/wp-json\/wp\/v2\/posts"}],"about":[{"href":"https:\/\/cpsanjuandelacadena.educacion.navarra.es\/blogs\/ciclo2\/wp-json\/wp\/v2\/types\/post"}],"author":[{"embeddable":true,"href":"https:\/\/cpsanjuandelacadena.educacion.navarra.es\/blogs\/ciclo2\/wp-json\/wp\/v2\/users\/22"}],"replies":[{"embeddable":true,"href":"https:\/\/cpsanjuandelacadena.educacion.navarra.es\/blogs\/ciclo2\/wp-json\/wp\/v2\/comments?post=53"}],"version-history":[{"count":0,"href":"https:\/\/cpsanjuandelacadena.educacion.navarra.es\/blogs\/ciclo2\/wp-json\/wp\/v2\/posts\/53\/revisions"}],"wp:featuredmedia":[{"embeddable":true,"href":"https:\/\/cpsanjuandelacadena.educacion.navarra.es\/blogs\/ciclo2\/wp-json\/wp\/v2\/media\/57"}],"wp:attachment":[{"href":"https:\/\/cpsanjuandelacadena.educacion.navarra.es\/blogs\/ciclo2\/wp-json\/wp\/v2\/media?parent=53"}],"wp:term":[{"taxonomy":"category","embeddable":true,"href":"https:\/\/cpsanjuandelacadena.educacion.navarra.es\/blogs\/ciclo2\/wp-json\/wp\/v2\/categories?post=53"},{"taxonomy":"post_tag","embeddable":true,"href":"https:\/\/cpsanjuandelacadena.educacion.navarra.es\/blogs\/ciclo2\/wp-json\/wp\/v2\/tags?post=53"}],"curies":[{"name":"wp","href":"https:\/\/api.w.org\/{rel}","templated":true}]}}