{"id":51,"date":"2015-10-22T13:48:01","date_gmt":"2015-10-22T12:48:01","guid":{"rendered":"http:\/\/cpsanjuandelacadena.educacion.navarra.es\/blogs\/ciclo2\/?p=51"},"modified":"2015-10-22T13:49:03","modified_gmt":"2015-10-22T12:49:03","slug":"panasa","status":"publish","type":"post","link":"https:\/\/cpsanjuandelacadena.educacion.navarra.es\/blogs\/ciclo2\/2015\/10\/22\/panasa\/","title":{"rendered":"PANASA 3\u00ba PRIMARIA"},"content":{"rendered":"<p>Como cada curso el alumnado de 3\u00ba de primaria del colegio San Juan de la Cadena pas\u00f3 la ma\u00f1ana visitando Panasa. All\u00ed adem\u00e1s de observar c\u00f3mo se elabora el pan, pudieron experimentar y disfrutar como aut\u00e9ntic@s panader@s.<\/p>\n<p style=\"text-align: center;\">PINCHA EN LA FOTO<\/p>\n<p>&nbsp;<\/p>\n<p><a href=\"https:\/\/www.flickr.com\/photos\/128696735@N03\/albums\/72157659843536275\"><img loading=\"lazy\" class=\"size-thumbnail wp-image-52 aligncenter\" src=\"https:\/\/cpsanjuandelacadena.educacion.navarra.es\/blogs\/ciclo2\/files\/2015\/10\/panasa_3\u00ba_03-150x150.jpg\" alt=\"panasa_3\u00ba_03\" width=\"150\" height=\"150\" \/><\/a><\/p>\n","protected":false},"excerpt":{"rendered":"<p>Como cada curso el alumnado de 3\u00ba de primaria del colegio San Juan de la Cadena pas\u00f3 la ma\u00f1ana visitando Panasa. All\u00ed adem\u00e1s de observar c\u00f3mo se elabora el pan, [&hellip;]<\/p>\n","protected":false},"author":22,"featured_media":52,"comment_status":"closed","ping_status":"open","sticky":false,"template":"","format":"standard","meta":{"_links_to":"","_links_to_target":""},"categories":[5,4],"tags":[],"_links":{"self":[{"href":"https:\/\/cpsanjuandelacadena.educacion.navarra.es\/blogs\/ciclo2\/wp-json\/wp\/v2\/posts\/51"}],"collection":[{"href":"https:\/\/cpsanjuandelacadena.educacion.navarra.es\/blogs\/ciclo2\/wp-json\/wp\/v2\/posts"}],"about":[{"href":"https:\/\/cpsanjuandelacadena.educacion.navarra.es\/blogs\/ciclo2\/wp-json\/wp\/v2\/types\/post"}],"author":[{"embeddable":true,"href":"https:\/\/cpsanjuandelacadena.educacion.navarra.es\/blogs\/ciclo2\/wp-json\/wp\/v2\/users\/22"}],"replies":[{"embeddable":true,"href":"https:\/\/cpsanjuandelacadena.educacion.navarra.es\/blogs\/ciclo2\/wp-json\/wp\/v2\/comments?post=51"}],"version-history":[{"count":0,"href":"https:\/\/cpsanjuandelacadena.educacion.navarra.es\/blogs\/ciclo2\/wp-json\/wp\/v2\/posts\/51\/revisions"}],"wp:featuredmedia":[{"embeddable":true,"href":"https:\/\/cpsanjuandelacadena.educacion.navarra.es\/blogs\/ciclo2\/wp-json\/wp\/v2\/media\/52"}],"wp:attachment":[{"href":"https:\/\/cpsanjuandelacadena.educacion.navarra.es\/blogs\/ciclo2\/wp-json\/wp\/v2\/media?parent=51"}],"wp:term":[{"taxonomy":"category","embeddable":true,"href":"https:\/\/cpsanjuandelacadena.educacion.navarra.es\/blogs\/ciclo2\/wp-json\/wp\/v2\/categories?post=51"},{"taxonomy":"post_tag","embeddable":true,"href":"https:\/\/cpsanjuandelacadena.educacion.navarra.es\/blogs\/ciclo2\/wp-json\/wp\/v2\/tags?post=51"}],"curies":[{"name":"wp","href":"https:\/\/api.w.org\/{rel}","templated":true}]}}