{"id":116,"date":"2017-01-27T12:39:04","date_gmt":"2017-01-27T11:39:04","guid":{"rendered":"http:\/\/cpsanjuandelacadena.educacion.navarra.es\/blogs\/ciclo2\/?p=116"},"modified":"2017-01-27T12:39:04","modified_gmt":"2017-01-27T11:39:04","slug":"taller-de-pintura","status":"publish","type":"post","link":"https:\/\/cpsanjuandelacadena.educacion.navarra.es\/blogs\/ciclo2\/2017\/01\/27\/taller-de-pintura\/","title":{"rendered":"TALLER DE PINTURA."},"content":{"rendered":"<p>El d\u00eda 23 de enero a la tarde vino al cole un pintor gracioso y divertido, Milton.<\/p>\n<p>Es el padre de Alba, una compa\u00f1era de 4\u00ba B. Nos ense\u00f1\u00f3 a dibujar nuestras caras con un espejo y a completar el fondo con trozos de revistas. Esas t\u00e9cnicas se llaman autorretrato y collage. Fue muy agradable estar con \u00e9l porque siempre nos dec\u00eda cosas buenas y nos explic\u00f3 que lo importante no era el resultado final, sino el inter\u00e9s con que est\u00e1bamos trabajando.<\/p>\n<p>Nos encant\u00f3 estar con Milton y le hemos invitado para que vuelva otra vez.<\/p>\n<p><a href=\"https:\/\/www.flickr.com\/photos\/128696735@N03\/sets\/72157677880389461\/\"><img loading=\"lazy\" class=\"size-thumbnail wp-image-117 aligncenter\" src=\"https:\/\/cpsanjuandelacadena.educacion.navarra.es\/blogs\/ciclo2\/files\/2017\/01\/taller_pintura_4\u00ba_02-150x150.jpg\" alt=\"\" width=\"150\" height=\"150\" \/><\/a><\/p>\n<p>&nbsp;<\/p>\n","protected":false},"excerpt":{"rendered":"<p>El d\u00eda 23 de enero a la tarde vino al cole un pintor gracioso y divertido, Milton. Es el padre de Alba, una compa\u00f1era de 4\u00ba B. Nos ense\u00f1\u00f3 a [&hellip;]<\/p>\n","protected":false},"author":22,"featured_media":118,"comment_status":"closed","ping_status":"open","sticky":false,"template":"","format":"standard","meta":{"_links_to":"","_links_to_target":""},"categories":[6],"tags":[],"_links":{"self":[{"href":"https:\/\/cpsanjuandelacadena.educacion.navarra.es\/blogs\/ciclo2\/wp-json\/wp\/v2\/posts\/116"}],"collection":[{"href":"https:\/\/cpsanjuandelacadena.educacion.navarra.es\/blogs\/ciclo2\/wp-json\/wp\/v2\/posts"}],"about":[{"href":"https:\/\/cpsanjuandelacadena.educacion.navarra.es\/blogs\/ciclo2\/wp-json\/wp\/v2\/types\/post"}],"author":[{"embeddable":true,"href":"https:\/\/cpsanjuandelacadena.educacion.navarra.es\/blogs\/ciclo2\/wp-json\/wp\/v2\/users\/22"}],"replies":[{"embeddable":true,"href":"https:\/\/cpsanjuandelacadena.educacion.navarra.es\/blogs\/ciclo2\/wp-json\/wp\/v2\/comments?post=116"}],"version-history":[{"count":0,"href":"https:\/\/cpsanjuandelacadena.educacion.navarra.es\/blogs\/ciclo2\/wp-json\/wp\/v2\/posts\/116\/revisions"}],"wp:featuredmedia":[{"embeddable":true,"href":"https:\/\/cpsanjuandelacadena.educacion.navarra.es\/blogs\/ciclo2\/wp-json\/wp\/v2\/media\/118"}],"wp:attachment":[{"href":"https:\/\/cpsanjuandelacadena.educacion.navarra.es\/blogs\/ciclo2\/wp-json\/wp\/v2\/media?parent=116"}],"wp:term":[{"taxonomy":"category","embeddable":true,"href":"https:\/\/cpsanjuandelacadena.educacion.navarra.es\/blogs\/ciclo2\/wp-json\/wp\/v2\/categories?post=116"},{"taxonomy":"post_tag","embeddable":true,"href":"https:\/\/cpsanjuandelacadena.educacion.navarra.es\/blogs\/ciclo2\/wp-json\/wp\/v2\/tags?post=116"}],"curies":[{"name":"wp","href":"https:\/\/api.w.org\/{rel}","templated":true}]}}