{"id":1048,"date":"2025-01-15T11:17:08","date_gmt":"2025-01-15T10:17:08","guid":{"rendered":"https:\/\/cpsanjuandelacadena.educacion.navarra.es\/blogs\/ciclo2\/?p=1048"},"modified":"2025-01-28T10:42:13","modified_gmt":"2025-01-28T09:42:13","slug":"3oep-24-25-visita-al-museo-de-navarra","status":"publish","type":"post","link":"https:\/\/cpsanjuandelacadena.educacion.navarra.es\/blogs\/ciclo2\/2025\/01\/15\/3oep-24-25-visita-al-museo-de-navarra\/","title":{"rendered":"3\u00baEP 24\/25 Visita al Museo de Navarra"},"content":{"rendered":"\n<p>El alumnado de 3\u00ba de Primaria visit\u00f3 el pasado 10 de octubre el Museo de la Universidad de Navarra, para realizar la actividad \u201cEl baile de las emociones (Multicultural)\u201d<\/p>\n\n\n\n<p>En dicha actividad, el alumnado se expres\u00f3 a trav\u00e9s de movimiento, de creaciones pict\u00f3ricas, e incluso pudo visitar la exposici\u00f3n permanente del propio museo.<\/p>\n\n\n\n<p>Fue una ma\u00f1ana muy entra\u00f1able y divertida.<\/p>\n\n\n\n<p><a href=\"https:\/\/museo.unav.edu\/actividades\/actividades-escolares\">WEB MUN<\/a><\/p>\n\n\n\n<figure class=\"wp-block-image size-full\"><a href=\"https:\/\/photos.app.goo.gl\/ejZ597GEMjQhp59ZA\"><img loading=\"lazy\" width=\"1024\" height=\"768\" src=\"https:\/\/cpsanjuandelacadena.educacion.navarra.es\/blogs\/ciclo2\/files\/2025\/01\/Portada-1.jpg\" alt=\"\" class=\"wp-image-1050\" srcset=\"https:\/\/cpsanjuandelacadena.educacion.navarra.es\/blogs\/ciclo2\/files\/2025\/01\/Portada-1.jpg 1024w, https:\/\/cpsanjuandelacadena.educacion.navarra.es\/blogs\/ciclo2\/files\/2025\/01\/Portada-1-300x225.jpg 300w, https:\/\/cpsanjuandelacadena.educacion.navarra.es\/blogs\/ciclo2\/files\/2025\/01\/Portada-1-768x576.jpg 768w\" sizes=\"(max-width: 1024px) 100vw, 1024px\" \/><\/a><\/figure>\n","protected":false},"excerpt":{"rendered":"<p>El alumnado de 3\u00ba de Primaria visit\u00f3 el pasado 10 de octubre el Museo de la Universidad de Navarra, para realizar la actividad \u201cEl baile de las emociones (Multicultural)\u201d En [&hellip;]<\/p>\n","protected":false},"author":22,"featured_media":0,"comment_status":"closed","ping_status":"open","sticky":false,"template":"","format":"standard","meta":{"_links_to":"","_links_to_target":""},"categories":[2],"tags":[],"_links":{"self":[{"href":"https:\/\/cpsanjuandelacadena.educacion.navarra.es\/blogs\/ciclo2\/wp-json\/wp\/v2\/posts\/1048"}],"collection":[{"href":"https:\/\/cpsanjuandelacadena.educacion.navarra.es\/blogs\/ciclo2\/wp-json\/wp\/v2\/posts"}],"about":[{"href":"https:\/\/cpsanjuandelacadena.educacion.navarra.es\/blogs\/ciclo2\/wp-json\/wp\/v2\/types\/post"}],"author":[{"embeddable":true,"href":"https:\/\/cpsanjuandelacadena.educacion.navarra.es\/blogs\/ciclo2\/wp-json\/wp\/v2\/users\/22"}],"replies":[{"embeddable":true,"href":"https:\/\/cpsanjuandelacadena.educacion.navarra.es\/blogs\/ciclo2\/wp-json\/wp\/v2\/comments?post=1048"}],"version-history":[{"count":0,"href":"https:\/\/cpsanjuandelacadena.educacion.navarra.es\/blogs\/ciclo2\/wp-json\/wp\/v2\/posts\/1048\/revisions"}],"wp:attachment":[{"href":"https:\/\/cpsanjuandelacadena.educacion.navarra.es\/blogs\/ciclo2\/wp-json\/wp\/v2\/media?parent=1048"}],"wp:term":[{"taxonomy":"category","embeddable":true,"href":"https:\/\/cpsanjuandelacadena.educacion.navarra.es\/blogs\/ciclo2\/wp-json\/wp\/v2\/categories?post=1048"},{"taxonomy":"post_tag","embeddable":true,"href":"https:\/\/cpsanjuandelacadena.educacion.navarra.es\/blogs\/ciclo2\/wp-json\/wp\/v2\/tags?post=1048"}],"curies":[{"name":"wp","href":"https:\/\/api.w.org\/{rel}","templated":true}]}}