{"id":876,"date":"2015-02-23T20:23:01","date_gmt":"2015-02-23T20:23:01","guid":{"rendered":"http:\/\/cpsanjuandelacadena.educacion.navarra.es\/blogs\/ciclo1\/?p=876"},"modified":"2015-03-17T16:40:53","modified_gmt":"2015-03-17T16:40:53","slug":"carnaval-2015-primaria","status":"publish","type":"post","link":"https:\/\/cpsanjuandelacadena.educacion.navarra.es\/blogs\/ciclo1\/2015\/02\/23\/carnaval-2015-primaria\/","title":{"rendered":"CARNAVAL 2015 PRIMARIA"},"content":{"rendered":"<p style=\"text-align: justify\">Un a\u00f1o m\u00e1s lleg\u00f3 el carnaval a San Juan de la Cadena. Al fin este a\u00f1o pudimos disfrutar de una tarde muy agradable en el patio del colegio dejando de lado nuestros que haceres diarios. Payasos, princesas, indios, minions, brujas\u2026. acompa\u00f1ados de Miel-Otxin, Llamarada, Lucecita, Zipi y Pulpilandi daban la bienvenida a unos d\u00edas de fiesta<\/p>\n<p style=\"text-align: center\"><a href=\"https:\/\/www.flickr.com\/photos\/128696735@N03\/sets\/72157650990035081\/\"><span style=\"color: #24890d\">Aqu\u00ed pod\u00e9is ver las im\u00e1genes<\/span><\/a><\/p>\n<p style=\"text-align: center\"><a href=\"https:\/\/www.flickr.com\/photos\/128696735@N03\/sets\/72157650990035081\/\"><img loading=\"lazy\" class=\"aligncenter size-thumbnail wp-image-881\" src=\"https:\/\/cpsanjuandelacadena.educacion.navarra.es\/blogs\/ciclo1\/files\/2015\/02\/carnaval_2015_primaria_139-150x150.jpg\" alt=\"carnaval_2015_primaria_139\" width=\"150\" height=\"150\" \/><\/a><\/p>\n<p style=\"text-align: center\">Si quieres ver lo v\u00eddeos del carnaval <a href=\"http:\/\/cpsanjuandelacadena.educacion.navarra.es\/blogs\/ciclo2\/2015\/02\/23\/carnaval-2015\/\">PINCHA AQU\u00cd<\/a><\/p>\n","protected":false},"excerpt":{"rendered":"<p>Un a\u00f1o m\u00e1s lleg\u00f3 el carnaval a San Juan de la Cadena. Al fin este a\u00f1o pudimos disfrutar de una tarde muy agradable en el patio del colegio dejando de [&hellip;]<\/p>\n","protected":false},"author":22,"featured_media":0,"comment_status":"closed","ping_status":"open","sticky":false,"template":"","format":"standard","meta":{"_links_to":"","_links_to_target":""},"categories":[31,3],"tags":[],"_links":{"self":[{"href":"https:\/\/cpsanjuandelacadena.educacion.navarra.es\/blogs\/ciclo1\/wp-json\/wp\/v2\/posts\/876"}],"collection":[{"href":"https:\/\/cpsanjuandelacadena.educacion.navarra.es\/blogs\/ciclo1\/wp-json\/wp\/v2\/posts"}],"about":[{"href":"https:\/\/cpsanjuandelacadena.educacion.navarra.es\/blogs\/ciclo1\/wp-json\/wp\/v2\/types\/post"}],"author":[{"embeddable":true,"href":"https:\/\/cpsanjuandelacadena.educacion.navarra.es\/blogs\/ciclo1\/wp-json\/wp\/v2\/users\/22"}],"replies":[{"embeddable":true,"href":"https:\/\/cpsanjuandelacadena.educacion.navarra.es\/blogs\/ciclo1\/wp-json\/wp\/v2\/comments?post=876"}],"version-history":[{"count":0,"href":"https:\/\/cpsanjuandelacadena.educacion.navarra.es\/blogs\/ciclo1\/wp-json\/wp\/v2\/posts\/876\/revisions"}],"wp:attachment":[{"href":"https:\/\/cpsanjuandelacadena.educacion.navarra.es\/blogs\/ciclo1\/wp-json\/wp\/v2\/media?parent=876"}],"wp:term":[{"taxonomy":"category","embeddable":true,"href":"https:\/\/cpsanjuandelacadena.educacion.navarra.es\/blogs\/ciclo1\/wp-json\/wp\/v2\/categories?post=876"},{"taxonomy":"post_tag","embeddable":true,"href":"https:\/\/cpsanjuandelacadena.educacion.navarra.es\/blogs\/ciclo1\/wp-json\/wp\/v2\/tags?post=876"}],"curies":[{"name":"wp","href":"https:\/\/api.w.org\/{rel}","templated":true}]}}