{"id":779,"date":"2014-05-21T20:47:20","date_gmt":"2014-05-21T20:47:20","guid":{"rendered":"http:\/\/cpsanjuandelacadena.educacion.navarra.es\/blogs\/ciclo1\/?p=779"},"modified":"2014-05-29T15:57:50","modified_gmt":"2014-05-29T15:57:50","slug":"palomitas","status":"publish","type":"post","link":"https:\/\/cpsanjuandelacadena.educacion.navarra.es\/blogs\/ciclo1\/2014\/05\/21\/palomitas\/","title":{"rendered":"PALOMITAS"},"content":{"rendered":"<p><strong>El d\u00eda 15 de Abril recibimos la visita de Ana, la mam\u00e1 de una compa\u00f1era de clase para ense\u00f1arnos a hacer palomitas. \u00a1Palomitas de las aut\u00e9nticas! Estaban buen\u00edsimas.<\/strong><\/p>\n<p><a href=\"https:\/\/cpsanjuandelacadena.educacion.navarra.es\/blogs\/ciclo1\/files\/2014\/05\/Diapositiva11.jpg\"><img loading=\"lazy\" class=\"aligncenter size-full wp-image-782\" src=\"https:\/\/cpsanjuandelacadena.educacion.navarra.es\/blogs\/ciclo1\/files\/2014\/05\/Diapositiva11.jpg\" alt=\"Diapositiva1\" width=\"960\" height=\"720\" srcset=\"https:\/\/cpsanjuandelacadena.educacion.navarra.es\/blogs\/ciclo1\/files\/2014\/05\/Diapositiva11.jpg 960w, https:\/\/cpsanjuandelacadena.educacion.navarra.es\/blogs\/ciclo1\/files\/2014\/05\/Diapositiva11-300x225.jpg 300w, https:\/\/cpsanjuandelacadena.educacion.navarra.es\/blogs\/ciclo1\/files\/2014\/05\/Diapositiva11-800x600.jpg 800w\" sizes=\"(max-width: 960px) 100vw, 960px\" \/><\/a><a href=\"https:\/\/cpsanjuandelacadena.educacion.navarra.es\/blogs\/ciclo1\/files\/2014\/05\/Diapositiva21.jpg\"><img loading=\"lazy\" class=\"aligncenter size-full wp-image-783\" src=\"https:\/\/cpsanjuandelacadena.educacion.navarra.es\/blogs\/ciclo1\/files\/2014\/05\/Diapositiva21.jpg\" alt=\"Diapositiva2\" width=\"960\" height=\"720\" srcset=\"https:\/\/cpsanjuandelacadena.educacion.navarra.es\/blogs\/ciclo1\/files\/2014\/05\/Diapositiva21.jpg 960w, https:\/\/cpsanjuandelacadena.educacion.navarra.es\/blogs\/ciclo1\/files\/2014\/05\/Diapositiva21-300x225.jpg 300w, https:\/\/cpsanjuandelacadena.educacion.navarra.es\/blogs\/ciclo1\/files\/2014\/05\/Diapositiva21-800x600.jpg 800w\" sizes=\"(max-width: 960px) 100vw, 960px\" \/><\/a><\/p>\n","protected":false},"excerpt":{"rendered":"<p>El d\u00eda 15 de Abril recibimos la visita de Ana, la mam\u00e1 de una compa\u00f1era de clase para ense\u00f1arnos a hacer palomitas. \u00a1Palomitas de las aut\u00e9nticas! Estaban buen\u00edsimas.<\/p>\n","protected":false},"author":134,"featured_media":0,"comment_status":"closed","ping_status":"open","sticky":false,"template":"","format":"standard","meta":{"_links_to":"","_links_to_target":""},"categories":[45,1,29],"tags":[],"_links":{"self":[{"href":"https:\/\/cpsanjuandelacadena.educacion.navarra.es\/blogs\/ciclo1\/wp-json\/wp\/v2\/posts\/779"}],"collection":[{"href":"https:\/\/cpsanjuandelacadena.educacion.navarra.es\/blogs\/ciclo1\/wp-json\/wp\/v2\/posts"}],"about":[{"href":"https:\/\/cpsanjuandelacadena.educacion.navarra.es\/blogs\/ciclo1\/wp-json\/wp\/v2\/types\/post"}],"author":[{"embeddable":true,"href":"https:\/\/cpsanjuandelacadena.educacion.navarra.es\/blogs\/ciclo1\/wp-json\/wp\/v2\/users\/134"}],"replies":[{"embeddable":true,"href":"https:\/\/cpsanjuandelacadena.educacion.navarra.es\/blogs\/ciclo1\/wp-json\/wp\/v2\/comments?post=779"}],"version-history":[{"count":0,"href":"https:\/\/cpsanjuandelacadena.educacion.navarra.es\/blogs\/ciclo1\/wp-json\/wp\/v2\/posts\/779\/revisions"}],"wp:attachment":[{"href":"https:\/\/cpsanjuandelacadena.educacion.navarra.es\/blogs\/ciclo1\/wp-json\/wp\/v2\/media?parent=779"}],"wp:term":[{"taxonomy":"category","embeddable":true,"href":"https:\/\/cpsanjuandelacadena.educacion.navarra.es\/blogs\/ciclo1\/wp-json\/wp\/v2\/categories?post=779"},{"taxonomy":"post_tag","embeddable":true,"href":"https:\/\/cpsanjuandelacadena.educacion.navarra.es\/blogs\/ciclo1\/wp-json\/wp\/v2\/tags?post=779"}],"curies":[{"name":"wp","href":"https:\/\/api.w.org\/{rel}","templated":true}]}}