{"id":1753,"date":"2025-06-20T11:56:31","date_gmt":"2025-06-20T11:56:31","guid":{"rendered":"https:\/\/cpsanjuandelacadena.educacion.navarra.es\/blogs\/ciclo1\/?p=1753"},"modified":"2025-06-20T11:56:32","modified_gmt":"2025-06-20T11:56:32","slug":"excursion-fin-de-curso-basabere","status":"publish","type":"post","link":"https:\/\/cpsanjuandelacadena.educacion.navarra.es\/blogs\/ciclo1\/2025\/06\/20\/excursion-fin-de-curso-basabere\/","title":{"rendered":"Excursi\u00f3n fin de curso: Basabere"},"content":{"rendered":"\n<figure class=\"wp-block-image size-full is-style-rounded\"><a href=\"https:\/\/cpsanjuandelacadena.educacion.navarra.es\/blogs\/ciclo1\/files\/2025\/06\/tamano-cambiado.jpg\"><img loading=\"lazy\" width=\"1000\" height=\"750\" src=\"https:\/\/cpsanjuandelacadena.educacion.navarra.es\/blogs\/ciclo1\/files\/2025\/06\/tamano-cambiado.jpg\" alt=\"\" class=\"wp-image-1754\" srcset=\"https:\/\/cpsanjuandelacadena.educacion.navarra.es\/blogs\/ciclo1\/files\/2025\/06\/tamano-cambiado.jpg 1000w, https:\/\/cpsanjuandelacadena.educacion.navarra.es\/blogs\/ciclo1\/files\/2025\/06\/tamano-cambiado-300x225.jpg 300w, https:\/\/cpsanjuandelacadena.educacion.navarra.es\/blogs\/ciclo1\/files\/2025\/06\/tamano-cambiado-768x576.jpg 768w, https:\/\/cpsanjuandelacadena.educacion.navarra.es\/blogs\/ciclo1\/files\/2025\/06\/tamano-cambiado-800x600.jpg 800w\" sizes=\"(max-width: 1000px) 100vw, 1000px\" \/><\/a><\/figure>\n\n\n\n<figure class=\"wp-block-image size-full is-style-rounded\"><a href=\"https:\/\/cpsanjuandelacadena.educacion.navarra.es\/blogs\/ciclo1\/files\/2025\/06\/tamano-cambiado-2.jpg\"><img loading=\"lazy\" width=\"800\" height=\"600\" src=\"https:\/\/cpsanjuandelacadena.educacion.navarra.es\/blogs\/ciclo1\/files\/2025\/06\/tamano-cambiado-2.jpg\" alt=\"\" class=\"wp-image-1755\" srcset=\"https:\/\/cpsanjuandelacadena.educacion.navarra.es\/blogs\/ciclo1\/files\/2025\/06\/tamano-cambiado-2.jpg 800w, https:\/\/cpsanjuandelacadena.educacion.navarra.es\/blogs\/ciclo1\/files\/2025\/06\/tamano-cambiado-2-300x225.jpg 300w, https:\/\/cpsanjuandelacadena.educacion.navarra.es\/blogs\/ciclo1\/files\/2025\/06\/tamano-cambiado-2-768x576.jpg 768w\" sizes=\"(max-width: 800px) 100vw, 800px\" \/><\/a><\/figure>\n\n\n\n<p>El mi\u00e9rcoles, 4 de junio, disfrutamos de la excursi\u00f3n de fin de curso en la Granja Basabere, en el pueblo de Lez\u00e1un. El viaje en autob\u00fas transcurri\u00f3 tranquilo y entre canciones. Despu\u00e9s en la granja pudimos contemplar todo tipo de animales: de granja, salvajes en per\u00edodo de recuperaci\u00f3n o adaptados a ese entorno, reptiles\u2026 Comimos a la sombra de unos preciosos \u00e1rboles y tambi\u00e9n tuvimos tiempo para jugar. \u00a1Qu\u00e9 gran d\u00eda!<\/p>\n\n\n\n<p><a href=\"https:\/\/photos.app.goo.gl\/qTzBKiHdrHmGNZk56\">Aqu\u00ed<\/a> pod\u00e9is ver todas las fotos de la salida. <\/p>\n","protected":false},"excerpt":{"rendered":"<p>El mi\u00e9rcoles, 4 de junio, disfrutamos de la excursi\u00f3n de fin de curso en la Granja Basabere, en el pueblo de Lez\u00e1un. El viaje en autob\u00fas transcurri\u00f3 tranquilo y entre [&hellip;]<\/p>\n","protected":false},"author":22,"featured_media":0,"comment_status":"closed","ping_status":"open","sticky":false,"template":"","format":"standard","meta":{"_links_to":"","_links_to_target":""},"categories":[1],"tags":[],"_links":{"self":[{"href":"https:\/\/cpsanjuandelacadena.educacion.navarra.es\/blogs\/ciclo1\/wp-json\/wp\/v2\/posts\/1753"}],"collection":[{"href":"https:\/\/cpsanjuandelacadena.educacion.navarra.es\/blogs\/ciclo1\/wp-json\/wp\/v2\/posts"}],"about":[{"href":"https:\/\/cpsanjuandelacadena.educacion.navarra.es\/blogs\/ciclo1\/wp-json\/wp\/v2\/types\/post"}],"author":[{"embeddable":true,"href":"https:\/\/cpsanjuandelacadena.educacion.navarra.es\/blogs\/ciclo1\/wp-json\/wp\/v2\/users\/22"}],"replies":[{"embeddable":true,"href":"https:\/\/cpsanjuandelacadena.educacion.navarra.es\/blogs\/ciclo1\/wp-json\/wp\/v2\/comments?post=1753"}],"version-history":[{"count":0,"href":"https:\/\/cpsanjuandelacadena.educacion.navarra.es\/blogs\/ciclo1\/wp-json\/wp\/v2\/posts\/1753\/revisions"}],"wp:attachment":[{"href":"https:\/\/cpsanjuandelacadena.educacion.navarra.es\/blogs\/ciclo1\/wp-json\/wp\/v2\/media?parent=1753"}],"wp:term":[{"taxonomy":"category","embeddable":true,"href":"https:\/\/cpsanjuandelacadena.educacion.navarra.es\/blogs\/ciclo1\/wp-json\/wp\/v2\/categories?post=1753"},{"taxonomy":"post_tag","embeddable":true,"href":"https:\/\/cpsanjuandelacadena.educacion.navarra.es\/blogs\/ciclo1\/wp-json\/wp\/v2\/tags?post=1753"}],"curies":[{"name":"wp","href":"https:\/\/api.w.org\/{rel}","templated":true}]}}