{"id":1241,"date":"2020-02-17T16:50:42","date_gmt":"2020-02-17T16:50:42","guid":{"rendered":"http:\/\/cpsanjuandelacadena.educacion.navarra.es\/blogs\/ciclo1\/?p=1241"},"modified":"2020-02-17T16:50:43","modified_gmt":"2020-02-17T16:50:43","slug":"taller-de-artropodos","status":"publish","type":"post","link":"https:\/\/cpsanjuandelacadena.educacion.navarra.es\/blogs\/ciclo1\/2020\/02\/17\/taller-de-artropodos\/","title":{"rendered":"TALLER DE ARTR\u00d3PODOS"},"content":{"rendered":"\n<p> TALLER DE ARTR\u00d3PODOS<\/p>\n\n\n\n<p>El pasado jueves 13 de febrero, el t\u00edo de Isabel Biurrun (2\u00baA) vino a ense\u00f1arnos cosas muy interesantes sobre los artr\u00f3podos. Adem\u00e1s de explicarnos su origen, las partes de sus cuerpos y algunos v\u00eddeos de c\u00f3mo se alimentan, tambi\u00e9n nos trajo algunas ara\u00f1as y escorpiones para ver. \u00a1Nos gust\u00f3 mucho esta visita!\u00a0\u00a1Gracias Mikel!<\/p>\n\n\n\n<p><br>Last Thursday, 13th of February, Isabel&#8217;s uncle (2\u00baA), came to show us interesting things about the arthropods. He explained to us about their origin, body&#8217;s parts and some videos and photos about the food they eat and how they live. Also, he showed us some spiders and scorpions he had&#8230;!We liked so much this visit. Thanks Mikel ! <\/p>\n\n\n\n<figure class=\"wp-block-image size-large\"><a href=\"https:\/\/photos.app.goo.gl\/EhZcLkc7VNmFncEr8\"><img loading=\"lazy\" width=\"1024\" height=\"768\" src=\"https:\/\/cpsanjuandelacadena.educacion.navarra.es\/blogs\/ciclo1\/files\/2020\/02\/IMG_20200213_112806-1024x768.jpg\" alt=\"\" class=\"wp-image-1242\" srcset=\"https:\/\/cpsanjuandelacadena.educacion.navarra.es\/blogs\/ciclo1\/files\/2020\/02\/IMG_20200213_112806-1024x768.jpg 1024w, https:\/\/cpsanjuandelacadena.educacion.navarra.es\/blogs\/ciclo1\/files\/2020\/02\/IMG_20200213_112806-300x225.jpg 300w, https:\/\/cpsanjuandelacadena.educacion.navarra.es\/blogs\/ciclo1\/files\/2020\/02\/IMG_20200213_112806-768x576.jpg 768w, https:\/\/cpsanjuandelacadena.educacion.navarra.es\/blogs\/ciclo1\/files\/2020\/02\/IMG_20200213_112806-1536x1152.jpg 1536w, https:\/\/cpsanjuandelacadena.educacion.navarra.es\/blogs\/ciclo1\/files\/2020\/02\/IMG_20200213_112806-2048x1536.jpg 2048w, https:\/\/cpsanjuandelacadena.educacion.navarra.es\/blogs\/ciclo1\/files\/2020\/02\/IMG_20200213_112806-800x600.jpg 800w\" sizes=\"(max-width: 1024px) 100vw, 1024px\" \/><\/a><\/figure>\n","protected":false},"excerpt":{"rendered":"<p>TALLER DE ARTR\u00d3PODOS El pasado jueves 13 de febrero, el t\u00edo de Isabel Biurrun (2\u00baA) vino a ense\u00f1arnos cosas muy interesantes sobre los artr\u00f3podos. Adem\u00e1s de explicarnos su origen, las [&hellip;]<\/p>\n","protected":false},"author":22,"featured_media":0,"comment_status":"closed","ping_status":"open","sticky":false,"template":"","format":"standard","meta":{"_links_to":"","_links_to_target":""},"categories":[3,43,1],"tags":[98],"_links":{"self":[{"href":"https:\/\/cpsanjuandelacadena.educacion.navarra.es\/blogs\/ciclo1\/wp-json\/wp\/v2\/posts\/1241"}],"collection":[{"href":"https:\/\/cpsanjuandelacadena.educacion.navarra.es\/blogs\/ciclo1\/wp-json\/wp\/v2\/posts"}],"about":[{"href":"https:\/\/cpsanjuandelacadena.educacion.navarra.es\/blogs\/ciclo1\/wp-json\/wp\/v2\/types\/post"}],"author":[{"embeddable":true,"href":"https:\/\/cpsanjuandelacadena.educacion.navarra.es\/blogs\/ciclo1\/wp-json\/wp\/v2\/users\/22"}],"replies":[{"embeddable":true,"href":"https:\/\/cpsanjuandelacadena.educacion.navarra.es\/blogs\/ciclo1\/wp-json\/wp\/v2\/comments?post=1241"}],"version-history":[{"count":0,"href":"https:\/\/cpsanjuandelacadena.educacion.navarra.es\/blogs\/ciclo1\/wp-json\/wp\/v2\/posts\/1241\/revisions"}],"wp:attachment":[{"href":"https:\/\/cpsanjuandelacadena.educacion.navarra.es\/blogs\/ciclo1\/wp-json\/wp\/v2\/media?parent=1241"}],"wp:term":[{"taxonomy":"category","embeddable":true,"href":"https:\/\/cpsanjuandelacadena.educacion.navarra.es\/blogs\/ciclo1\/wp-json\/wp\/v2\/categories?post=1241"},{"taxonomy":"post_tag","embeddable":true,"href":"https:\/\/cpsanjuandelacadena.educacion.navarra.es\/blogs\/ciclo1\/wp-json\/wp\/v2\/tags?post=1241"}],"curies":[{"name":"wp","href":"https:\/\/api.w.org\/{rel}","templated":true}]}}