{"id":1107,"date":"2018-03-13T04:48:53","date_gmt":"2018-03-13T04:48:53","guid":{"rendered":"http:\/\/cpsanjuandelacadena.educacion.navarra.es\/blogs\/ciclo1\/?p=1107"},"modified":"2018-03-13T04:49:24","modified_gmt":"2018-03-13T04:49:24","slug":"1107","status":"publish","type":"post","link":"https:\/\/cpsanjuandelacadena.educacion.navarra.es\/blogs\/ciclo1\/2018\/03\/13\/1107\/","title":{"rendered":"Un paseo por Per\u00fa"},"content":{"rendered":"<p>El pasado viernes, 9 de marzo, el alumnado de 1\u00ba de Primaria particip\u00f3 en un taller muy especial ambientado en Per\u00fa.<br \/>\nLa madre de una compa\u00f1era nos cont\u00f3 un mont\u00f3n de cosas curiosas e interesantes de este maravilloso pa\u00eds. Pudimos disfrutar de sus espectaculares paisajes, de sus danzas, de sus trajes coloridos y de los ex\u00f3ticos olores y colores de su gastronom\u00eda.<br \/>\nLo que m\u00e1s nos gust\u00f3 fue la incre\u00edble fauna que puebla la reserva natural de Paracas, en Pisco, con ping\u00fcinos, pel\u00edcanos, aves guaneras y, por supuesto, el majestuoso c\u00f3ndor de los Andes.<br \/>\nNos quedamos sorprendidos con los misterios naturales a\u00fan sin resolver, con las momias y con las l\u00edneas de Nazca.<br \/>\nPer\u00fa es costa, tierra y selva. \u00a1Qu\u00e9 pa\u00eds m\u00e1s rico en belleza natural!<br \/>\n\u00a1Gracias Per\u00fa!<\/p>\n<p>A TRIP THROUGH PERU<br \/>\nLast Friday, 9th of March, year 1 took part in a very surprising workshop: \u201cwe went on holidays to Peru\u201d. A classmate\u2019s mum visited our school to tell us wonderful aspects about her mother country: Peru.<br \/>\nShe showed to us nice pictures of the spectacular costal and inland landscapes. There are marvelous beaches and deserts in Peru. Besides, incredible animals live there peacefully, such as: penguins, seals, pelicans, amazing birds and the impressive condor.<br \/>\nWe really got astonished with the mysterious perfect shapes that can be seen in Nazca and how the former inhabitants practised brain surgery and mummified their relatives in the past.<\/p>\n<p style=\"text-align: center;\"><a href=\"https:\/\/www.flickr.com\/photos\/128696735@N03\/sets\/72157688742603150\/\"><img loading=\"lazy\" class=\"size-medium wp-image-1108 aligncenter\" src=\"https:\/\/cpsanjuandelacadena.educacion.navarra.es\/blogs\/ciclo1\/files\/2018\/03\/taller_peru_1\u00ba_05-300x169.jpg\" alt=\"\" width=\"300\" height=\"169\" srcset=\"https:\/\/cpsanjuandelacadena.educacion.navarra.es\/blogs\/ciclo1\/files\/2018\/03\/taller_peru_1\u00ba_05-300x169.jpg 300w, https:\/\/cpsanjuandelacadena.educacion.navarra.es\/blogs\/ciclo1\/files\/2018\/03\/taller_peru_1\u00ba_05-768x432.jpg 768w, https:\/\/cpsanjuandelacadena.educacion.navarra.es\/blogs\/ciclo1\/files\/2018\/03\/taller_peru_1\u00ba_05.jpg 800w\" sizes=\"(max-width: 300px) 100vw, 300px\" \/>Pincha para ver<\/a><\/p>\n","protected":false},"excerpt":{"rendered":"<p>El pasado viernes, 9 de marzo, el alumnado de 1\u00ba de Primaria particip\u00f3 en un taller muy especial ambientado en Per\u00fa. La madre de una compa\u00f1era nos cont\u00f3 un mont\u00f3n [&hellip;]<\/p>\n","protected":false},"author":22,"featured_media":1109,"comment_status":"closed","ping_status":"open","sticky":false,"template":"","format":"standard","meta":{"_links_to":"","_links_to_target":""},"categories":[39,42,44,29],"tags":[],"_links":{"self":[{"href":"https:\/\/cpsanjuandelacadena.educacion.navarra.es\/blogs\/ciclo1\/wp-json\/wp\/v2\/posts\/1107"}],"collection":[{"href":"https:\/\/cpsanjuandelacadena.educacion.navarra.es\/blogs\/ciclo1\/wp-json\/wp\/v2\/posts"}],"about":[{"href":"https:\/\/cpsanjuandelacadena.educacion.navarra.es\/blogs\/ciclo1\/wp-json\/wp\/v2\/types\/post"}],"author":[{"embeddable":true,"href":"https:\/\/cpsanjuandelacadena.educacion.navarra.es\/blogs\/ciclo1\/wp-json\/wp\/v2\/users\/22"}],"replies":[{"embeddable":true,"href":"https:\/\/cpsanjuandelacadena.educacion.navarra.es\/blogs\/ciclo1\/wp-json\/wp\/v2\/comments?post=1107"}],"version-history":[{"count":0,"href":"https:\/\/cpsanjuandelacadena.educacion.navarra.es\/blogs\/ciclo1\/wp-json\/wp\/v2\/posts\/1107\/revisions"}],"wp:featuredmedia":[{"embeddable":true,"href":"https:\/\/cpsanjuandelacadena.educacion.navarra.es\/blogs\/ciclo1\/wp-json\/wp\/v2\/media\/1109"}],"wp:attachment":[{"href":"https:\/\/cpsanjuandelacadena.educacion.navarra.es\/blogs\/ciclo1\/wp-json\/wp\/v2\/media?parent=1107"}],"wp:term":[{"taxonomy":"category","embeddable":true,"href":"https:\/\/cpsanjuandelacadena.educacion.navarra.es\/blogs\/ciclo1\/wp-json\/wp\/v2\/categories?post=1107"},{"taxonomy":"post_tag","embeddable":true,"href":"https:\/\/cpsanjuandelacadena.educacion.navarra.es\/blogs\/ciclo1\/wp-json\/wp\/v2\/tags?post=1107"}],"curies":[{"name":"wp","href":"https:\/\/api.w.org\/{rel}","templated":true}]}}