{"id":1067,"date":"2017-01-22T18:08:19","date_gmt":"2017-01-22T18:08:19","guid":{"rendered":"http:\/\/cpsanjuandelacadena.educacion.navarra.es\/blogs\/ciclo1\/?p=1067"},"modified":"2017-01-22T18:08:19","modified_gmt":"2017-01-22T18:08:19","slug":"animacion-a-la-lectura","status":"publish","type":"post","link":"https:\/\/cpsanjuandelacadena.educacion.navarra.es\/blogs\/ciclo1\/2017\/01\/22\/animacion-a-la-lectura\/","title":{"rendered":"ANIMACI\u00d3N A LA LECTURA"},"content":{"rendered":"<p>\u201cYo voy buscando el sol, lo encontrar\u00e9\u2026\u201d<\/p>\n<p>As\u00ed cantamos el pasado martes 17 de enero con la narradora oral\u00a0<strong>Susi Lillo<\/strong>, que vino a visitarnos al colegio con su maleta cargada de divertidas historias. Encendimos la luz de nuestra imaginaci\u00f3n y viajamos a \u00c1frica en busca del sol. Una vieja ara\u00f1a nos lo trajo e ilumin\u00f3 el escenario para nuevas aventuras de animales de este vasto y fecundo continente.<\/p>\n<p>Last Tuesday we sang these lines with the storyteller <strong>Susi Lillo. <\/strong>Shevisited our school with her suitcase full of stories. We turned the light of our imagination on and travelled to Africa to search for the sun. An old spider brought it to us and lit the stage for new animal adventures from this vast and fertile continent.<\/p>\n<p style=\"text-align: center;\"><a href=\"https:\/\/www.flickr.com\/photos\/128696735@N03\/sets\/72157677958029760\/\"><img loading=\"lazy\" class=\"size-thumbnail wp-image-1068 aligncenter\" src=\"https:\/\/cpsanjuandelacadena.educacion.navarra.es\/blogs\/ciclo1\/files\/2017\/01\/susi_lillo_2\u00ba_16-150x150.jpg\" alt=\"\" width=\"150\" height=\"150\" \/><\/a><\/p>\n<p style=\"text-align: center;\">pincha para ver<\/p>\n","protected":false},"excerpt":{"rendered":"<p>\u201cYo voy buscando el sol, lo encontrar\u00e9\u2026\u201d As\u00ed cantamos el pasado martes 17 de enero con la narradora oral\u00a0Susi Lillo, que vino a visitarnos al colegio con su maleta cargada [&hellip;]<\/p>\n","protected":false},"author":22,"featured_media":1068,"comment_status":"closed","ping_status":"open","sticky":false,"template":"","format":"standard","meta":{"_links_to":"","_links_to_target":""},"categories":[3,43],"tags":[],"_links":{"self":[{"href":"https:\/\/cpsanjuandelacadena.educacion.navarra.es\/blogs\/ciclo1\/wp-json\/wp\/v2\/posts\/1067"}],"collection":[{"href":"https:\/\/cpsanjuandelacadena.educacion.navarra.es\/blogs\/ciclo1\/wp-json\/wp\/v2\/posts"}],"about":[{"href":"https:\/\/cpsanjuandelacadena.educacion.navarra.es\/blogs\/ciclo1\/wp-json\/wp\/v2\/types\/post"}],"author":[{"embeddable":true,"href":"https:\/\/cpsanjuandelacadena.educacion.navarra.es\/blogs\/ciclo1\/wp-json\/wp\/v2\/users\/22"}],"replies":[{"embeddable":true,"href":"https:\/\/cpsanjuandelacadena.educacion.navarra.es\/blogs\/ciclo1\/wp-json\/wp\/v2\/comments?post=1067"}],"version-history":[{"count":0,"href":"https:\/\/cpsanjuandelacadena.educacion.navarra.es\/blogs\/ciclo1\/wp-json\/wp\/v2\/posts\/1067\/revisions"}],"wp:featuredmedia":[{"embeddable":true,"href":"https:\/\/cpsanjuandelacadena.educacion.navarra.es\/blogs\/ciclo1\/wp-json\/wp\/v2\/media\/1068"}],"wp:attachment":[{"href":"https:\/\/cpsanjuandelacadena.educacion.navarra.es\/blogs\/ciclo1\/wp-json\/wp\/v2\/media?parent=1067"}],"wp:term":[{"taxonomy":"category","embeddable":true,"href":"https:\/\/cpsanjuandelacadena.educacion.navarra.es\/blogs\/ciclo1\/wp-json\/wp\/v2\/categories?post=1067"},{"taxonomy":"post_tag","embeddable":true,"href":"https:\/\/cpsanjuandelacadena.educacion.navarra.es\/blogs\/ciclo1\/wp-json\/wp\/v2\/tags?post=1067"}],"curies":[{"name":"wp","href":"https:\/\/api.w.org\/{rel}","templated":true}]}}